{"id":10913,"date":"2015-04-29T11:39:57","date_gmt":"2015-04-29T09:39:57","guid":{"rendered":"http:\/\/www.biosphaere-alb.com\/wordpress\/?p=10913"},"modified":"2015-04-29T11:46:43","modified_gmt":"2015-04-29T09:46:43","slug":"marketinginitiative-die-junge-donau","status":"publish","type":"post","link":"https:\/\/www.biosphaere-alb.com\/wordpress\/?p=10913","title":{"rendered":"Marketinginitiative \u201eDie junge Donau\u201c"},"content":{"rendered":"<p>Um die Donau national und auch international noch bekannter zu machen und st\u00e4rker zu vermarkten wurde das Projekt \u201eDie junge Donau\u201c auf den Weg gebracht;\u00a0in Zusammenarbeit mit <!--more-->der Deutschen Zentrale f\u00fcr Tourismus (DZT), den beiden Landesmarketingorganisationen von Bayern (ByTM) und Baden-W\u00fcrttemberg (TMBW) sowie einigen Donauanrainern (St\u00e4dte, Gemeinden, Landkreise).<\/p>\n<p><img loading=\"lazy\" decoding=\"async\" class=\"alignnone size-full wp-image-7068\" alt=\"Donauberg_3BFW2215\" src=\"https:\/\/www.biosphaere-alb.com\/wordpress\/wp-content\/uploads\/2013\/01\/Donauberg_3BFW2215.jpg\" width=\"320\" height=\"213\" srcset=\"https:\/\/www.biosphaere-alb.com\/wordpress\/wp-content\/uploads\/2013\/01\/Donauberg_3BFW2215.jpg 320w, https:\/\/www.biosphaere-alb.com\/wordpress\/wp-content\/uploads\/2013\/01\/Donauberg_3BFW2215-160x106.jpg 160w, https:\/\/www.biosphaere-alb.com\/wordpress\/wp-content\/uploads\/2013\/01\/Donauberg_3BFW2215-140x93.jpg 140w\" sizes=\"auto, (max-width: 320px) 100vw, 320px\" \/><\/p>\n<p>Auch der Alb-Donau-Kreis sowie die St\u00e4dte Blaubeuren, Ehingen und Ulm sind an dem Projekt beteiligt. Auf der neuen Internetseite <a href=\"http:\/\/www.die-junge-donau.de\" target=\"_blank\">www.die-junge-donau.de<\/a> werden die Orte und Regionen vorgestellt und ihre vielf\u00e4ltigen Angebote pr\u00e4sentiert.<\/p>\n<p>Offizieller Start war am 21. April 2015 mit einer Pressekonferenz im Ulmer Schw\u00f6rhaus an der rund 25 Medienvertreter teilgenommen haben.<\/p>\n<p>In n\u00e4chster Zeit folgen gezielte Marketingaktionen im In- und Ausland.<\/p>\n","protected":false},"excerpt":{"rendered":"<p>Um die Donau national und auch international noch bekannter zu machen und st\u00e4rker zu vermarkten wurde das Projekt \u201eDie junge Donau\u201c auf den Weg gebracht;\u00a0in Zusammenarbeit mit<\/p>\n","protected":false},"author":2,"featured_media":7068,"comment_status":"closed","ping_status":"closed","sticky":false,"template":"","format":"standard","meta":{"footnotes":""},"categories":[1],"tags":[],"class_list":["post-10913","post","type-post","status-publish","format-standard","has-post-thumbnail","hentry","category-allgemein"],"_links":{"self":[{"href":"https:\/\/www.biosphaere-alb.com\/wordpress\/index.php?rest_route=\/wp\/v2\/posts\/10913","targetHints":{"allow":["GET"]}}],"collection":[{"href":"https:\/\/www.biosphaere-alb.com\/wordpress\/index.php?rest_route=\/wp\/v2\/posts"}],"about":[{"href":"https:\/\/www.biosphaere-alb.com\/wordpress\/index.php?rest_route=\/wp\/v2\/types\/post"}],"author":[{"embeddable":true,"href":"https:\/\/www.biosphaere-alb.com\/wordpress\/index.php?rest_route=\/wp\/v2\/users\/2"}],"replies":[{"embeddable":true,"href":"https:\/\/www.biosphaere-alb.com\/wordpress\/index.php?rest_route=%2Fwp%2Fv2%2Fcomments&post=10913"}],"version-history":[{"count":4,"href":"https:\/\/www.biosphaere-alb.com\/wordpress\/index.php?rest_route=\/wp\/v2\/posts\/10913\/revisions"}],"predecessor-version":[{"id":10917,"href":"https:\/\/www.biosphaere-alb.com\/wordpress\/index.php?rest_route=\/wp\/v2\/posts\/10913\/revisions\/10917"}],"wp:featuredmedia":[{"embeddable":true,"href":"https:\/\/www.biosphaere-alb.com\/wordpress\/index.php?rest_route=\/wp\/v2\/media\/7068"}],"wp:attachment":[{"href":"https:\/\/www.biosphaere-alb.com\/wordpress\/index.php?rest_route=%2Fwp%2Fv2%2Fmedia&parent=10913"}],"wp:term":[{"taxonomy":"category","embeddable":true,"href":"https:\/\/www.biosphaere-alb.com\/wordpress\/index.php?rest_route=%2Fwp%2Fv2%2Fcategories&post=10913"},{"taxonomy":"post_tag","embeddable":true,"href":"https:\/\/www.biosphaere-alb.com\/wordpress\/index.php?rest_route=%2Fwp%2Fv2%2Ftags&post=10913"}],"curies":[{"name":"wp","href":"https:\/\/api.w.org\/{rel}","templated":true}]}}