{"id":11032,"date":"2015-06-26T10:06:49","date_gmt":"2015-06-26T08:06:49","guid":{"rendered":"http:\/\/www.biosphaere-alb.com\/wordpress\/?p=11032"},"modified":"2015-06-25T10:21:14","modified_gmt":"2015-06-25T08:21:14","slug":"11032","status":"publish","type":"post","link":"https:\/\/www.biosphaere-alb.com\/wordpress\/?p=11032","title":{"rendered":"\u201eLaible und Frisch\u201d im Kino"},"content":{"rendered":"<p><em>Trailer zu \u201eLaible und Frisch: Da goht dr Doig\u201d l\u00e4uft ab 25. Juni \u00fcberall im Kino<\/em><\/p>\n<p>Nach zwei erfolgreichen TV-Staffeln im SWR Fernsehen mit zahlreichen Wiederholungen vor einem Millionenpublikum, einem fast immer ausverkauften Theaterst\u00fcck in der Stuttgarter \u201cKom\u00f6die im Marquardt\u201d und anschlie\u00dfender Theatertournee durch das L\u00e4ndle kommt \u201cLaible und Frisch\u201d nun auf die gro\u00dfe Leinwand.<!--more--><\/p>\n<p><img loading=\"lazy\" decoding=\"async\" class=\"alignnone size-full wp-image-11037\" alt=\"Laible_und-Frisch\" src=\"https:\/\/www.biosphaere-alb.com\/wordpress\/wp-content\/uploads\/2015\/06\/Laible_und-Frisch.jpg\" width=\"320\" height=\"213\" srcset=\"https:\/\/www.biosphaere-alb.com\/wordpress\/wp-content\/uploads\/2015\/06\/Laible_und-Frisch.jpg 320w, https:\/\/www.biosphaere-alb.com\/wordpress\/wp-content\/uploads\/2015\/06\/Laible_und-Frisch-160x106.jpg 160w, https:\/\/www.biosphaere-alb.com\/wordpress\/wp-content\/uploads\/2015\/06\/Laible_und-Frisch-150x99.jpg 150w\" sizes=\"auto, (max-width: 320px) 100vw, 320px\" \/><\/p>\n<p>Die Dettinger Produktionsfirma Schwabenlandfilm GmbH produziert in Zusammenarbeit mit dem Stuttgarter Verleih Kinostar die neuen Kinoabenteuer rund um den knitzen, schw\u00e4bischen B\u00e4cker Walter Laible und seinen cleveren, norddeutschen Gegenspieler Manfred Frisch.<\/p>\n<p>Die Hauptdarsteller der Originalserie Simon Licht (Manfred Frisch), Winfried Wagner (Walter Laible), Ulrike Barthruff (Marga Laible) und viele weitere sind auch beim Kinofilm dabei, ebenso wie die Sch\u00f6pfer der Serie Filmproduzent Frieder Scheiffele und Autor Sebastian Feld.<\/p>\n<p>\u201cEndlich k\u00f6nnen wir unseren Zuschauern neue Film-Geschichten ihrer hei\u00df geliebten B\u00e4ckerfamilien liefern.\u201c so Schwabenlandfilm-Gesch\u00e4ftsf\u00fchrer Frieder Scheiffele.<\/p>\n<p>\u201cDie gro\u00dfe Leinwand mit Cinescope-Bild und die Erz\u00e4hlm\u00f6glichkeiten des Kinos geben uns ganz neue Mittel die Geschichte von Walter Laible und Manfred Frisch fortzuf\u00fchren\u201d, f\u00fcgt Autor und Regisseur Sebastian Feld hinzu, &#8222;und dabei relevante, gesellschaftliche Themen rasant und humorvoll aufzubereiten\u201d<\/p>\n<p>Der Kinostart f\u00fcr \u201cLaible und Frisch: Da goht dr Doig\u201d ist f\u00fcr Dezember 2016 geplant. Um das Warten f\u00fcr alle Fans f\u00fcr alle Fans zu verk\u00fcrzen l\u00e4uft ab Donnerstag, 25. Juni der erste Trailer f\u00fcr den \u201cLaible und Frisch\u201d-Film \u00fcberall im Kino vor dem Film \u201cT\u00e4ter\u00e4t\u00e4\u00e4! Die Kirche bleibt im Dorf 2\u201d. Au\u00dferdem startet in der Stuttgarter \u201eKom\u00f6die im Marquardt\u201c ab November 2015 das neue \u201eLaible und Frisch\u201c-Theaterst\u00fcck \u201eGut geklaut ist halb gebacken\u201c. Unter www.laible-und-frisch.de ist der Trailer \u201eDo goht dr Doig\u201c dann ebenfalls zu sehen.<\/p>\n<p>\u201cWir sind begeistert die neuen Abenteuer der B\u00e4ckerfamilien Laible und Frisch ins Kino bringen zu k\u00f6nnen\u201d, so Kinostar-Gesch\u00e4ftsf\u00fchrer Michael Roesch, \u201cder Trailer gibt einen sch\u00f6nen Vorgeschmack auf den Film, und zeigt wunderbar dass bei uns in Baden-W\u00fcrttemberg gro\u00dfartige Unterhaltung produziert wird.&#8220;<\/p>\n<p><span style=\"color: #ff6600;\"><a href=\"http:\/\/www.laible-und-frisch.de\" target=\"_blank\"><span style=\"color: #ff6600;\"><strong>www.laible-und-frisch.de<\/strong><\/span><\/a><\/span><\/p>\n","protected":false},"excerpt":{"rendered":"<p>Trailer zu \u201eLaible und Frisch: Da goht dr Doig\u201d l\u00e4uft ab 25. Juni \u00fcberall im Kino Nach zwei erfolgreichen TV-Staffeln im SWR Fernsehen mit zahlreichen Wiederholungen vor einem Millionenpublikum, einem fast immer ausverkauften Theaterst\u00fcck in der Stuttgarter \u201cKom\u00f6die im Marquardt\u201d und anschlie\u00dfender Theatertournee durch das L\u00e4ndle kommt \u201cLaible und Frisch\u201d nun auf die gro\u00dfe Leinwand.<\/p>\n","protected":false},"author":2,"featured_media":11037,"comment_status":"closed","ping_status":"closed","sticky":false,"template":"","format":"standard","meta":{"footnotes":""},"categories":[1],"tags":[],"class_list":["post-11032","post","type-post","status-publish","format-standard","has-post-thumbnail","hentry","category-allgemein"],"_links":{"self":[{"href":"https:\/\/www.biosphaere-alb.com\/wordpress\/index.php?rest_route=\/wp\/v2\/posts\/11032","targetHints":{"allow":["GET"]}}],"collection":[{"href":"https:\/\/www.biosphaere-alb.com\/wordpress\/index.php?rest_route=\/wp\/v2\/posts"}],"about":[{"href":"https:\/\/www.biosphaere-alb.com\/wordpress\/index.php?rest_route=\/wp\/v2\/types\/post"}],"author":[{"embeddable":true,"href":"https:\/\/www.biosphaere-alb.com\/wordpress\/index.php?rest_route=\/wp\/v2\/users\/2"}],"replies":[{"embeddable":true,"href":"https:\/\/www.biosphaere-alb.com\/wordpress\/index.php?rest_route=%2Fwp%2Fv2%2Fcomments&post=11032"}],"version-history":[{"count":4,"href":"https:\/\/www.biosphaere-alb.com\/wordpress\/index.php?rest_route=\/wp\/v2\/posts\/11032\/revisions"}],"predecessor-version":[{"id":11042,"href":"https:\/\/www.biosphaere-alb.com\/wordpress\/index.php?rest_route=\/wp\/v2\/posts\/11032\/revisions\/11042"}],"wp:featuredmedia":[{"embeddable":true,"href":"https:\/\/www.biosphaere-alb.com\/wordpress\/index.php?rest_route=\/wp\/v2\/media\/11037"}],"wp:attachment":[{"href":"https:\/\/www.biosphaere-alb.com\/wordpress\/index.php?rest_route=%2Fwp%2Fv2%2Fmedia&parent=11032"}],"wp:term":[{"taxonomy":"category","embeddable":true,"href":"https:\/\/www.biosphaere-alb.com\/wordpress\/index.php?rest_route=%2Fwp%2Fv2%2Fcategories&post=11032"},{"taxonomy":"post_tag","embeddable":true,"href":"https:\/\/www.biosphaere-alb.com\/wordpress\/index.php?rest_route=%2Fwp%2Fv2%2Ftags&post=11032"}],"curies":[{"name":"wp","href":"https:\/\/api.w.org\/{rel}","templated":true}]}}