{"id":11279,"date":"2016-01-07T08:00:14","date_gmt":"2016-01-07T07:00:14","guid":{"rendered":"http:\/\/www.biosphaere-alb.com\/wordpress\/?p=11279"},"modified":"2021-04-15T07:42:26","modified_gmt":"2021-04-15T05:42:26","slug":"gps-urlaubsinfo-muensingen","status":"publish","type":"post","link":"https:\/\/www.biosphaere-alb.com\/wordpress\/?p=11279","title":{"rendered":"GPS-Urlaubsinfo: M\u00fcnsingen"},"content":{"rendered":"<p><img loading=\"lazy\" decoding=\"async\" class=\"alignnone size-full wp-image-13170\" src=\"https:\/\/www.biosphaere-alb.com\/wordpress\/wp-content\/uploads\/2016\/01\/Muensingen_logo.jpg\" alt=\"Muensingen_logo\" width=\"640\" height=\"97\" srcset=\"https:\/\/www.biosphaere-alb.com\/wordpress\/wp-content\/uploads\/2016\/01\/Muensingen_logo.jpg 640w, https:\/\/www.biosphaere-alb.com\/wordpress\/wp-content\/uploads\/2016\/01\/Muensingen_logo-160x24.jpg 160w, https:\/\/www.biosphaere-alb.com\/wordpress\/wp-content\/uploads\/2016\/01\/Muensingen_logo-150x23.jpg 150w\" sizes=\"auto, (max-width: 640px) 100vw, 640px\" \/><\/p>\n<p><!--more-->\t\t<div id=\"maps-marker-pro-901cdd7b\" class=\"maps-marker-pro\" style=\"width: 100%;\">\n\t\t\t<div id=\"mmp-map-wrap-901cdd7b\" class=\"mmp-map-wrap\">\n\t\t\t\t\t\t\t\t\t<div id=\"mmp-panel-901cdd7b\" class=\"mmp-panel\"><\/div>\n\t\t\t\t\t\t\t\t<div id=\"mmp-map-901cdd7b\" class=\"mmp-map\" style=\"height: 400px;\"><\/div>\n\t\t\t\t\t\t\t<\/div>\n\t\t\t\t\t<\/div>\n\t\t<\/p>\n<p>Im Pulldown-Men\u00fc die Anzahl der anzuzeigenden GPS-Touren-Eintr\u00e4ge w\u00e4hlen <\/p>\n<div class=\"table-wrapper\"><span class=\"wp-table-reloaded-table-description-id-19 wp-table-reloaded-table-description\"><strong>Zahl der sichtbaren Tourenvorschl\u00e4ge im Pulldown-Men\u00fc einstellen<\/strong><\/span>\n\n<table id=\"wp-table-reloaded-id-19-no-1\" class=\"wp-table-reloaded wp-table-reloaded-id-19\">\n<thead>\n\t<tr class=\"row-1 odd\">\n\t\t<th class=\"column-1\">GPS-Top-Touren<\/th><th class=\"column-2\">Gemeindeportraits<\/th>\n\t<\/tr>\n<\/thead>\n<tbody>\n\t<tr class=\"row-2 even\">\n\t\t<td class=\"column-1\"><\/td><td class=\"column-2\"><\/td>\n\t<\/tr>\n\t<tr class=\"row-3 odd\">\n\t\t<td class=\"column-1\"><a href=\"https:\/\/www.biosphaere-alb.com\/wordpress\/?p=453\">Gruibingen - Lichtenstein (Fernwanderung): Albsteig (HW1)<\/a><\/td><td class=\"column-2\">M\u00fcnsingen: <a href=\"https:\/\/www.biosphaere-alb.com\/wordpress\/?p=11279\"> GPS-Urlaubsinfo<\/a> und <a href=\"https:\/\/www.biosphaere-alb.com\/wordpress\/?p=11299\"> GPS-Loipenkarte<\/a><\/td>\n\t<\/tr>\n\t<tr class=\"row-4 even\">\n\t\t<td class=\"column-1\"><a href=\"https:\/\/www.biosphaere-alb.com\/wordpress\/?p=465\">Achalm-Urspring (Fernwanderung): Von Nord nach S\u00fcd<\/a><\/td><td class=\"column-2\">Laichingen: <a href=\"https:\/\/www.biosphaere-alb.com\/wordpress\/?p=15106\"> GPS-Loipenkarte<\/a><\/td>\n\t<\/tr>\n\t<tr class=\"row-5 odd\">\n\t\t<td class=\"column-1\"><a href=\"https:\/\/www.biosphaere-alb.com\/wordpress\/?p=717\">Ehem. Truppen\u00fcbungsplatz: Alle offenen Wege<\/a><\/td><td class=\"column-2\">R\u00f6merstein: <a href=\"https:\/\/www.biosphaere-alb.com\/wordpress\/?p=8652\"> GPS-Urlaubsinfo<\/a> und <a href=\"https:\/\/www.biosphaere-alb.com\/wordpress\/?p=8611\"> GPS-Loipenkarte<\/a><\/td>\n\t<\/tr>\n\t<tr class=\"row-6 even\">\n\t\t<td class=\"column-1\"><a href=\"https:\/\/www.biosphaere-alb.com\/wordpress\/?p=7924\">Ehem. Truppen\u00fcbungsplatz: \u201eTour de SPH\u00c4RE\u201c<\/a><\/td><td class=\"column-2\">St. Johann: <a href=\"https:\/\/www.biosphaere-alb.com\/wordpress\/?p=8632\"> GPS-Urlaubsinfo<\/a><\/td>\n\t<\/tr>\n\t<tr class=\"row-7 odd\">\n\t\t<td class=\"column-1\"><a href=\"https:\/\/www.biosphaere-alb.com\/wordpress\/?p=5689\">Ehem. Truppen\u00fcbungsplatz: Drei Schneetouren<\/a><\/td><td class=\"column-2\">Westerheim: <a href=\"https:\/\/www.biosphaere-alb.com\/wordpress\/?p=13792\"> GPS-Loipenkarte<\/a><\/td>\n\t<\/tr>\n\t<tr class=\"row-8 even\">\n\t\t<td class=\"column-1\"><a href=\"https:\/\/www.biosphaere-alb.com\/wordpress\/?p=4384\">Mit dem<font color=\"ff0000\"> Mountainbike, Rennrad<\/font> oder Motorrad die Schw\u00e4bische Alb erfahren<\/a><\/td><td class=\"column-2\">Reutlingen: <a href=\"https:\/\/www.biosphaere-alb.com\/wordpress\/?p=8670\"> GPS-Urlaubsinfo<\/a><\/td>\n\t<\/tr>\n\t<tr class=\"row-9 odd\">\n\t\t<td class=\"column-1\"><\/td><td class=\"column-2\"><\/td>\n\t<\/tr>\n\t<tr class=\"row-10 even\">\n\t\t<td class=\"column-1\"><a href=\"https:\/\/www.biosphaere-alb.com\/wordpress\/?p=19342\">Die sch\u00f6nsten Albaufstiege<font color=\"ff0000\"> (Bike-Tour) <\/font><\/a><\/td><td class=\"column-2\"><\/td>\n\t<\/tr>\n\t<tr class=\"row-11 odd\">\n\t\t<td class=\"column-1\"><a href=\"https:\/\/www.biosphaere-alb.com\/wordpress\/?p=17105\">Albstadt: Gonso-Trail<font color=\"ff0000\"> (Bike-Tour) <\/font><\/a><\/td><td class=\"column-2\"><\/td>\n\t<\/tr>\n\t<tr class=\"row-12 even\">\n\t\t<td class=\"column-1\"><a href=\"https:\/\/www.biosphaere-alb.com\/wordpress\/?p=17954\">Albstadt: Singletrail Tour<font color=\"ff0000\"> (Bike-Tour) <\/font><\/a><\/td><td class=\"column-2\"><\/td>\n\t<\/tr>\n\t<tr class=\"row-13 odd\">\n\t\t<td class=\"column-1\"><a href=\"https:\/\/www.biosphaere-alb.com\/wordpress\/?p=18152\">Amstetten: Lonetal-Runde<font color=\"ff0000\"> (Bike-Tour) <\/font><\/a><\/td><td class=\"column-2\"><\/td>\n\t<\/tr>\n\t<tr class=\"row-14 even\">\n\t\t<td class=\"column-1\"><a href=\"https:\/\/www.biosphaere-alb.com\/wordpress\/?p=9639 \">Bad Boll: Sinneswandel \/ H\u00f6henweg<\/a><\/td><td class=\"column-2\"><\/td>\n\t<\/tr>\n\t<tr class=\"row-15 odd\">\n\t\t<td class=\"column-1\"><a href=\"https:\/\/www.biosphaere-alb.com\/wordpress\/?p=18704\">Bad Ditzenbach: L\u00f6wenpfad-H\u00f6henrunde<\/a><\/td><td class=\"column-2\"><\/td>\n\t<\/tr>\n\t<tr class=\"row-16 even\">\n\t\t<td class=\"column-1\"><a href=\"https:\/\/www.biosphaere-alb.com\/wordpress\/?p=7982\">Bad Ditzenbach \/ Filstal: Albtrauftrail<\/a><\/td><td class=\"column-2\"><\/td>\n\t<\/tr>\n\t<tr class=\"row-17 odd\">\n\t\t<td class=\"column-1\"><a href=\"https:\/\/www.biosphaere-alb.com\/wordpress\/?p=9810\">Bad Urach: Hanner Fels<\/a><\/td><td class=\"column-2\"><\/td>\n\t<\/tr>\n\t<tr class=\"row-18 even\">\n\t\t<td class=\"column-1\"><a href=\"https:\/\/www.biosphaere-alb.com\/wordpress\/?p=19715\">Bad Urach: Bauernkriegstour&nbsp;<font color=\"ff0000\"> (Bike-Tour) <\/font><\/a><\/td><td class=\"column-2\"><\/td>\n\t<\/tr>\n\t<tr class=\"row-19 odd\">\n\t\t<td class=\"column-1\"><a href=\"https:\/\/www.biosphaere-alb.com\/wordpress\/?p=506\">Bad Urach \/ Seeburg: Die Schatzinsel<\/a><\/td><td class=\"column-2\"><\/td>\n\t<\/tr>\n\t<tr class=\"row-20 even\">\n\t\t<td class=\"column-1\"><a href=\"https:\/\/www.biosphaere-alb.com\/wordpress\/?p=18152\">Bernstadt: Lonetal-Wanderung<\/a><\/td><td class=\"column-2\"><\/td>\n\t<\/tr>\n\t<tr class=\"row-21 odd\">\n\t\t<td class=\"column-1\"><a href=\"https:\/\/www.biosphaere-alb.com\/wordpress\/?p=17245\">Bissingen \/ Ochsenwang: hochgehadelt<\/a><\/td><td class=\"column-2\"><\/td>\n\t<\/tr>\n\t<tr class=\"row-22 even\">\n\t\t<td class=\"column-1\"><a href=\"https:\/\/www.biosphaere-alb.com\/wordpress\/?p=14654\">Blaubeuren: Felsenstieg<\/a><\/td><td class=\"column-2\"><\/td>\n\t<\/tr>\n\t<tr class=\"row-23 odd\">\n\t\t<td class=\"column-1\"><a href=\"https:\/\/www.biosphaere-alb.com\/wordpress\/?p=16364\">Blaustein: Trockentaelertour, Kleines Lautertal&nbsp;<font color=\"ff0000\"> (Bike-Tour) <\/font><\/a><\/td><td class=\"column-2\"><\/td>\n\t<\/tr>\n\t<tr class=\"row-24 even\">\n\t\t<td class=\"column-1\"><a href=\"https:\/\/www.biosphaere-alb.com\/wordpress\/?p=4668\">Dettingen-Erms: Calverb\u00fchl - H\u00f6llenl\u00f6cher<\/a><\/td><td class=\"column-2\"><\/td>\n\t<\/tr>\n\t<tr class=\"row-25 odd\">\n\t\t<td class=\"column-1\"><a href=\"https:\/\/www.biosphaere-alb.com\/wordpress\/?p=17127\">Ehingen: Oberschw\u00e4bisches H\u00fcgelland&nbsp;<font color=\"ff0000\"> (Bike-Tour) <\/font><\/a><\/td><td class=\"column-2\"><\/td>\n\t<\/tr>\n\t<tr class=\"row-26 even\">\n\t\t<td class=\"column-1\"><a href=\"https:\/\/www.biosphaere-alb.com\/wordpress\/?p=13567\">Ehingen: Bierwanderweg bei Nacht<\/a><\/td><td class=\"column-2\"><\/td>\n\t<\/tr>\n\t<tr class=\"row-27 odd\">\n\t\t<td class=\"column-1\"><a href=\"https:\/\/www.biosphaere-alb.com\/wordpress\/?p=503\">Ehingen-Erbstetten: Quer zum Lautertal<\/a><\/td><td class=\"column-2\"><\/td>\n\t<\/tr>\n\t<tr class=\"row-28 even\">\n\t\t<td class=\"column-1\"><a href=\"https:\/\/www.biosphaere-alb.com\/wordpress\/?p=3094\">Ehingen: Rund um Briel<\/a><\/td><td class=\"column-2\"><\/td>\n\t<\/tr>\n\t<tr class=\"row-29 odd\">\n\t\t<td class=\"column-1\"><a href=\"https:\/\/www.biosphaere-alb.com\/wordpress\/?p=19065\">Emeringen: Wassermarsch \u2013 zur Braunsel und Donau<\/a><\/td><td class=\"column-2\"><\/td>\n\t<\/tr>\n\t<tr class=\"row-30 even\">\n\t\t<td class=\"column-1\"><a href=\"https:\/\/www.biosphaere-alb.com\/wordpress\/?p=10999\">Geislingen: Albtraufg\u00e4nger \u2013 Runde Sache<\/a><\/td><td class=\"column-2\"><\/td>\n\t<\/tr>\n\t<tr class=\"row-31 odd\">\n\t\t<td class=\"column-1\"><a href=\"https:\/\/www.biosphaere-alb.com\/wordpress\/?p=19180\">Grabenstetten: 3 Touren am Heidengrabenzentrum<\/a><\/td><td class=\"column-2\"><\/td>\n\t<\/tr>\n\t<tr class=\"row-32 even\">\n\t\t<td class=\"column-1\"><a href=\"https:\/\/www.biosphaere-alb.com\/wordpress\/?p=12667\">Grabenstetten: Albrandtour<\/a><\/td><td class=\"column-2\"><\/td>\n\t<\/tr>\n\t<tr class=\"row-33 odd\">\n\t\t<td class=\"column-1\"><a href=\"https:\/\/www.biosphaere-alb.com\/wordpress\/?p=490\">Grabenstetten: Kelten am Heidengraben<\/a><\/td><td class=\"column-2\"><\/td>\n\t<\/tr>\n\t<tr class=\"row-34 even\">\n\t\t<td class=\"column-1\"><a href=\"https:\/\/www.biosphaere-alb.com\/wordpress\/?p=14652\">Hechingen-Schlatt: Kirchenk\u00f6pfletour<\/a><\/td><td class=\"column-2\"><\/td>\n\t<\/tr>\n\t<tr class=\"row-35 odd\">\n\t\t<td class=\"column-1\"><a href=\"https:\/\/www.biosphaere-alb.com\/wordpress\/?p=16388\">Hechingen-Stein: R\u00f6mertour<\/a><\/td><td class=\"column-2\"><\/td>\n\t<\/tr>\n\t<tr class=\"row-36 even\">\n\t\t<td class=\"column-1\"><a href=\"https:\/\/www.biosphaere-alb.com\/wordpress\/?p=15704\">Hayingen: hochgehlautert<\/a><\/td><td class=\"column-2\"><\/td>\n\t<\/tr>\n\t<tr class=\"row-37 odd\">\n\t\t<td class=\"column-1\"><a href=\"https:\/\/www.biosphaere-alb.com\/wordpress\/?p=2219\">Hayingen-Zwiefalten: Achtal - Wimser H\u00f6hle - Glastal<\/a><\/td><td class=\"column-2\"><\/td>\n\t<\/tr>\n\t<tr class=\"row-38 even\">\n\t\t<td class=\"column-1\"><a href=\"https:\/\/www.biosphaere-alb.com\/wordpress\/?p=19615\">Hohenstadt: Rund um die A8-Autobahn Alb-Steigen&nbsp;<font color=\"ff0000\"> (Bike-Tour) <\/font><\/a><\/td><td class=\"column-2\"><\/td>\n\t<\/tr>\n\t<tr class=\"row-39 odd\">\n\t\t<td class=\"column-1\"><a href=\"https:\/\/www.biosphaere-alb.com\/wordpress\/?p=12970\">Immendingen: Donauversinkung<\/a><\/td><td class=\"column-2\"><\/td>\n\t<\/tr>\n\t<tr class=\"row-40 even\">\n\t\t<td class=\"column-1\"><a href=\"https:\/\/www.biosphaere-alb.com\/wordpress\/?p=15106\">Laichingen: <font color=\"0000ff\"> Skilanglaufnetz <\/font><\/a><\/td><td class=\"column-2\"><\/td>\n\t<\/tr>\n\t<tr class=\"row-41 odd\">\n\t\t<td class=\"column-1\"><a href=\"https:\/\/www.biosphaere-alb.com\/wordpress\/?p=19340\">Laichingen: <font color=\"0000ff\"> Snowbike <\/font> von M\u00fcnsingen nach Laichingen&nbsp;<font color=\"ff0000\"> (Bike-Tour) <\/font><\/a><\/td><td class=\"column-2\"><\/td>\n\t<\/tr>\n\t<tr class=\"row-42 even\">\n\t\t<td class=\"column-1\"><a href=\"https:\/\/www.biosphaere-alb.com\/wordpress\/?p=16185\">Laichingen: Leinenwebertour&nbsp;<font color=\"ff0000\"> (E-Bike-Tour) <\/font><\/a><\/td><td class=\"column-2\"><\/td>\n\t<\/tr>\n\t<tr class=\"row-43 odd\">\n\t\t<td class=\"column-1\"><a href=\"https:\/\/www.biosphaere-alb.com\/wordpress\/?p=8047\">Lauterach: Tal ohne Fluss<\/a><\/td><td class=\"column-2\"><\/td>\n\t<\/tr>\n\t<tr class=\"row-44 even\">\n\t\t<td class=\"column-1\"><a href=\"https:\/\/www.biosphaere-alb.com\/wordpress\/?p=17557\">Lenninger Tal: Langesteige-Donntal<\/a><\/td><td class=\"column-2\"><\/td>\n\t<\/tr>\n\t<tr class=\"row-45 odd\">\n\t\t<td class=\"column-1\"><a href=\"https:\/\/www.biosphaere-alb.com\/wordpress\/?p=19932\">Lenninger Tal: Gutenberger Alpin-Trail<\/a><\/td><td class=\"column-2\"><\/td>\n\t<\/tr>\n\t<tr class=\"row-46 even\">\n\t\t<td class=\"column-1\"><a href=\"https:\/\/www.biosphaere-alb.com\/wordpress\/?p=11893\">Lenninger Tal: Gutenberger H\u00f6hle<\/a><\/td><td class=\"column-2\"><\/td>\n\t<\/tr>\n\t<tr class=\"row-47 odd\">\n\t\t<td class=\"column-1\"><a href=\"https:\/\/www.biosphaere-alb.com\/wordpress\/?p=11097\">Lenninger Tal: Hexensprung Owen<\/a><\/td><td class=\"column-2\"><\/td>\n\t<\/tr>\n\t<tr class=\"row-48 even\">\n\t\t<td class=\"column-1\"><a href=\"https:\/\/www.biosphaere-alb.com\/wordpress\/?p=4480\">Lenninger Tal: Streuobstland Owen<\/a><\/td><td class=\"column-2\"><\/td>\n\t<\/tr>\n\t<tr class=\"row-49 odd\">\n\t\t<td class=\"column-1\"><a href=\"https:\/\/www.biosphaere-alb.com\/wordpress\/?p=14995\">Lenninger Tal: Tobeltal Owen<\/a><\/td><td class=\"column-2\"><\/td>\n\t<\/tr>\n\t<tr class=\"row-50 even\">\n\t\t<td class=\"column-1\"><a href=\"https:\/\/www.biosphaere-alb.com\/wordpress\/?p=17114\">M\u00f6ssingen: Streuobsttouren&nbsp;<font color=\"ff0000\"> (Bike-Tour) <\/font><\/a><\/td><td class=\"column-2\"><\/td>\n\t<\/tr>\n\t<tr class=\"row-51 odd\">\n\t\t<td class=\"column-1\"><a href=\"https:\/\/www.biosphaere-alb.com\/wordpress\/?p=17122\">M\u00f6ssingen: Streuobst-Etappentour&nbsp;<font color=\"ff0000\"> (4-Tage-Bike-Tour) <\/font><\/a><\/td><td class=\"column-2\"><\/td>\n\t<\/tr>\n\t<tr class=\"row-52 even\">\n\t\t<td class=\"column-1\"><a href=\"https:\/\/www.biosphaere-alb.com\/wordpress\/?p=10400\">M\u00f6ssingen: 3-F\u00fcrstensteig<\/a><\/td><td class=\"column-2\"><\/td>\n\t<\/tr>\n\t<tr class=\"row-53 odd\">\n\t\t<td class=\"column-1\"><a href=\"https:\/\/www.biosphaere-alb.com\/wordpress\/?p=19340\">M\u00fcnsingen: <font color=\"0000ff\"> Snowbike <\/font> von M\u00fcnsingen nach Laichingen&nbsp;<font color=\"ff0000\"> (Bike-Tour) <\/font><\/a><\/td><td class=\"column-2\"><\/td>\n\t<\/tr>\n\t<tr class=\"row-54 even\">\n\t\t<td class=\"column-1\"><a href=\"https:\/\/www.biosphaere-alb.com\/wordpress\/?p=18460\">M\u00fcnsingen: Schw\u00f6rerHaus-Tour Nr. 6&nbsp;<font color=\"ff0000\"> (Bike-Tour) <\/font><\/a><\/td><td class=\"column-2\"><\/td>\n\t<\/tr>\n\t<tr class=\"row-55 odd\">\n\t\t<td class=\"column-1\"><a href=\"https:\/\/www.biosphaere-alb.com\/wordpress\/?p=17955\">M\u00fcnsingen: ALB-GOLD Tour Nr. 7&nbsp;<font color=\"ff0000\"> (Bike-Tour) <\/font><\/a><\/td><td class=\"column-2\"><\/td>\n\t<\/tr>\n\t<tr class=\"row-56 even\">\n\t\t<td class=\"column-1\"><a href=\"https:\/\/www.biosphaere-alb.com\/wordpress\/?p=17077\">M\u00fcnsingen: Schloss-Lichtenstein-Tour&nbsp;<font color=\"ff0000\"> (E-Bike-Tour) <\/font><\/a><\/td><td class=\"column-2\"><\/td>\n\t<\/tr>\n\t<tr class=\"row-57 odd\">\n\t\t<td class=\"column-1\"><a href=\"https:\/\/www.biosphaere-alb.com\/wordpress\/?p=16185\">M\u00fcnsingen: Leinenwebertour&nbsp;<font color=\"ff0000\"> (E-Bike-Tour) <\/font><\/a><\/td><td class=\"column-2\"><\/td>\n\t<\/tr>\n\t<tr class=\"row-58 even\">\n\t\t<td class=\"column-1\"><a href=\"https:\/\/www.biosphaere-alb.com\/wordpress\/?p=11601\">M\u00fcnsingen: Herrschaftszeit&nbsp;<font color=\"ff0000\"> (E-Bike-Tour) <\/font><\/a><\/td><td class=\"column-2\"><\/td>\n\t<\/tr>\n\t<tr class=\"row-59 odd\">\n\t\t<td class=\"column-1\"><a href=\"https:\/\/www.biosphaere-alb.com\/wordpress\/?p=14294\">M\u00fcnsingen: hochgehgrenzt<\/a><\/td><td class=\"column-2\"><\/td>\n\t<\/tr>\n\t<tr class=\"row-60 even\">\n\t\t<td class=\"column-1\"><a href=\"https:\/\/www.biosphaere-alb.com\/wordpress\/?p=11299\">M\u00fcnsingen: <font color=\"0000ff\"> Skilanglaufnetz <\/font><\/a><\/td><td class=\"column-2\"><\/td>\n\t<\/tr>\n\t<tr class=\"row-61 odd\">\n\t\t<td class=\"column-1\"><a href=\"https:\/\/www.biosphaere-alb.com\/wordpress\/?p=11694\">Pfullingen: Himmel &amp; Erde<\/a><\/td><td class=\"column-2\"><\/td>\n\t<\/tr>\n\t<tr class=\"row-62 even\">\n\t\t<td class=\"column-1\"><a href=\"https:\/\/www.biosphaere-alb.com\/wordpress\/?p=9846\">Pfullingen: Sagenweg Kernzone<\/a><\/td><td class=\"column-2\"><\/td>\n\t<\/tr>\n\t<tr class=\"row-63 odd\">\n\t\t<td class=\"column-1\"><a href=\"https:\/\/www.biosphaere-alb.com\/wordpress\/?p=8811\">Rechtenstein: Lebensader Wasser<\/a><\/td><td class=\"column-2\"><\/td>\n\t<\/tr>\n\t<tr class=\"row-64 even\">\n\t\t<td class=\"column-1\"><a href=\"https:\/\/www.biosphaere-alb.com\/wordpress\/?p=20326\">Reichenbach i. T\u00e4le (Hexensattel): Schlingerkurs<\/a><\/td><td class=\"column-2\"><\/td>\n\t<\/tr>\n\t<tr class=\"row-65 odd\">\n\t\t<td class=\"column-1\"><a href=\"https:\/\/www.biosphaere-alb.com\/wordpress\/?p=8709\">Reutlingen: G\u00f6nninger Seen<\/a><\/td><td class=\"column-2\"><\/td>\n\t<\/tr>\n\t<tr class=\"row-66 even\">\n\t\t<td class=\"column-1\"><a href=\"https:\/\/www.biosphaere-alb.com\/wordpress\/?p=8707\">Reutlingen: City-Runde<\/a><\/td><td class=\"column-2\"><\/td>\n\t<\/tr>\n\t<tr class=\"row-67 odd\">\n\t\t<td class=\"column-1\"><a href=\"https:\/\/www.biosphaere-alb.com\/wordpress\/?p=8708\">Reutlingen: Achalm-Trek<\/a><\/td><td class=\"column-2\"><\/td>\n\t<\/tr>\n\t<tr class=\"row-68 even\">\n\t\t<td class=\"column-1\"><a href=\"https:\/\/www.biosphaere-alb.com\/wordpress\/?p=17557\">R\u00f6merstein: Langesteige-Donntal<\/a><\/td><td class=\"column-2\"><\/td>\n\t<\/tr>\n\t<tr class=\"row-69 odd\">\n\t\t<td class=\"column-1\"><a href=\"https:\/\/www.biosphaere-alb.com\/wordpress\/?p=7971\">R\u00f6merstein: Abenteuer Kernzone<\/a><\/td><td class=\"column-2\"><\/td>\n\t<\/tr>\n\t<tr class=\"row-70 even\">\n\t\t<td class=\"column-1\"><a href=\"https:\/\/www.biosphaere-alb.com\/wordpress\/?p=8515\">R\u00f6merstein: Reise in die Vergangenheit<\/a><\/td><td class=\"column-2\"><\/td>\n\t<\/tr>\n\t<tr class=\"row-71 odd\">\n\t\t<td class=\"column-1\"><a href=\"https:\/\/www.biosphaere-alb.com\/wordpress\/?p=8689\">R\u00f6merstein: Familientour<\/a><\/td><td class=\"column-2\"><\/td>\n\t<\/tr>\n\t<tr class=\"row-72 even\">\n\t\t<td class=\"column-1\"><a href=\"https:\/\/www.biosphaere-alb.com\/wordpress\/?p=8611\">R\u00f6merstein: <font color=\"0000ff\"> Skilanglaufnetz <\/font><\/a><\/td><td class=\"column-2\"><\/td>\n\t<\/tr>\n\t<tr class=\"row-73 odd\">\n\t\t<td class=\"column-1\"><a href=\"https:\/\/www.biosphaere-alb.com\/wordpress\/?p=17036\">Schelklingen-H\u00fctten: Oberes Schmiechtal<\/a><\/td><td class=\"column-2\"><\/td>\n\t<\/tr>\n\t<tr class=\"row-74 even\">\n\t\t<td class=\"column-1\"><a href=\"https:\/\/www.biosphaere-alb.com\/wordpress\/?p=8331\">Schelklingen-Gundershofen: Talspinne<\/a><\/td><td class=\"column-2\"><\/td>\n\t<\/tr>\n\t<tr class=\"row-75 odd\">\n\t\t<td class=\"column-1\"><a href=\"https:\/\/www.biosphaere-alb.com\/wordpress\/?p=5509\">Sch\u00f6nbuch: Wildwald<\/a><\/td><td class=\"column-2\"><\/td>\n\t<\/tr>\n\t<tr class=\"row-76 even\">\n\t\t<td class=\"column-1\"><a href=\"https:\/\/www.biosphaere-alb.com\/wordpress\/?p=12400\">Sonnenb\u00fchl: Grenzg\u00e4ngerweg<\/a><\/td><td class=\"column-2\"><\/td>\n\t<\/tr>\n\t<tr class=\"row-77 odd\">\n\t\t<td class=\"column-1\"><a href=\"https:\/\/www.biosphaere-alb.com\/wordpress\/?p=15317\">Sonnenb\u00fchl: Klimaweg<\/a><\/td><td class=\"column-2\"><\/td>\n\t<\/tr>\n\t<tr class=\"row-78 even\">\n\t\t<td class=\"column-1\"><a href=\"https:\/\/www.biosphaere-alb.com\/wordpress\/?p=8742\">St. Johann: Alb-Kante<\/a><\/td><td class=\"column-2\"><\/td>\n\t<\/tr>\n\t<tr class=\"row-79 odd\">\n\t\t<td class=\"column-1\"><a href=\"https:\/\/www.biosphaere-alb.com\/wordpress\/?p=8743\">St. Johann: Radtour \u00fcbers Dach der Alb<\/a><\/td><td class=\"column-2\"><\/td>\n\t<\/tr>\n\t<tr class=\"row-80 even\">\n\t\t<td class=\"column-1\"><a href=\"https:\/\/www.biosphaere-alb.com\/wordpress\/?p=8744\">St. Johann: Im Wald \u00fcber die Alb<\/a><\/td><td class=\"column-2\"><\/td>\n\t<\/tr>\n\t<tr class=\"row-81 odd\">\n\t\t<td class=\"column-1\"><a href=\"https:\/\/www.biosphaere-alb.com\/wordpress\/?p=18604\">Trochtelfingen: T\u00e4lertour<font color=\"ff0000\"> (Bike-Tour) <\/font><\/a><\/td><td class=\"column-2\"><\/td>\n\t<\/tr>\n\t<tr class=\"row-82 even\">\n\t\t<td class=\"column-1\"><a href=\"https:\/\/www.biosphaere-alb.com\/wordpress\/?p=19976\">Weilheim: Tour de Albsteige (Lipo-Tour)<font color=\"ff0000\"> (Bike-Tour) <\/font><\/a><\/td><td class=\"column-2\"><\/td>\n\t<\/tr>\n\t<tr class=\"row-83 odd\">\n\t\t<td class=\"column-1\"><a href=\"https:\/\/www.biosphaere-alb.com\/wordpress\/?p=13142\">Weilheim: Drachentot (Limburg)<\/a><\/td><td class=\"column-2\"><\/td>\n\t<\/tr>\n\t<tr class=\"row-84 even\">\n\t\t<td class=\"column-1\"><a href=\"https:\/\/www.biosphaere-alb.com\/wordpress\/?p=13792\">Westerheim: <font color=\"0000ff\"> Skilanglaufnetz <\/font><\/a><\/td><td class=\"column-2\"><\/td>\n\t<\/tr>\n\t<tr class=\"row-85 odd\">\n\t\t<td class=\"column-1\"><a href=\"https:\/\/www.biosphaere-alb.com\/wordpress\/?p=12282\">Westerheim: Quell der Freude (Filsursprung)<\/a><\/td><td class=\"column-2\"><\/td>\n\t<\/tr>\n\t<tr class=\"row-86 even\">\n\t\t<td class=\"column-1\"><a href=\"https:\/\/www.biosphaere-alb.com\/wordpress\/?p=10999\">Wiesensteig: Albtraufg\u00e4nger \u2013 Runde Sache<\/a><\/td><td class=\"column-2\"><\/td>\n\t<\/tr>\n<\/tbody>\n<\/table>\n<\/div>\n<h3>&#8212;&#8212;&#8212;&#8212;&#8212;&#8212;&#8212;&#8212;&#8212;&#8212;&#8212;<\/h3>\n<p><img loading=\"lazy\" decoding=\"async\" src=\"https:\/\/www.biosphaere-alb.com\/Archiv\/media\/GPS_logo.gif\" alt=\"Podcast SPH\u00c4RE-Audio\" width=\"32\" height=\"30\" \/>\u00a0GPS-Touren M\u00fcnsingen<\/p>\n<blockquote><p><span style=\"color: #33cccc;\">Zum\u00a0<a style=\"color: #33cccc;\" href=\"https:\/\/www.biosphaere-alb.com\/wordpress\/?p=11299\">Skilanglauf-Loipennetz<\/a><\/span><\/p><\/blockquote>\n<p><em><span style=\"color: #993300;\"><strong>M\u00fcnsingen:<\/strong><\/span>\u00a0Im Zentrum des Biosph\u00e4rengebiets<\/em><\/p>\n<p><strong>Willkommen in M\u00fcnsingen \u2013 Nat\u00fcrlich mehr erleben\u2026<\/strong><\/p>\n<p><strong>Lassen Sie Ihre Seele einmal wieder so richtig tief durchatmen und sch\u00f6pfen Sie neue Kraft.\u00a0Hier in M\u00fcnsingen ist das m\u00f6glich, im UNESCO Geopark und UNESCO Biosph\u00e4rengebiet Schw\u00e4bische Alb, Sieger des Wettbewerbs Nachhaltige Tourismusdestinationen in Deutschland 2016\/2017.<\/strong><\/p>\n<h2 style=\"text-align: left;\"><img loading=\"lazy\" decoding=\"async\" class=\"alignnone size-full wp-image-13173\" src=\"https:\/\/www.biosphaere-alb.com\/wordpress\/wp-content\/uploads\/2016\/01\/Muensingen_Bahnhof.jpg\" alt=\"Muensingen_Bahnhof\" width=\"640\" height=\"425\" srcset=\"https:\/\/www.biosphaere-alb.com\/wordpress\/wp-content\/uploads\/2016\/01\/Muensingen_Bahnhof.jpg 640w, https:\/\/www.biosphaere-alb.com\/wordpress\/wp-content\/uploads\/2016\/01\/Muensingen_Bahnhof-160x106.jpg 160w, https:\/\/www.biosphaere-alb.com\/wordpress\/wp-content\/uploads\/2016\/01\/Muensingen_Bahnhof-482x320.jpg 482w, https:\/\/www.biosphaere-alb.com\/wordpress\/wp-content\/uploads\/2016\/01\/Muensingen_Bahnhof-150x100.jpg 150w\" sizes=\"auto, (max-width: 640px) 100vw, 640px\" \/><\/h2>\n<p>&nbsp;<\/p>\n<h3 style=\"text-align: left;\"><span style=\"color: #808000;\">M\u00fcnsingen Urlaubsinfo:<span style=\"color: #888888;\">\u00a0 Im Herzen des Biosph\u00e4rengebiets Schw\u00e4bische Alb<\/span><\/span><\/h3>\n<p><b>Genie\u00dfen Sie die Stille und die D\u00fcfte der Wacholderheiden auf unserem ehemaligen Truppen\u00fcbungsplatz, das Pl\u00e4tschern der Gro\u00dfen Lauter im Lautertal und die traumhaften Ausblicke von den H\u00fcgeln der Kuppenalb und unseren Burgen.<\/b><\/p>\n<p><img loading=\"lazy\" decoding=\"async\" class=\"size-medium wp-image-1738 alignleft\" src=\"https:\/\/www.biosphaere-alb.com\/wordpress\/wp-content\/uploads\/2011\/01\/truppenuebung_IMG_5293-160x106.jpg\" alt=\"truppenuebung_IMG_5293\" width=\"160\" height=\"106\" srcset=\"https:\/\/www.biosphaere-alb.com\/wordpress\/wp-content\/uploads\/2011\/01\/truppenuebung_IMG_5293-160x106.jpg 160w, https:\/\/www.biosphaere-alb.com\/wordpress\/wp-content\/uploads\/2011\/01\/truppenuebung_IMG_5293-140x93.jpg 140w, https:\/\/www.biosphaere-alb.com\/wordpress\/wp-content\/uploads\/2011\/01\/truppenuebung_IMG_5293.jpg 320w\" sizes=\"auto, (max-width: 160px) 100vw, 160px\" \/>Ob beim Wandern, Rad-, e-Bike-, Kanufahren oder beim Reiten im Sommer und auf Ski und Rodeln im Winter, diese M\u00f6glichkeiten unsere Natur aktiv zu erleben sind die besten Voraussetzungen f\u00fcr Ihr Urlaubsvergn\u00fcgen.<\/p>\n<p>&nbsp;<\/p>\n<p><img loading=\"lazy\" decoding=\"async\" class=\"alignnone wp-image-13169 size-full\" src=\"https:\/\/www.biosphaere-alb.com\/wordpress\/wp-content\/uploads\/2016\/01\/Muensingen_Lautertal.jpg\" alt=\"Muensingen_Lautertal\" width=\"640\" height=\"425\" srcset=\"https:\/\/www.biosphaere-alb.com\/wordpress\/wp-content\/uploads\/2016\/01\/Muensingen_Lautertal.jpg 640w, https:\/\/www.biosphaere-alb.com\/wordpress\/wp-content\/uploads\/2016\/01\/Muensingen_Lautertal-160x106.jpg 160w, https:\/\/www.biosphaere-alb.com\/wordpress\/wp-content\/uploads\/2016\/01\/Muensingen_Lautertal-482x320.jpg 482w, https:\/\/www.biosphaere-alb.com\/wordpress\/wp-content\/uploads\/2016\/01\/Muensingen_Lautertal-150x100.jpg 150w\" sizes=\"auto, (max-width: 640px) 100vw, 640px\" \/><\/p>\n<p>Die von den Alemannen gegr\u00fcndete Siedlung wurde 809 zum ersten Mal urkundlich erw\u00e4hnt. Im 14. Jahrhundert erhielt sie das Stadtrecht, wovon heute noch die Reste der Stadtmauer bei der Zehntscheuer oder auf dem B\u00fchl zeugen. Eine wichtige landesgeschichtliche Bedeutung erhielt die Stadt durch Abschluss des M\u00fcnsinger Vertrags im Jahre 1482, in welchem das in zwei Teile gespaltene W\u00fcrttemberg wieder vereint wurde. Die Herren von W\u00fcrttemberg waren in der Stadt \u00fcber Jahrhunderte durch das mittelalterliche Schloss pr\u00e4sent, in welchem sich heute das Stadtmuseum befindet. Kompetente Stadtf\u00fchrer bzw. Stadtf\u00fchrerinnen zeigen Ihnen die historisch bedeutsamen Pl\u00e4tze und Geb\u00e4ude in M\u00fcnsingens historischer Altstadt. Kinder lernen auf einem Rundgang die Stadt mit neuen Augen sehen und erleben ein St\u00fcck Vergangenheit. Es ist f\u00fcr jedermann etwas dabei.<\/p>\n<p>Zum Wandern und vor allem zum Radfahren l\u00e4dt der <a href=\"https:\/\/www.muensingen.com\/Ehemaliger-Truppenuebungsplatz-Muensingen\" target=\"_blank\" rel=\"noopener noreferrer\">ehemalige Truppen\u00fcbungsplatz<\/a> M\u00fcnsingen ein. Gute Ausblicke bieten die vier Aussichtst\u00fcrme des Schw\u00e4bischen Albvereins und spannende und erlebnisreiche Touren auf dem einmaligen Gel\u00e4nde bieten Ihnen die M\u00fcnsinger Tr\u00dcP-Guides an.<br \/>\nMit 25 Pedelecs, 11 Touren und rund 600 km beschilderten Touren im\u00a0Biosph\u00e4rengebiet Schw\u00e4bische Alb\u00a0entdecken Sie die wundersch\u00f6ne Kuppenlandschaft auf der Mittleren Schw\u00e4bischen Alb und lassen Sie sich durch das Bosch Nyon-System bequem navigieren. Die e-Bikes sind beim <a href=\"https:\/\/www.muensingen.com\/e-Bike\" target=\"_blank\" rel=\"noopener noreferrer\">Mobilit\u00e4tszentrum am M\u00fcnsinger Bahnhof<\/a> auszuleihen.<\/p>\n<p><img loading=\"lazy\" decoding=\"async\" class=\"alignnone size-full wp-image-13172\" src=\"https:\/\/www.biosphaere-alb.com\/wordpress\/wp-content\/uploads\/2016\/01\/Muensingen_Radverleih.jpg\" alt=\"Muensingen_Radverleih\" width=\"640\" height=\"964\" srcset=\"https:\/\/www.biosphaere-alb.com\/wordpress\/wp-content\/uploads\/2016\/01\/Muensingen_Radverleih.jpg 640w, https:\/\/www.biosphaere-alb.com\/wordpress\/wp-content\/uploads\/2016\/01\/Muensingen_Radverleih-106x160.jpg 106w, https:\/\/www.biosphaere-alb.com\/wordpress\/wp-content\/uploads\/2016\/01\/Muensingen_Radverleih-212x320.jpg 212w, https:\/\/www.biosphaere-alb.com\/wordpress\/wp-content\/uploads\/2016\/01\/Muensingen_Radverleih-510x768.jpg 510w, https:\/\/www.biosphaere-alb.com\/wordpress\/wp-content\/uploads\/2016\/01\/Muensingen_Radverleih-100x150.jpg 100w\" sizes=\"auto, (max-width: 640px) 100vw, 640px\" \/><\/p>\n<p>Und nach einem erlebnisreichen Tag laden in der Altstadt Caf\u00e9s, Restaurants und besondere Gesch\u00e4fte zum Verweilen, Entspannen und Bummeln ein. <a href=\"https:\/\/www.muensingen.com\/Media\/Gastronomie\" target=\"_blank\" rel=\"noopener noreferrer\">Diese finden Sie hier<\/a>.<\/p>\n<p>Die zahlreichen Burgruinen im <a href=\"https:\/\/www.muensingen.com\/Naturerlebnis-Grosses-Lautertal2\" target=\"_blank\" rel=\"noopener noreferrer\">Gro\u00dfen Lautertal<\/a> erz\u00e4hlen von l\u00e4ngst vergangenen Zeiten. Diese sind verbunden durch den Burgenweg des Schw\u00e4bischen Albvereins, welcher im Gro\u00dfen Lautertal parallel zum wundersch\u00f6nen Hauptwanderweg 5 verl\u00e4uft. Auf den Spuren der Geschichte k\u00f6nnen Sie auch in Buttenhausen wandeln. Der ausgeschilderte geschichtliche Rundgang f\u00fchrt Sie vom J\u00fcdischen Friedhof bis hin zum neu gestalteten J\u00fcdischen Museum \u00fcber das\u00a0Geburtshaus und der Erinnerungsst\u00e4tte an <a href=\"https:\/\/www.biosphaere-alb.com\/wordpress\/?p=2037\" target=\"_blank\" rel=\"noopener noreferrer\">Matthias Erzberger<\/a>, bedeutender Finanzminister in der Weimarer Republik und Unterzeichner des Waffenstillstandsvertrages im Jahr 1918. Das Stadtmuseum im M\u00fcnsinger Schloss entf\u00fchrt Sie in die bewegte Landes- und Stadtgeschichte.<\/p>\n<p>Im Sommerhalbjahr ist das historische Ensemble \u201e<a href=\"https:\/\/www.muensingen.com\/Media\/Attraktionen\/Schwaebische-Alb-Bahn\" target=\"_blank\" rel=\"noopener noreferrer\">M\u00fcnsinger Bahnhof<\/a>\u201c mit dem <a href=\"https:\/\/www.muensingen.com\/Media\/Attraktionen\/Muensinger-Bahnhof-Zentrum-fuer-Natur-Umwelt-und-Tourismus\" target=\"_blank\" rel=\"noopener noreferrer\">Zentrum f\u00fcr Natur,Umwelt und Tourismus<\/a> an Sonn- und Feiertagen ge\u00f6ffnet. Dort k\u00f6nnen Sie eine Reise in die Lebensr\u00e4ume der Schw\u00e4bischen Alb unternehmen und mehr \u00fcber Wacholderheiden, Dolinen oder die W\u00e4lder erfahren.<\/p>\n<p><img loading=\"lazy\" decoding=\"async\" class=\"alignleft size-medium wp-image-13171\" src=\"https:\/\/www.biosphaere-alb.com\/wordpress\/wp-content\/uploads\/2016\/01\/Bike_Rad-160x107.jpg\" alt=\"Bike_Rad\" width=\"160\" height=\"107\" srcset=\"https:\/\/www.biosphaere-alb.com\/wordpress\/wp-content\/uploads\/2016\/01\/Bike_Rad-160x107.jpg 160w, https:\/\/www.biosphaere-alb.com\/wordpress\/wp-content\/uploads\/2016\/01\/Bike_Rad-480x320.jpg 480w, https:\/\/www.biosphaere-alb.com\/wordpress\/wp-content\/uploads\/2016\/01\/Bike_Rad-150x100.jpg 150w, https:\/\/www.biosphaere-alb.com\/wordpress\/wp-content\/uploads\/2016\/01\/Bike_Rad.jpg 640w\" sizes=\"auto, (max-width: 160px) 100vw, 160px\" \/>Zwischen Bahnhof und Albklinik liegt auch der Kr\u00e4uterpfad, welcher \u00fcber heimische Heil- und Gew\u00fcrzkr\u00e4uter informiert. Am M\u00fcnsinger Bahnhof steigen Sie in die Z\u00fcge und Busse des Schw\u00e4bische Alb Freizeitnetzes ein. In den \u00a0Schienenbussen werden Ihre Fahrr\u00e4der kostenlos mitgenommen. Dies gilt auch f\u00fcr den Lautertal-Freizeit- und den <a href=\"https:\/\/www.muensingen.com\/Biosphaerengebiet-Schwaebische-Alb\/Biosphaerenbus\" target=\"_blank\" rel=\"noopener noreferrer\">Biosph\u00e4renbus<\/a>, die Sie m\u00fchelos die Anstiege der Alb \u00fcberwinden lassen.<\/p>\n<p><img loading=\"lazy\" decoding=\"async\" class=\"alignleft size-medium wp-image-1356\" src=\"https:\/\/www.biosphaere-alb.com\/wordpress\/wp-content\/uploads\/2010\/12\/biosphaerenbus_verkehr_rada-160x106.jpg\" alt=\"biosphaerenbus_verkehr_rada\" width=\"160\" height=\"106\" srcset=\"https:\/\/www.biosphaere-alb.com\/wordpress\/wp-content\/uploads\/2010\/12\/biosphaerenbus_verkehr_rada-160x106.jpg 160w, https:\/\/www.biosphaere-alb.com\/wordpress\/wp-content\/uploads\/2010\/12\/biosphaerenbus_verkehr_rada-140x93.jpg 140w, https:\/\/www.biosphaere-alb.com\/wordpress\/wp-content\/uploads\/2010\/12\/biosphaerenbus_verkehr_rada.jpg 320w\" sizes=\"auto, (max-width: 160px) 100vw, 160px\" \/>Wanderer sind ebenso herzlich willkommen. Der Fahrplan des Freizeitnetzes ist von Mai bis Oktober immer sonn- und feiertags g\u00fcltig. Vom 26. Juli bis zum 7. September 2018 ist der <a href=\"https:\/\/alb-bahn.com\/verkehr\/sommer-ferien-express\" target=\"_blank\" rel=\"noopener noreferrer\">Sommerferien-Express<\/a> in Verbindung mit dem <a href=\"https:\/\/www.muensingen.com\/Naturerlebnis-Grosses-Lautertal2\/Mobil-im-Lautertal-Lautertal-Freizeitbus\" target=\"_blank\" rel=\"noopener noreferrer\">Lautertal-Freizeit-Bus<\/a> von Mittwoch bis Freitag unterwegs. Zus\u00e4tzlich verkehren historische Dampfz\u00fcge ab M\u00fcnsingen,\u00a0was besonders im Winterhalbjahr ein faszinierendes Erlebnis ist.<\/p>\n<p>Sie haben Fragen oder w\u00fcnschen eine pers\u00f6nliche Beratung? Das <a href=\"https:\/\/www.muensingen.com\/Info-Service\/Ihre-Ansprechpartner\" target=\"_blank\" rel=\"noopener noreferrer\">Team der Touristik Information M\u00fcnsingen<\/a> ist gerne f\u00fcr Sie da:<\/p>\n<ul>\n<li>Telefon: 07381\/182-145<\/li>\n<li>Internet: <a href=\"https:\/\/www.muensingen.com\" target=\"_blank\" rel=\"noopener noreferrer\">www.muensingen.com<\/a><\/li>\n<\/ul>\n<p><iframe loading=\"lazy\" title=\"M\u00fcnsingen im Biosph\u00e4rengebiet Schw\u00e4bische Alb - Nat\u00fcrlich mehr erleben...\" width=\"500\" height=\"281\" src=\"https:\/\/www.youtube.com\/embed\/BFQAIDOr-JM?feature=oembed\" frameborder=\"0\" allow=\"accelerometer; autoplay; clipboard-write; encrypted-media; gyroscope; picture-in-picture\" allowfullscreen><\/iframe><\/p>\n<p><em><strong>\u00fcber 14500 Einwohner:<\/strong>\u00a014 Teilgemeinden: Apfelstetten, Auingen, Bichishausen, B\u00f6ttingen, Bremelau, Buttenhausen, Dottingen, D\u00fcrrenstetten, Gundelfingen, Hundersingen, Magolsheim, M\u00fcnsingen, Rietheim, Trailfingen<\/em><\/p>\n<p>&nbsp;<\/p>\n<blockquote>\n<h3><span style=\"color: #808000;\">M\u00fcnsinger Urlaubsinfo: <\/span><span style=\"color: #808080;\">Sehensw\u00fcrdigkeiten<\/span><\/h3>\n<ul>\n<li>M\u00fcnsingen-Auingen:\u00a0<a href=\"https:\/\/www.muensingen.com\/Biosphaerengebiet-Schwaebische-Alb\/Biosphaerenzentrum-Schwaebische-Alb\" target=\"_blank\" rel=\"noopener noreferrer\">Biosph\u00e4renzentrum Schw\u00e4bische Alb<\/a> mit interaktiver Ausstellung<\/li>\n<li>M\u00fcnsingen-Trailfingen: <a href=\"https:\/\/www.muensingen.com\/Ehemaliger-Truppenuebungsplatz-Muensingen\/Beobachtungstuerme\" target=\"_blank\" rel=\"noopener noreferrer\">Ehem. Truppen\u00fcbungsplatz<\/a> mit <a href=\"https:\/\/www.muensingen.com\/Ehemaliger-Truppenuebungsplatz-Muensingen\/Beobachtungstuerme\" target=\"_blank\" rel=\"noopener noreferrer\">Turm Hursch<\/a> (tolle Ausicht),<\/li>\n<li>Historische Ensemble \u201e<a href=\"https:\/\/www.muensingen.com\/Media\/Attraktionen\/Muensinger-Bahnhof-Zentrum-fuer-Natur-Umwelt-und-Tourismus\" target=\"_blank\" rel=\"noopener noreferrer\">M\u00fcnsinger Bahnhof<\/a>\u201c<\/li>\n<li>Burgenweg des Schw\u00e4bischen Albvereins im Gro\u00dfen Lautertal<\/li>\n<li>M\u00fcnsingen-Buttenhausen: Erinnerungsst\u00e4tte an <a href=\"https:\/\/www.biosphaere-alb.com\/wordpress\/?p=2037\" target=\"_blank\" rel=\"noopener noreferrer\">Matthias Erzberger<\/a><\/li>\n<li><a href=\"https:\/\/www.muensingen.com\/Muensingen\/Sehenswuerdigkeiten-und-Veranstaltungen\/Museen\/Stadtmuseum-im-Schloss\" target=\"_blank\" rel=\"noopener noreferrer\">Stadtmuseum<\/a> im M\u00fcnsinger Schloss<\/li>\n<li><a href=\" https:\/\/www.biosphaere-alb.com\/wordpress\/?p=11299\"><span style=\"color: #33cccc;\">Gro\u00dfes Loipennetz und attraktive Skilifte<\/span><\/a><\/li>\n<\/ul>\n<p><strong>Ausflugstipps<\/strong><\/p>\n<ul>\n<li><img loading=\"lazy\" decoding=\"async\" class=\"alignright size-medium wp-image-4986\" title=\"gruorn_3BFW8721\" src=\"https:\/\/www.biosphaere-alb.com\/wordpress\/wp-content\/uploads\/2012\/03\/gruorn_3BFW8721-160x106.jpg\" alt=\"\" width=\"160\" height=\"106\" srcset=\"https:\/\/www.biosphaere-alb.com\/wordpress\/wp-content\/uploads\/2012\/03\/gruorn_3BFW8721-160x106.jpg 160w, https:\/\/www.biosphaere-alb.com\/wordpress\/wp-content\/uploads\/2012\/03\/gruorn_3BFW8721-140x93.jpg 140w, https:\/\/www.biosphaere-alb.com\/wordpress\/wp-content\/uploads\/2012\/03\/gruorn_3BFW8721.jpg 320w\" sizes=\"auto, (max-width: 160px) 100vw, 160px\" \/>Gruorn auf dem ehemaligen Truppen\u00fcbungsplatz, Thermalbad in Bad Urach, Haupt- und Landesgest\u00fct Marbach, Rad und Wandern im Gro\u00dfen Lautertal<\/li>\n<\/ul>\n<\/blockquote>\n<h3><\/h3>\n<h3><img loading=\"lazy\" decoding=\"async\" src=\"https:\/\/www.biosphaere-alb.com\/Archiv\/media\/GPS_logo.gif\" alt=\"Podcast SPH\u00c4RE-Audio\" width=\"32\" height=\"30\" \/>\u00a0<span style=\"color: #808000;\">GPS-Touren M\u00fcnsingen<\/span><\/h3>\n<ul>\n<li><a href=\" https:\/\/www.biosphaere-alb.com\/wordpress\/?p=11299\"><span style=\"color: #33cccc;\">Gro\u00dfes Skilanglauf-Loipennetz<\/span><\/a><\/li>\n<\/ul>\n<p>&nbsp;<\/p>\n<p><img loading=\"lazy\" decoding=\"async\" class=\"alignleft\" src=\"https:\/\/www.biosphaere-alb.com\/interaktive_karte\/media\/media_roemerstein\/foto_roemerstein_winter_ski\/84FB8564.jpg\" alt=\"60 Kilometer Skilanglaufloipen\" width=\"160\" height=\"107\" \/><span style=\"color: #33cccc;\"><strong><a href=\" https:\/\/www.biosphaere-alb.com\/wordpress\/?p=11299\"><span style=\"color: #33cccc;\">1.) Acht Loipen erschlie\u00dfen M\u00fcnsingens Winterwelt:<\/span><\/a><\/strong> <\/span><\/p>\n<p>Rund um M\u00fcnsingen gibt es sowohl Genussloipen f\u00fcr Wanderskil\u00e4ufer als auch stark profilierte Spuren, die ambitionierte Skisportler bis ans Limit fordern. <span style=\"color: #33cccc;\"><a href=\" https:\/\/www.biosphaere-alb.com\/wordpress\/?p=11299\"><span style=\"color: #33cccc;\">Mehr Info &amp; Download: Langlaufloipen &gt;&gt;<\/span><\/a><\/span><\/p>\n<p>&#8212;&#8212;&#8212;&#8212;&#8212;&#8212;&#8212;&#8212;&#8212;-<\/p>\n<p><span style=\"color: #ff6600;\"><strong>SPH\u00c4RE-Diashow<\/strong><\/span><\/p>\n<p>Erleben Sie die Schw\u00e4bische Alb kompakt. Rund um M\u00fcnsingen erleben Sie im Zeitraffer den Wechsel der urigen Landschaftsbilder der Alb. Tiefe Schluchten und T\u00e4ler, liebliche Ortschaften, karge H\u00f6henr\u00fccken und dichte Buchenw\u00e4lder. Nach einem Besuch M\u00fcnsingens wissen Sie mehr von der Alb.<\/p>\n<div id='gallery-1' class='gallery galleryid-11279 gallery-columns-3 gallery-size-thumbnail'><dl class='gallery-item'>\n\t\t\t<dt class='gallery-icon landscape'>\n\t\t\t\t<img loading=\"lazy\" decoding=\"async\" width=\"150\" height=\"150\" src=\"https:\/\/www.biosphaere-alb.com\/wordpress\/wp-content\/uploads\/2015\/12\/Muensingen_84FB3775-150x150.jpg\" class=\"attachment-thumbnail size-thumbnail\" alt=\"\" aria-describedby=\"gallery-1-11285\" srcset=\"https:\/\/www.biosphaere-alb.com\/wordpress\/wp-content\/uploads\/2015\/12\/Muensingen_84FB3775-150x150.jpg 150w, https:\/\/www.biosphaere-alb.com\/wordpress\/wp-content\/uploads\/2015\/12\/Muensingen_84FB3775-92x92.jpg 92w\" sizes=\"auto, (max-width: 150px) 100vw, 150px\" \/>\n\t\t\t<\/dt>\n\t\t\t\t<dd class='wp-caption-text gallery-caption' id='gallery-1-11285'>\n\t\t\t\tMarktplatz\n\t\t\t\t<\/dd><\/dl><dl class='gallery-item'>\n\t\t\t<dt class='gallery-icon landscape'>\n\t\t\t\t<img loading=\"lazy\" decoding=\"async\" width=\"150\" height=\"150\" src=\"https:\/\/www.biosphaere-alb.com\/wordpress\/wp-content\/uploads\/2015\/12\/Muensingen_bahnhof_IMG_5915-150x150.jpg\" class=\"attachment-thumbnail size-thumbnail\" alt=\"\" aria-describedby=\"gallery-1-11287\" srcset=\"https:\/\/www.biosphaere-alb.com\/wordpress\/wp-content\/uploads\/2015\/12\/Muensingen_bahnhof_IMG_5915-150x150.jpg 150w, https:\/\/www.biosphaere-alb.com\/wordpress\/wp-content\/uploads\/2015\/12\/Muensingen_bahnhof_IMG_5915-92x92.jpg 92w\" sizes=\"auto, (max-width: 150px) 100vw, 150px\" \/>\n\t\t\t<\/dt>\n\t\t\t\t<dd class='wp-caption-text gallery-caption' id='gallery-1-11287'>\n\t\t\t\tBahnhof\n\t\t\t\t<\/dd><\/dl><dl class='gallery-item'>\n\t\t\t<dt class='gallery-icon landscape'>\n\t\t\t\t<img loading=\"lazy\" decoding=\"async\" width=\"150\" height=\"150\" src=\"https:\/\/www.biosphaere-alb.com\/wordpress\/wp-content\/uploads\/2015\/12\/Muensingen_IMG_6673-150x150.jpg\" class=\"attachment-thumbnail size-thumbnail\" alt=\"\" aria-describedby=\"gallery-1-11288\" srcset=\"https:\/\/www.biosphaere-alb.com\/wordpress\/wp-content\/uploads\/2015\/12\/Muensingen_IMG_6673-150x150.jpg 150w, https:\/\/www.biosphaere-alb.com\/wordpress\/wp-content\/uploads\/2015\/12\/Muensingen_IMG_6673-92x92.jpg 92w\" sizes=\"auto, (max-width: 150px) 100vw, 150px\" \/>\n\t\t\t<\/dt>\n\t\t\t\t<dd class='wp-caption-text gallery-caption' id='gallery-1-11288'>\n\t\t\t\tHistorische Altstadt\n\t\t\t\t<\/dd><\/dl><br style=\"clear: both\" \/><dl class='gallery-item'>\n\t\t\t<dt class='gallery-icon landscape'>\n\t\t\t\t<img loading=\"lazy\" decoding=\"async\" width=\"150\" height=\"150\" src=\"https:\/\/www.biosphaere-alb.com\/wordpress\/wp-content\/uploads\/2015\/12\/Muensingen_zehntscheuer_84FB3714-150x150.jpg\" class=\"attachment-thumbnail size-thumbnail\" alt=\"\" aria-describedby=\"gallery-1-11294\" srcset=\"https:\/\/www.biosphaere-alb.com\/wordpress\/wp-content\/uploads\/2015\/12\/Muensingen_zehntscheuer_84FB3714-150x150.jpg 150w, https:\/\/www.biosphaere-alb.com\/wordpress\/wp-content\/uploads\/2015\/12\/Muensingen_zehntscheuer_84FB3714-92x92.jpg 92w\" sizes=\"auto, (max-width: 150px) 100vw, 150px\" \/>\n\t\t\t<\/dt>\n\t\t\t\t<dd class='wp-caption-text gallery-caption' id='gallery-1-11294'>\n\t\t\t\tZehntscheuer\n\t\t\t\t<\/dd><\/dl><dl class='gallery-item'>\n\t\t\t<dt class='gallery-icon landscape'>\n\t\t\t\t<img loading=\"lazy\" decoding=\"async\" width=\"150\" height=\"150\" src=\"https:\/\/www.biosphaere-alb.com\/wordpress\/wp-content\/uploads\/2015\/12\/Muensingen_schwimmbad_wasser_84FB5394-150x150.jpg\" class=\"attachment-thumbnail size-thumbnail\" alt=\"\" aria-describedby=\"gallery-1-11293\" srcset=\"https:\/\/www.biosphaere-alb.com\/wordpress\/wp-content\/uploads\/2015\/12\/Muensingen_schwimmbad_wasser_84FB5394-150x150.jpg 150w, https:\/\/www.biosphaere-alb.com\/wordpress\/wp-content\/uploads\/2015\/12\/Muensingen_schwimmbad_wasser_84FB5394-92x92.jpg 92w\" sizes=\"auto, (max-width: 150px) 100vw, 150px\" \/>\n\t\t\t<\/dt>\n\t\t\t\t<dd class='wp-caption-text gallery-caption' id='gallery-1-11293'>\n\t\t\t\tFreibad\n\t\t\t\t<\/dd><\/dl><dl class='gallery-item'>\n\t\t\t<dt class='gallery-icon landscape'>\n\t\t\t\t<img loading=\"lazy\" decoding=\"async\" width=\"150\" height=\"150\" src=\"https:\/\/www.biosphaere-alb.com\/wordpress\/wp-content\/uploads\/2015\/12\/Muensingen_lautertal_84FB3919-150x150.jpg\" class=\"attachment-thumbnail size-thumbnail\" alt=\"\" aria-describedby=\"gallery-1-11289\" srcset=\"https:\/\/www.biosphaere-alb.com\/wordpress\/wp-content\/uploads\/2015\/12\/Muensingen_lautertal_84FB3919-150x150.jpg 150w, https:\/\/www.biosphaere-alb.com\/wordpress\/wp-content\/uploads\/2015\/12\/Muensingen_lautertal_84FB3919-92x92.jpg 92w\" sizes=\"auto, (max-width: 150px) 100vw, 150px\" \/>\n\t\t\t<\/dt>\n\t\t\t\t<dd class='wp-caption-text gallery-caption' id='gallery-1-11289'>\n\t\t\t\tWandern entlang der Lauter\n\t\t\t\t<\/dd><\/dl><br style=\"clear: both\" \/><dl class='gallery-item'>\n\t\t\t<dt class='gallery-icon landscape'>\n\t\t\t\t<img loading=\"lazy\" decoding=\"async\" width=\"150\" height=\"150\" src=\"https:\/\/www.biosphaere-alb.com\/wordpress\/wp-content\/uploads\/2013\/04\/Lautertal_84FB9985-150x150.jpg\" class=\"attachment-thumbnail size-thumbnail\" alt=\"\" aria-describedby=\"gallery-1-9550\" srcset=\"https:\/\/www.biosphaere-alb.com\/wordpress\/wp-content\/uploads\/2013\/04\/Lautertal_84FB9985-150x150.jpg 150w, https:\/\/www.biosphaere-alb.com\/wordpress\/wp-content\/uploads\/2013\/04\/Lautertal_84FB9985-92x92.jpg 92w\" sizes=\"auto, (max-width: 150px) 100vw, 150px\" \/>\n\t\t\t<\/dt>\n\t\t\t\t<dd class='wp-caption-text gallery-caption' id='gallery-1-9550'>\n\t\t\t\tWacholderheiden\n\t\t\t\t<\/dd><\/dl><dl class='gallery-item'>\n\t\t\t<dt class='gallery-icon landscape'>\n\t\t\t\t<img loading=\"lazy\" decoding=\"async\" width=\"150\" height=\"150\" src=\"https:\/\/www.biosphaere-alb.com\/wordpress\/wp-content\/uploads\/2015\/12\/Muensingen_84FB4408-150x150.jpg\" class=\"attachment-thumbnail size-thumbnail\" alt=\"\" aria-describedby=\"gallery-1-11286\" srcset=\"https:\/\/www.biosphaere-alb.com\/wordpress\/wp-content\/uploads\/2015\/12\/Muensingen_84FB4408-150x150.jpg 150w, https:\/\/www.biosphaere-alb.com\/wordpress\/wp-content\/uploads\/2015\/12\/Muensingen_84FB4408-92x92.jpg 92w\" sizes=\"auto, (max-width: 150px) 100vw, 150px\" \/>\n\t\t\t<\/dt>\n\t\t\t\t<dd class='wp-caption-text gallery-caption' id='gallery-1-11286'>\n\t\t\t\tBeutenlay\n\t\t\t\t<\/dd><\/dl><dl class='gallery-item'>\n\t\t\t<dt class='gallery-icon landscape'>\n\t\t\t\t<img loading=\"lazy\" decoding=\"async\" width=\"150\" height=\"150\" src=\"https:\/\/www.biosphaere-alb.com\/wordpress\/wp-content\/uploads\/2015\/12\/Muensingen_lautertal_schnee_84FB9173-150x150.jpg\" class=\"attachment-thumbnail size-thumbnail\" alt=\"\" srcset=\"https:\/\/www.biosphaere-alb.com\/wordpress\/wp-content\/uploads\/2015\/12\/Muensingen_lautertal_schnee_84FB9173-150x150.jpg 150w, https:\/\/www.biosphaere-alb.com\/wordpress\/wp-content\/uploads\/2015\/12\/Muensingen_lautertal_schnee_84FB9173-92x92.jpg 92w\" sizes=\"auto, (max-width: 150px) 100vw, 150px\" \/>\n\t\t\t<\/dt><\/dl><br style=\"clear: both\" \/><dl class='gallery-item'>\n\t\t\t<dt class='gallery-icon landscape'>\n\t\t\t\t<img loading=\"lazy\" decoding=\"async\" width=\"150\" height=\"150\" src=\"https:\/\/www.biosphaere-alb.com\/wordpress\/wp-content\/uploads\/2015\/12\/Muensingen_lautertal_schnee_84FB9170-150x150.jpg\" class=\"attachment-thumbnail size-thumbnail\" alt=\"\" srcset=\"https:\/\/www.biosphaere-alb.com\/wordpress\/wp-content\/uploads\/2015\/12\/Muensingen_lautertal_schnee_84FB9170-150x150.jpg 150w, https:\/\/www.biosphaere-alb.com\/wordpress\/wp-content\/uploads\/2015\/12\/Muensingen_lautertal_schnee_84FB9170-92x92.jpg 92w\" sizes=\"auto, (max-width: 150px) 100vw, 150px\" \/>\n\t\t\t<\/dt><\/dl><dl class='gallery-item'>\n\t\t\t<dt class='gallery-icon landscape'>\n\t\t\t\t<img loading=\"lazy\" decoding=\"async\" width=\"150\" height=\"150\" src=\"https:\/\/www.biosphaere-alb.com\/wordpress\/wp-content\/uploads\/2010\/08\/Ski_3BFW1375-150x150.jpg\" class=\"attachment-thumbnail size-thumbnail\" alt=\"\" aria-describedby=\"gallery-1-6415\" srcset=\"https:\/\/www.biosphaere-alb.com\/wordpress\/wp-content\/uploads\/2010\/08\/Ski_3BFW1375-150x150.jpg 150w, https:\/\/www.biosphaere-alb.com\/wordpress\/wp-content\/uploads\/2010\/08\/Ski_3BFW1375-92x92.jpg 92w\" sizes=\"auto, (max-width: 150px) 100vw, 150px\" \/>\n\t\t\t<\/dt>\n\t\t\t\t<dd class='wp-caption-text gallery-caption' id='gallery-1-6415'>\n\t\t\t\tGro\u00dfes Loipennetz\n\t\t\t\t<\/dd><\/dl><dl class='gallery-item'>\n\t\t\t<dt class='gallery-icon landscape'>\n\t\t\t\t<img loading=\"lazy\" decoding=\"async\" width=\"150\" height=\"150\" src=\"https:\/\/www.biosphaere-alb.com\/wordpress\/wp-content\/uploads\/2011\/12\/rennrad_motorrad_tour_IMG_7539-150x150.jpg\" class=\"attachment-thumbnail size-thumbnail\" alt=\"\" aria-describedby=\"gallery-1-4390\" \/>\n\t\t\t<\/dt>\n\t\t\t\t<dd class='wp-caption-text gallery-caption' id='gallery-1-4390'>\n\t\t\t\tRadeln auf dem ehemaligen Truppen\u00fcbungsplatz\n\t\t\t\t<\/dd><\/dl><br style=\"clear: both\" \/>\n\t\t<\/div>\n\n","protected":false},"excerpt":{"rendered":"<p>M\u00fcnsingen: Im Zentrum des Biosph\u00e4rengebiets<\/p>\n<p>M\u00fcnsingen besticht mit seinen herausragenden Ausflugszielen wie den ehemaligen Truppen\u00fcbungsplatz, das wild-romatische Lautertal oder die Ausstellung im Biosph\u00e4rengebietszentrum.<\/p>\n","protected":false},"author":2,"featured_media":2157,"comment_status":"closed","ping_status":"closed","sticky":false,"template":"","format":"standard","meta":{"footnotes":""},"categories":[4,54],"tags":[],"class_list":["post-11279","post","type-post","status-publish","format-standard","has-post-thumbnail","hentry","category-gps-wandertouren","category-ortsportrait"],"_links":{"self":[{"href":"https:\/\/www.biosphaere-alb.com\/wordpress\/index.php?rest_route=\/wp\/v2\/posts\/11279","targetHints":{"allow":["GET"]}}],"collection":[{"href":"https:\/\/www.biosphaere-alb.com\/wordpress\/index.php?rest_route=\/wp\/v2\/posts"}],"about":[{"href":"https:\/\/www.biosphaere-alb.com\/wordpress\/index.php?rest_route=\/wp\/v2\/types\/post"}],"author":[{"embeddable":true,"href":"https:\/\/www.biosphaere-alb.com\/wordpress\/index.php?rest_route=\/wp\/v2\/users\/2"}],"replies":[{"embeddable":true,"href":"https:\/\/www.biosphaere-alb.com\/wordpress\/index.php?rest_route=%2Fwp%2Fv2%2Fcomments&post=11279"}],"version-history":[{"count":26,"href":"https:\/\/www.biosphaere-alb.com\/wordpress\/index.php?rest_route=\/wp\/v2\/posts\/11279\/revisions"}],"predecessor-version":[{"id":16877,"href":"https:\/\/www.biosphaere-alb.com\/wordpress\/index.php?rest_route=\/wp\/v2\/posts\/11279\/revisions\/16877"}],"wp:featuredmedia":[{"embeddable":true,"href":"https:\/\/www.biosphaere-alb.com\/wordpress\/index.php?rest_route=\/wp\/v2\/media\/2157"}],"wp:attachment":[{"href":"https:\/\/www.biosphaere-alb.com\/wordpress\/index.php?rest_route=%2Fwp%2Fv2%2Fmedia&parent=11279"}],"wp:term":[{"taxonomy":"category","embeddable":true,"href":"https:\/\/www.biosphaere-alb.com\/wordpress\/index.php?rest_route=%2Fwp%2Fv2%2Fcategories&post=11279"},{"taxonomy":"post_tag","embeddable":true,"href":"https:\/\/www.biosphaere-alb.com\/wordpress\/index.php?rest_route=%2Fwp%2Fv2%2Ftags&post=11279"}],"curies":[{"name":"wp","href":"https:\/\/api.w.org\/{rel}","templated":true}]}}