{"id":11337,"date":"2015-12-03T09:30:39","date_gmt":"2015-12-03T08:30:39","guid":{"rendered":"http:\/\/www.biosphaere-alb.com\/wordpress\/?p=11337"},"modified":"2015-12-03T09:30:39","modified_gmt":"2015-12-03T08:30:39","slug":"biosphaerengebiet-schwarzwald-startet","status":"publish","type":"post","link":"https:\/\/www.biosphaere-alb.com\/wordpress\/?p=11337","title":{"rendered":"Biosph\u00e4rengebiet Schwarzwald startet"},"content":{"rendered":"<p><em>Biosph\u00e4rengebiet Schwarzwald startet 2016 mit 29 Gemeinden<\/em><\/p>\n<p>Im Beteiligungsverfahren f\u00fcr ein Biosph\u00e4rengebiet Schwarzwald haben nun alle Gemeinder\u00e4te ihre Entscheidung getroffen, <!--more-->ob sie dem k\u00fcnftigen Gro\u00dfschutzgebiet angeh\u00f6ren wollen. \u201eIch freue mich \u00fcber das klare Votum von 29 Gemeinden f\u00fcr ein Biosph\u00e4rengebiet Schwarzwald.<\/p>\n<p><img loading=\"lazy\" decoding=\"async\" class=\"size-full wp-image-11133 alignnone\" alt=\"Naturpark S\u00fcdschwarzwald\" src=\"https:\/\/www.biosphaere-alb.com\/wordpress\/wp-content\/uploads\/2015\/10\/schwarzwald_sued_3BFW3936.jpg\" width=\"320\" height=\"213\" srcset=\"https:\/\/www.biosphaere-alb.com\/wordpress\/wp-content\/uploads\/2015\/10\/schwarzwald_sued_3BFW3936.jpg 320w, https:\/\/www.biosphaere-alb.com\/wordpress\/wp-content\/uploads\/2015\/10\/schwarzwald_sued_3BFW3936-160x106.jpg 160w, https:\/\/www.biosphaere-alb.com\/wordpress\/wp-content\/uploads\/2015\/10\/schwarzwald_sued_3BFW3936-150x99.jpg 150w\" sizes=\"auto, (max-width: 320px) 100vw, 320px\" \/><\/p>\n<p>Das ist ein deutliches Signal der Kommunen f\u00fcr eine spannende Modellregion, die Landwirtschaft, Naturschutz und Tourismus kraftvoll verbindet und f\u00fcr alle einen Mehrwert schafft. Damit kann das neue Biosph\u00e4rengebiet noch im ersten Quartal 2016 an den Start gehen\u201c, sagte Naturschutzminister Alexander Bonde am Mittwoch (2. Dezember) in Stuttgart.<\/p>\n<p>&nbsp;<\/p>\n<h3><span style=\"color: #ff6600;\">Sph\u00e4re-Wissen:<\/span><\/h3>\n<p>Die Gemeinder\u00e4te folgender 29 Kommunen haben sich daf\u00fcr entschieden, beim Start des Biosph\u00e4rengebiets Schwarzwald dabei zu sein:<\/p>\n<ul>\n<li>Aitern<\/li>\n<li>Albbruck<\/li>\n<li>Bernau<\/li>\n<li>B\u00f6llen<\/li>\n<li>Dachsberg<\/li>\n<li>Freiburg<\/li>\n<li>Fr\u00f6hnd<\/li>\n<li>H\u00e4g-Ehrsberg<\/li>\n<li>Hausen<\/li>\n<li>H\u00e4usern<\/li>\n<li>Hinterzarten<\/li>\n<li>H\u00f6chenschwand<\/li>\n<li>Horben<\/li>\n<li>Ibach<\/li>\n<li>Kleines Wiesental<\/li>\n<li>Oberried<\/li>\n<li>Schluchsee<\/li>\n<li>Sch\u00f6nau<\/li>\n<li>Sch\u00f6nenberg<\/li>\n<li>Schopfheim<\/li>\n<li>St. Blasien<\/li>\n<li>Todtnau<\/li>\n<li>Tunau<\/li>\n<li>\u00dchlingen-Birkendorf<\/li>\n<li>Utzenfeld<\/li>\n<li>Wehr<\/li>\n<li>Wembach<\/li>\n<li>Wieden<\/li>\n<li>Zell i.W.<\/li>\n<\/ul>\n<p>Diese Kommunen bringen eine Gebietskulisse von rund 63.000 Hektar in das k\u00fcnftige Biosph\u00e4rengebiet ein.<\/p>\n<p>In folgenden Gemeinden fand sich keine Mehrheit im Gemeinderat, dem Biosph\u00e4rengebiet Schwarzwald anzugeh\u00f6ren:<\/p>\n<ul>\n<li>Feldberg<\/li>\n<li>Steinen<\/li>\n<li>Todtmoos<\/li>\n<\/ul>\n<p>&nbsp;<\/p>\n<p>Das geplante Biosph\u00e4rengebiet wird durch eine Verordnung des Ministeriums f\u00fcr L\u00e4ndlichen Raum und Verbraucherschutz errichtet. Das Land Baden-W\u00fcrttemberg hat bereits im Vorfeld zugesagt, dass es sich in umfangreicher Weise finanziell engagieren will. Die ersten drei Jahre \u00fcbernimmt das Land Baden-W\u00fcrttemberg die Kosten vollst\u00e4ndig. Danach tr\u00e4gt das Land 70 Prozent der Kosten, 30 Prozent \u00fcbernehmen die Kommunen mit Unterst\u00fctzung der Landkreise.<\/p>\n","protected":false},"excerpt":{"rendered":"<p>Biosph\u00e4rengebiet Schwarzwald startet 2016 mit 29 Gemeinden Im Beteiligungsverfahren f\u00fcr ein Biosph\u00e4rengebiet Schwarzwald haben nun alle Gemeinder\u00e4te ihre Entscheidung getroffen,<\/p>\n","protected":false},"author":2,"featured_media":11133,"comment_status":"closed","ping_status":"closed","sticky":false,"template":"","format":"standard","meta":{"footnotes":""},"categories":[1],"tags":[],"class_list":["post-11337","post","type-post","status-publish","format-standard","has-post-thumbnail","hentry","category-allgemein"],"_links":{"self":[{"href":"https:\/\/www.biosphaere-alb.com\/wordpress\/index.php?rest_route=\/wp\/v2\/posts\/11337","targetHints":{"allow":["GET"]}}],"collection":[{"href":"https:\/\/www.biosphaere-alb.com\/wordpress\/index.php?rest_route=\/wp\/v2\/posts"}],"about":[{"href":"https:\/\/www.biosphaere-alb.com\/wordpress\/index.php?rest_route=\/wp\/v2\/types\/post"}],"author":[{"embeddable":true,"href":"https:\/\/www.biosphaere-alb.com\/wordpress\/index.php?rest_route=\/wp\/v2\/users\/2"}],"replies":[{"embeddable":true,"href":"https:\/\/www.biosphaere-alb.com\/wordpress\/index.php?rest_route=%2Fwp%2Fv2%2Fcomments&post=11337"}],"version-history":[{"count":1,"href":"https:\/\/www.biosphaere-alb.com\/wordpress\/index.php?rest_route=\/wp\/v2\/posts\/11337\/revisions"}],"predecessor-version":[{"id":11338,"href":"https:\/\/www.biosphaere-alb.com\/wordpress\/index.php?rest_route=\/wp\/v2\/posts\/11337\/revisions\/11338"}],"wp:featuredmedia":[{"embeddable":true,"href":"https:\/\/www.biosphaere-alb.com\/wordpress\/index.php?rest_route=\/wp\/v2\/media\/11133"}],"wp:attachment":[{"href":"https:\/\/www.biosphaere-alb.com\/wordpress\/index.php?rest_route=%2Fwp%2Fv2%2Fmedia&parent=11337"}],"wp:term":[{"taxonomy":"category","embeddable":true,"href":"https:\/\/www.biosphaere-alb.com\/wordpress\/index.php?rest_route=%2Fwp%2Fv2%2Fcategories&post=11337"},{"taxonomy":"post_tag","embeddable":true,"href":"https:\/\/www.biosphaere-alb.com\/wordpress\/index.php?rest_route=%2Fwp%2Fv2%2Ftags&post=11337"}],"curies":[{"name":"wp","href":"https:\/\/api.w.org\/{rel}","templated":true}]}}