{"id":1140,"date":"2010-12-06T19:15:49","date_gmt":"2010-12-06T18:15:49","guid":{"rendered":"http:\/\/www.biosphaere-alb.com\/wordpress\/?p=1140"},"modified":"2010-12-06T19:16:44","modified_gmt":"2010-12-06T18:16:44","slug":"advents-fuhrung-im-biospharenzentrum","status":"publish","type":"post","link":"https:\/\/www.biosphaere-alb.com\/wordpress\/?p=1140","title":{"rendered":"Advents-F\u00fchrung im Biosph\u00e4renzentrum"},"content":{"rendered":"<p style=\"text-align: left;\"><em>Advents-Ausstellungsf\u00fchrung durch das Biosph\u00e4renzentrum am 9. 12. 2010<\/em><\/p>\n<p style=\"text-align: left;\"><strong><img loading=\"lazy\" decoding=\"async\" class=\"alignleft size-full wp-image-1141\" title=\"BioZentrum_bearbeitet3BFW25\" src=\"https:\/\/www.biosphaere-alb.com\/wordpress\/wp-content\/uploads\/2010\/12\/BioZentrum_bearbeitet3BFW25.jpg\" alt=\"Biosph\u00e4renzentrum\" width=\"160\" height=\"106\" srcset=\"https:\/\/www.biosphaere-alb.com\/wordpress\/wp-content\/uploads\/2010\/12\/BioZentrum_bearbeitet3BFW25.jpg 160w, https:\/\/www.biosphaere-alb.com\/wordpress\/wp-content\/uploads\/2010\/12\/BioZentrum_bearbeitet3BFW25-140x92.jpg 140w\" sizes=\"auto, (max-width: 160px) 100vw, 160px\" \/><span style=\"font-weight: normal;\">Mit der Er\u00f6ffnung des Biosph\u00e4renzentrum Schw\u00e4bische Alb im Oktober 2010 ging zugleich das begleitende Veranstaltungsprogramm mit an den Start. F\u00fcr diesen Donnerstag, den 09. Dezember, steht im Winterprogramm 2010 \/ 2011 des Zentrums eine besondere Veranstaltung an: Eine Advents- Ausstellungsf\u00fchrung mit der Leiterin des Biosph\u00e4rengebiets Schw\u00e4bische Alb, Petra Bernert.<!--more--><br \/>\n<\/span><\/strong><\/p>\n<p style=\"text-align: left;\">Was ist ein Biosph\u00e4rengebiet eigentlich? Wie ist die Verwaltung aufgebaut? Welche Besonderheiten gab es bei der Entstehung des Biosph\u00e4rengebiets und welche Rolle spielt das Biosph\u00e4renzentrum? Diese und viele andere Fragen beantwortet die Leiterin des Biosph\u00e4rengebiets Schw\u00e4bische Alb, Petra Bernert, am kommenden Donnerstag ab 19.00 Uhr ihren G\u00e4sten pers\u00f6nlich.\u00a0 Bei einer F\u00fchrung durch das neu er\u00f6ffnete Biosph\u00e4renzentrum Schw\u00e4bische Alb lernen Interessierte sowohl die Ausstellung als auch den Alltag in der Gesch\u00e4ftsstelle des Biosph\u00e4rengebiets kennen. Die bereits seit dem Jahr 2006 in der Aufbauphase des Gro\u00dfschutzgebiets t\u00e4tige und seit 2009 verantwortliche Leiterin Petra Bernert f\u00fchrt durch die 450 Quadratmeter gro\u00dfe Ausstellung und wei\u00df auch um die Entstehungsgeschichte des ersten Biosph\u00e4rengebiets in Baden-W\u00fcrttemberg einiges zu berichten. Im Anschluss an die F\u00fchrung warten Adventstimmung mit Kerzenschein und Geb\u00e4ck. Dabei kann nat\u00fcrlich auch noch die letzte offene Frage gekl\u00e4rt werden.\u00a0 Da nur eine begrenzte Anzahl an Personen sich mit auf die Reise durch das Haus begeben k\u00f6nnen, wird um Anmeldung unter Tel. 07381\/ 93293810 gebeten. Kosten entstehen lediglich f\u00fcr den Eintritt in das Haus. F\u00fcr Erwachsene 4 Euro, Kinder bezahlen nur den halben Preis.<\/p>\n<p style=\"text-align: left;\"><strong>Hintergrund: <\/strong>Das Biosph\u00e4renzentrum ist seit dem 23. Oktober diesen Jahres ge\u00f6ffnet. Seither haben rund 2.000 Besucher das Zentrum besucht. Bis zum 23. Dezember k\u00f6nnen noch Karten der Messe \u201esch\u00f6n&amp;gut\u201c eingel\u00f6st werden. Das Zentrum ist in der Winterzeit t\u00e4glich au\u00dfer dienstags von 10 &#8211; 16 Uhr ge\u00f6ffnet. Gruppen sind herzlich willkommen, eine Anmeldung ist sinnvoll.<\/p>\n","protected":false},"excerpt":{"rendered":"<p>Advents-Ausstellungsf\u00fchrung durch das Biosph\u00e4renzentrum am 9. 12. 2010 Mit der Er\u00f6ffnung des Biosph\u00e4renzentrum Schw\u00e4bische Alb im Oktober 2010 ging zugleich das begleitende Veranstaltungsprogramm mit an den Start. F\u00fcr diesen Donnerstag, den 09. Dezember, steht im Winterprogramm 2010 \/ 2011 des Zentrums eine besondere Veranstaltung an: Eine Advents- Ausstellungsf\u00fchrung mit der Leiterin des Biosph\u00e4rengebiets Schw\u00e4bische Alb, [&hellip;]<\/p>\n","protected":false},"author":2,"featured_media":0,"comment_status":"open","ping_status":"open","sticky":false,"template":"","format":"standard","meta":{"footnotes":""},"categories":[1],"tags":[],"class_list":["post-1140","post","type-post","status-publish","format-standard","hentry","category-allgemein"],"_links":{"self":[{"href":"https:\/\/www.biosphaere-alb.com\/wordpress\/index.php?rest_route=\/wp\/v2\/posts\/1140","targetHints":{"allow":["GET"]}}],"collection":[{"href":"https:\/\/www.biosphaere-alb.com\/wordpress\/index.php?rest_route=\/wp\/v2\/posts"}],"about":[{"href":"https:\/\/www.biosphaere-alb.com\/wordpress\/index.php?rest_route=\/wp\/v2\/types\/post"}],"author":[{"embeddable":true,"href":"https:\/\/www.biosphaere-alb.com\/wordpress\/index.php?rest_route=\/wp\/v2\/users\/2"}],"replies":[{"embeddable":true,"href":"https:\/\/www.biosphaere-alb.com\/wordpress\/index.php?rest_route=%2Fwp%2Fv2%2Fcomments&post=1140"}],"version-history":[{"count":2,"href":"https:\/\/www.biosphaere-alb.com\/wordpress\/index.php?rest_route=\/wp\/v2\/posts\/1140\/revisions"}],"predecessor-version":[{"id":1143,"href":"https:\/\/www.biosphaere-alb.com\/wordpress\/index.php?rest_route=\/wp\/v2\/posts\/1140\/revisions\/1143"}],"wp:attachment":[{"href":"https:\/\/www.biosphaere-alb.com\/wordpress\/index.php?rest_route=%2Fwp%2Fv2%2Fmedia&parent=1140"}],"wp:term":[{"taxonomy":"category","embeddable":true,"href":"https:\/\/www.biosphaere-alb.com\/wordpress\/index.php?rest_route=%2Fwp%2Fv2%2Fcategories&post=1140"},{"taxonomy":"post_tag","embeddable":true,"href":"https:\/\/www.biosphaere-alb.com\/wordpress\/index.php?rest_route=%2Fwp%2Fv2%2Ftags&post=1140"}],"curies":[{"name":"wp","href":"https:\/\/api.w.org\/{rel}","templated":true}]}}