{"id":11532,"date":"2016-01-29T17:53:54","date_gmt":"2016-01-29T16:53:54","guid":{"rendered":"http:\/\/www.biosphaere-alb.com\/wordpress\/?p=11532"},"modified":"2016-01-29T17:54:25","modified_gmt":"2016-01-29T16:54:25","slug":"vogelzaehlung","status":"publish","type":"post","link":"https:\/\/www.biosphaere-alb.com\/wordpress\/?p=11532","title":{"rendered":"Vogelz\u00e4hlung"},"content":{"rendered":"<p><em>Spatz bleibt h\u00e4ufigster Wintervogel<\/em><\/p>\n<p>Mehr Freiwillige haben in mehr G\u00e4rten mehr V\u00f6gel gez\u00e4hlt \u2013 so die positive Bilanz des NABU zur \u201eStunde der Winterv\u00f6gel\u201c in Baden-W\u00fcrttemberg.<\/p>\n<p><!--more-->\u00dcber 8.000 Menschen (2015: 7.320) haben in gut 5.300 G\u00e4rten (2015: 4.990) insgesamt 222.840 V\u00f6gel (2015: 194.093) gez\u00e4hlt. In Sachen Beteiligung belegt Baden-W\u00fcrttemberg damit wieder Platz vier. Nur in Bayern, Nordrhein-Westfalen und Niedersachsen haben mehr Menschen bei der gro\u00dfen Aktion mitmacht.<\/p>\n<blockquote><p>\u00dcberraschung Erlenzeisig \/ Sorgenvogel Gr\u00fcnfink \/ Vogel des Jahres braucht bunte Bl\u00fchfl\u00e4chen<\/p><\/blockquote>\n<p>Auf den ersten Pl\u00e4tzen gibt es kaum Ver\u00e4nderungen: Der Spatz f\u00fchrt die Rangliste an. Auf den Pl\u00e4tzen zwei und drei folgen Kohl- und Blaumeise. Neu in die Top Ten aufger\u00fcckt ist allerdings der Erlenzeisig \u2013 mit \u00fcber 7.000 gez\u00e4hlten Exemplaren statt gut 1.700 im Vorjahr. \u201eOffensichtlich macht sich auch in den G\u00e4rten bemerkbar, dass diese Art seit Oktober verst\u00e4rkt aus Nord- und Osteuropa nach Mitteleuropa einfliegt\u201c, sagt NABU-Vogelexperte Stefan Bosch. Ursache sei vermutlich, dass die Zeisige in Skandinavien im Sommer besonders viele Junge aufgezogen haben, f\u00fcr die das Futterangebot dort im Winter nicht ausreicht.<\/p>\n<p>\u201eEin echter Sorgenvogel ist nach wie vor der Gr\u00fcnfink\u201c, berichtet Bosch. Jedes Jahr w\u00fcrden weniger Exemplare gez\u00e4hlt. Man geht davon aus, dass eine Kombination aus Nahrungsmangel und dem sogenannte Gr\u00fcnfinkensterben der Grund daf\u00fcr ist. Letzteres wird durch eine Infektion mit Trichomonas gallinae hervorgerufen. Dieser Erreger wird besonders an sommerlichen Futterstellen \u00fcbertragen, an denen viele V\u00f6gel zusammenkommen. Bosch betont: \u201eDas macht einmal mehr deutlich, wie wichtig Hygiene beim F\u00fcttern ist.\u201c<\/p>\n<p>Ein Gartenvogel, den der NABU 2016 besonders im Blick hat, ist der Stieglitz als \u201eVogel des Jahres\u201c. Sein Bestand nimmt deutschlandweit stark ab, er sch\u00e4tzt aber winterliche Futterstellen. In Baden-W\u00fcrttemberg hat er sich von Platz 22 im Vorjahr auf Platz 16 verbessert. \u201eOb das dem diesj\u00e4hrigen Promi-Status als Vogel des Jahres zu verdanken ist oder eine allm\u00e4hliche Bestandserholung anzeigt, wird sich erweisen\u201c, sagt Bosch. Der NABU-Landesvorsitzende Andre Baumann erg\u00e4nzt: \u201eDamit Stieglitz und Co. das ganze Jahr satt werden, braucht es bunte Bl\u00fchfl\u00e4chen mit Wildblumen. Das ist besser als jedes Vogelfutter im Futterhaus.\u201c Futterstellen im Garten seien zwar eine gute Sache, um der Vogelwelt n\u00e4her zu kommen und ein St\u00fcck Natur zu erleben. \u201eViel mehr profitieren die V\u00f6gel aber von naturnahen G\u00e4rten und Gr\u00fcnfl\u00e4chen sowie mehr Natur auf Ackerfl\u00e4chen: bunt bl\u00fchende Ackerraine und Brachfl\u00e4chen.\u201c<\/p>\n<p>&nbsp;<\/p>\n<p><strong>Top Ten der Winterv\u00f6gel in Baden-W\u00fcrttemberg (Vorjahresplatzierung in Klammern):<\/strong><\/p>\n<ul>\n<li>1.\u00a0\u00a0\u00a0\u00a0\u00a0\u00a0\u00a0\u00a0 Haussperling (1)<\/li>\n<li>2.\u00a0\u00a0\u00a0\u00a0\u00a0\u00a0\u00a0\u00a0 Kohlmeise (2)<\/li>\n<li>3.\u00a0\u00a0\u00a0\u00a0\u00a0\u00a0\u00a0\u00a0 Blaumeise (3)<\/li>\n<li>4.\u00a0\u00a0\u00a0\u00a0\u00a0\u00a0\u00a0\u00a0 Feldsperling (5)<\/li>\n<li>5.\u00a0\u00a0\u00a0\u00a0\u00a0\u00a0\u00a0\u00a0 Amsel (4)<\/li>\n<li>6.\u00a0\u00a0\u00a0\u00a0\u00a0\u00a0\u00a0\u00a0 Buchfink (6)<\/li>\n<li>7.\u00a0\u00a0\u00a0\u00a0\u00a0\u00a0\u00a0\u00a0 Gr\u00fcnfink (7)<\/li>\n<li>8.\u00a0\u00a0\u00a0\u00a0\u00a0\u00a0\u00a0\u00a0 Elster (8)<\/li>\n<li>9.\u00a0\u00a0\u00a0\u00a0\u00a0\u00a0\u00a0\u00a0 Rabenkr\u00e4he (9)<\/li>\n<li>10.\u00a0\u00a0\u00a0\u00a0\u00a0\u00a0 Erlenzeisig (23)<\/li>\n<\/ul>\n","protected":false},"excerpt":{"rendered":"<p>Spatz bleibt h\u00e4ufigster Wintervogel Mehr Freiwillige haben in mehr G\u00e4rten mehr V\u00f6gel gez\u00e4hlt \u2013 so die positive Bilanz des NABU zur \u201eStunde der Winterv\u00f6gel\u201c in Baden-W\u00fcrttemberg.<\/p>\n","protected":false},"author":2,"featured_media":0,"comment_status":"closed","ping_status":"closed","sticky":false,"template":"","format":"standard","meta":{"footnotes":""},"categories":[1],"tags":[],"class_list":["post-11532","post","type-post","status-publish","format-standard","hentry","category-allgemein"],"_links":{"self":[{"href":"https:\/\/www.biosphaere-alb.com\/wordpress\/index.php?rest_route=\/wp\/v2\/posts\/11532","targetHints":{"allow":["GET"]}}],"collection":[{"href":"https:\/\/www.biosphaere-alb.com\/wordpress\/index.php?rest_route=\/wp\/v2\/posts"}],"about":[{"href":"https:\/\/www.biosphaere-alb.com\/wordpress\/index.php?rest_route=\/wp\/v2\/types\/post"}],"author":[{"embeddable":true,"href":"https:\/\/www.biosphaere-alb.com\/wordpress\/index.php?rest_route=\/wp\/v2\/users\/2"}],"replies":[{"embeddable":true,"href":"https:\/\/www.biosphaere-alb.com\/wordpress\/index.php?rest_route=%2Fwp%2Fv2%2Fcomments&post=11532"}],"version-history":[{"count":4,"href":"https:\/\/www.biosphaere-alb.com\/wordpress\/index.php?rest_route=\/wp\/v2\/posts\/11532\/revisions"}],"predecessor-version":[{"id":12508,"href":"https:\/\/www.biosphaere-alb.com\/wordpress\/index.php?rest_route=\/wp\/v2\/posts\/11532\/revisions\/12508"}],"wp:attachment":[{"href":"https:\/\/www.biosphaere-alb.com\/wordpress\/index.php?rest_route=%2Fwp%2Fv2%2Fmedia&parent=11532"}],"wp:term":[{"taxonomy":"category","embeddable":true,"href":"https:\/\/www.biosphaere-alb.com\/wordpress\/index.php?rest_route=%2Fwp%2Fv2%2Fcategories&post=11532"},{"taxonomy":"post_tag","embeddable":true,"href":"https:\/\/www.biosphaere-alb.com\/wordpress\/index.php?rest_route=%2Fwp%2Fv2%2Ftags&post=11532"}],"curies":[{"name":"wp","href":"https:\/\/api.w.org\/{rel}","templated":true}]}}