{"id":13501,"date":"2018-07-13T11:57:35","date_gmt":"2018-07-13T09:57:35","guid":{"rendered":"http:\/\/www.biosphaere-alb.com\/wordpress\/?p=13501"},"modified":"2018-07-13T12:02:33","modified_gmt":"2018-07-13T10:02:33","slug":"radeln-fuer-saubere-luft","status":"publish","type":"post","link":"https:\/\/www.biosphaere-alb.com\/wordpress\/?p=13501","title":{"rendered":"Radeln f\u00fcr saubere Luft"},"content":{"rendered":"<p><em>STADT-LAND-RADELN \u2013 eine tolle Aktion im Landkreis Reutlingen<\/em><\/p>\n<p>Fahrrad statt Auto,\u00a0777 Radelnde sind insgesamt \u00fcber vier Mal um den Globus gestrampelt.<!--more--><\/p>\n<p>Der Landkreis Reutlingen hat vom 10. bis 30. Juni\u00a0 unter dem Motto STADT-LAND-RADELN\u00a0 zum ersten Mal am internationalen Wettbewerb Stadtradeln teilgenommen. Ziel war, innerhalb der 21 Tage m\u00f6glichst viele Wege klimafreundlich mit dem Rad zur\u00fcckzulegen. Mit dabei waren auch Bad Urach, Hayingen, Metzingen, M\u00fcnsingen und Pfullingen. Das Ergebnis l\u00e4sst sich sehen.<\/p>\n<p><img loading=\"lazy\" decoding=\"async\" class=\"alignnone size-full wp-image-4389\" src=\"https:\/\/www.biosphaere-alb.com\/wordpress\/wp-content\/uploads\/2011\/12\/rennrad_motorrad_tour_IMG_3946.jpg\" alt=\"rennrad_motorrad_tour_IMG_3946\" width=\"320\" height=\"480\" srcset=\"https:\/\/www.biosphaere-alb.com\/wordpress\/wp-content\/uploads\/2011\/12\/rennrad_motorrad_tour_IMG_3946.jpg 320w, https:\/\/www.biosphaere-alb.com\/wordpress\/wp-content\/uploads\/2011\/12\/rennrad_motorrad_tour_IMG_3946-106x160.jpg 106w, https:\/\/www.biosphaere-alb.com\/wordpress\/wp-content\/uploads\/2011\/12\/rennrad_motorrad_tour_IMG_3946-93x140.jpg 93w\" sizes=\"auto, (max-width: 320px) 100vw, 320px\" \/><\/p>\n<p>777 Radelnde haben insgesamt 171.233 Kilometer mit dem Rad zur\u00fcckgelegt und dabei \u00fcber 24 Tonnen CO2-Emissionen vermieden. F\u00fcr die meisten Kilometer haben die Metzinger mit 66.277 Kilometer gesorgt. Pro Einwohner liegen allerdings die Hayinger, mit 5,8 km je Einwohner, vorne.<\/p>\n<p>Insgesamt haben 62 Teams beim STADT-LAND-RADELN teilgenommen. Die absolut meisten Kilometer wurden vom \u201eOffenen Team M\u00fcnsingen\u201c mit stolzen 20.548 Kilometer gefahren. Das Team \u201eLandratsamt\u201c hat mit immerhin 15.978 Kilometer den zweiten Platz abger\u00e4umt. \u201eWir freuen uns, dass wir so viele Mitarbeiterinnen und Mitarbeiter zum Mitmachen motivieren konnten und so ein gutes Ergebnis erzielt haben\u201c, so Landrat Thomas Reumann. Mit knapp 1.600 Kilometer pro Teammitglied haben die Rennradler vom TuS Metzingen ordentlich Strecke gemacht. Immer noch knapp die H\u00e4lfte der Kilometer hat das \u201eOffene Team Hayingen\u201c mit fast 800 Kilometer pro Teammitglied zur\u00fcckgelegt.<\/p>\n<p>Das STADT-LAND-RADELN soll den Spa\u00df am Radfahren f\u00f6rdern und m\u00f6glichst viele Menschen zum Umsteigen auf das Fahrrad im Alltag motivieren. \u201eBei uns ist das ganze Team w\u00e4hrend der drei Wochen konsequent und geschlossen auf&#8217;s Rad gestiegen\u201c, so Gesch\u00e4ftsf\u00fchrer der KlimaschutzAgentur, Tobias Kemmler, stolz. Beate Wagner aus dem Team \u201eLandratsamt\u201c berichtet: \u201eIch nehme seither \u00f6fter das Bike und m\u00f6chte das auch beibehalten\u201c. Die Klimaschutzbeauftragte des Landkreises, Nadine Wachter, ist mit dem Ergebnis der Aktion sehr zufrieden: \u201eWenn nur einige Personen auch k\u00fcnftig immer mal wieder auf\u2019s Rad statt ins Auto steigen, hat sich die Aktion aus unserer Sicht schon gelohnt!\u201c<\/p>\n","protected":false},"excerpt":{"rendered":"<p>STADT-LAND-RADELN \u2013 eine tolle Aktion im Landkreis Reutlingen Fahrrad statt Auto,\u00a0777 Radelnde sind insgesamt \u00fcber vier Mal um den Globus gestrampelt.<\/p>\n","protected":false},"author":2,"featured_media":4394,"comment_status":"closed","ping_status":"closed","sticky":false,"template":"","format":"standard","meta":{"footnotes":""},"categories":[1],"tags":[],"class_list":["post-13501","post","type-post","status-publish","format-standard","has-post-thumbnail","hentry","category-allgemein"],"_links":{"self":[{"href":"https:\/\/www.biosphaere-alb.com\/wordpress\/index.php?rest_route=\/wp\/v2\/posts\/13501","targetHints":{"allow":["GET"]}}],"collection":[{"href":"https:\/\/www.biosphaere-alb.com\/wordpress\/index.php?rest_route=\/wp\/v2\/posts"}],"about":[{"href":"https:\/\/www.biosphaere-alb.com\/wordpress\/index.php?rest_route=\/wp\/v2\/types\/post"}],"author":[{"embeddable":true,"href":"https:\/\/www.biosphaere-alb.com\/wordpress\/index.php?rest_route=\/wp\/v2\/users\/2"}],"replies":[{"embeddable":true,"href":"https:\/\/www.biosphaere-alb.com\/wordpress\/index.php?rest_route=%2Fwp%2Fv2%2Fcomments&post=13501"}],"version-history":[{"count":3,"href":"https:\/\/www.biosphaere-alb.com\/wordpress\/index.php?rest_route=\/wp\/v2\/posts\/13501\/revisions"}],"predecessor-version":[{"id":13508,"href":"https:\/\/www.biosphaere-alb.com\/wordpress\/index.php?rest_route=\/wp\/v2\/posts\/13501\/revisions\/13508"}],"wp:featuredmedia":[{"embeddable":true,"href":"https:\/\/www.biosphaere-alb.com\/wordpress\/index.php?rest_route=\/wp\/v2\/media\/4394"}],"wp:attachment":[{"href":"https:\/\/www.biosphaere-alb.com\/wordpress\/index.php?rest_route=%2Fwp%2Fv2%2Fmedia&parent=13501"}],"wp:term":[{"taxonomy":"category","embeddable":true,"href":"https:\/\/www.biosphaere-alb.com\/wordpress\/index.php?rest_route=%2Fwp%2Fv2%2Fcategories&post=13501"},{"taxonomy":"post_tag","embeddable":true,"href":"https:\/\/www.biosphaere-alb.com\/wordpress\/index.php?rest_route=%2Fwp%2Fv2%2Ftags&post=13501"}],"curies":[{"name":"wp","href":"https:\/\/api.w.org\/{rel}","templated":true}]}}