{"id":1457,"date":"2011-05-25T05:23:20","date_gmt":"2011-05-25T03:23:20","guid":{"rendered":"http:\/\/www.biosphaere-alb.com\/wordpress\/?p=1457"},"modified":"2025-12-05T10:37:45","modified_gmt":"2025-12-05T09:37:45","slug":"kraft-von-innen","status":"publish","type":"post","link":"https:\/\/www.biosphaere-alb.com\/wordpress\/?p=1457","title":{"rendered":"Kraft von innen"},"content":{"rendered":"<p><em>Gastronomie: Graf Eberhard in Bad Urach<\/em><\/p>\n<p><img loading=\"lazy\" decoding=\"async\" class=\"alignnone size-full wp-image-1458\" title=\"Graf_Eberhard_Peter_Schmid_\" src=\"https:\/\/www.biosphaere-alb.com\/wordpress\/wp-content\/uploads\/2010\/12\/Graf_Eberhard_Peter_Schmid_.jpg\" alt=\"\" width=\"320\" height=\"213\" srcset=\"https:\/\/www.biosphaere-alb.com\/wordpress\/wp-content\/uploads\/2010\/12\/Graf_Eberhard_Peter_Schmid_.jpg 320w, https:\/\/www.biosphaere-alb.com\/wordpress\/wp-content\/uploads\/2010\/12\/Graf_Eberhard_Peter_Schmid_-160x106.jpg 160w, https:\/\/www.biosphaere-alb.com\/wordpress\/wp-content\/uploads\/2010\/12\/Graf_Eberhard_Peter_Schmid_-140x93.jpg 140w\" sizes=\"auto, (max-width: 320px) 100vw, 320px\" \/><\/p>\n<p><strong>Peter Schmid macht fit. Der gelernte Koch und Gastronom will mit seinen erlesenen Speisen den Menschen von Grund auf st\u00e4rken.<\/strong><!--more--><\/p>\n<div id=\"attachment_1459\" style=\"width: 170px\" class=\"wp-caption alignright\"><a href=\"https:\/\/www.biosphaere-alb.com\/wordpress\/wp-content\/uploads\/2010\/12\/Graf_Eberhard_Hotel_3BFW817.jpg\"><img loading=\"lazy\" decoding=\"async\" aria-describedby=\"caption-attachment-1459\" class=\"size-medium wp-image-1459\" title=\"Graf_Eberhard_Hotel_3BFW817\" src=\"https:\/\/www.biosphaere-alb.com\/wordpress\/wp-content\/uploads\/2010\/12\/Graf_Eberhard_Hotel_3BFW817-160x106.jpg\" alt=\"\" width=\"160\" height=\"106\" srcset=\"https:\/\/www.biosphaere-alb.com\/wordpress\/wp-content\/uploads\/2010\/12\/Graf_Eberhard_Hotel_3BFW817-160x106.jpg 160w, https:\/\/www.biosphaere-alb.com\/wordpress\/wp-content\/uploads\/2010\/12\/Graf_Eberhard_Hotel_3BFW817-140x93.jpg 140w, https:\/\/www.biosphaere-alb.com\/wordpress\/wp-content\/uploads\/2010\/12\/Graf_Eberhard_Hotel_3BFW817.jpg 320w\" sizes=\"auto, (max-width: 160px) 100vw, 160px\" \/><\/a><p id=\"caption-attachment-1459\" class=\"wp-caption-text\">Traumland: Wasser f\u00fchlen, Berge sp\u00fcren, B\u00e4ume riechen und Speisen genie\u00dfen. Die Biosph\u00e4re liegt den G\u00e4sten des Graf Eberhard zu F\u00fc\u00dfen.<\/p><\/div>\n<p>Ein kleines L\u00e4cheln huscht \u00fcber seine Gesichtsz\u00fcge. \u201eMein Lieblingsessen? Ochsenschwanzragout mit handgeschabten Sp\u00e4tzle und Feldsalat, der noch auf einem Feld gewachsen ist.\u201c Sph\u00e4re ist zu Gast bei Peter Schmid, Inhaber des Hotels \u201eGraf Eberhard\u201c in Bad Urach.<\/p>\n<p>Der 1951 in Renningen bei Leonberg geborene Peter Schmid ist K\u00fcchenmeister und Koch mit Leib und Seele. Seit 1977 betreibt das Ehepaar Schmid ein 140-Bettenhaus zusammen mit 50 Mitarbeitern. Er wird wieder ernst. \u201eViele Menschen haben doch heute vergessen, warum sie \u00fcberhaupt essen, wissen gar nicht mehr, weshalb Fleisch ein wichtiger Bestandteil der Ern\u00e4hrung ist. Essen darf doch nicht nur satt machen, sondern aus einer guten Mahlzeit muss ich Kraft sch\u00f6pfen. Das geht jedoch nur mit den richtigen, mit guten Produkten.\u201c<\/p>\n<p>90 Prozent der im Hause Graf Eberhard verwendeten und verkauften Waren stammen aus der Region. Lamm und Gefl\u00fcgel von Betrieben auf der Schw\u00e4bischen Alb, Rind und Schwein aus eigener Zucht. Peter Schmid betreibt einen 10,5 Hektar gro\u00dfen Bauernhof in St. Johann-Bleichstetten nach biologischen Gesichtspunkten und mit artgerechter Tierhaltung. Seine Tiere, so erz\u00e4hlt er, k\u00f6nnen selbst entscheiden, ob sie lieber drau\u00dfen oder drinnen sein wollen.<\/p>\n<p>Edeltraud und Peter Schmid umsorgen und verw\u00f6hnen ihre G\u00e4ste. Hier ein freundlicher Gru\u00df, dort ein kleines Gespr\u00e4ch. Hinter den Kulissen betriebsame Hektik, die der Gast h\u00f6chstens erahnen kann. Aus der K\u00fcche kommen k\u00f6stlich duftende Gerichte, die als kleine Meisterwerke f\u00fcrs Auge auf den Tellern serviert werden.<\/p>\n<p>Wohlf\u00fchlen, gutes Essen, Gesunderhaltung, Erholung f\u00fcr K\u00f6rper, Geist und Seele sind die Erfolgskomponenten des Hauses gepaart mit den Produkten und den St\u00e4rken der Region. So stehen den G\u00e4sten die Alb-Thermen mit Gesundheitsvitalzentrum und nat\u00fcrlich das hauseigene Wellnessstudio zur Verf\u00fcgung, um sich k\u00f6rperlich fit zu machen. Aus der unvergleichlichen Natur \u2013 sehen, riechen, h\u00f6ren, die Seele baumeln lassen \u2013 sch\u00f6pfen die Menschen mentale St\u00e4rke.<\/p>\n<p>Peter Schmid, der auch Pr\u00e4sident des Baden-W\u00fcrttembergischen Hotel und Gastst\u00e4ttenverbandes ist, analysiert f\u00fcr seine Planungen die Str\u00f6mung der Zeit. \u201eDie Globalisierung schafft Menschen, die Identit\u00e4t suchen\u201c, sagt er. \u201eWenn die Leute zu uns kommen, wollen sie die Gegend doch nicht nur visuell erkunden, sondern auch kulinarisch erleben.\u201c Da liegt nach seiner Meinung die gro\u00dfe Chance f\u00fcr die Tourismusbranche.<\/p>\n<p>\u201eDer Tourismus hat sich in den letzten Jahren zur Wirtschaftskraft Nummer eins in Baden-W\u00fcrttemberg entwickelt. Diese Arbeitspl\u00e4tze k\u00f6nnen nicht ins Ausland verlagert werden.\u201c Um diese Position zu halten und weiter auszubauen, bedarf es freilich der Kreativit\u00e4t und Anstrengung aller Beteiligter. Auch die Politik sieht Schmid hier in der Verantwortung.<\/p>\n<p>Ganz klare Vorstellungen hat der Gastronom davon, wie das entstehende Biosph\u00e4rengebiet Schw\u00e4bische Alb auf die Erfolgsspur gebracht werden kann. Eine Vernetzung der vielen guten Einzelaktivit\u00e4ten sollte als erste Spontanma\u00dfnahme in Angriff genommen werden. Er sinniert weiter: \u201eDann gilt es, die St\u00e4rken der Region herauszuarbeiten, Produktschutz f\u00fcr gezielte Marketing-Kampagnen muss erfolgen, damit diese Produkte im Einzelhandel angeboten werden k\u00f6nnen.\u201c Schmid nennt Beispiele: Alb-Lamm, Hagebutten-Sherry, luftgetrockneter Albschinken und Hohensteiner Albk\u00e4se, die Palette kann beliebig fortgesetzt werden.<\/p>\n<p>Die Gesch\u00e4ftsphilosophie des Graf Eberhard beruht auf der Erkenntnis, dass verschiedene Faktoren ineinandergreifen und sich dadurch positive Synergien ergeben. Aus hervorragenden Produkten entstehen besondere Spezialit\u00e4ten. Wenn Gastst\u00e4tten regionale Produkte einsetzen, unterst\u00fctzen sie die heimische Landwirtschaft und erhalten dadurch beispielsweise unsere Streuobstwiesen im Tal. Wer nach hochwertigen Fleischerzeugnissen fragt, sensibilisiert f\u00fcr artgerechte Tierhaltung, die wiederum unsere einmalige Kulturlandschaft erh\u00e4lt.\u00a0www.hotel-graf-eberhard.de<\/p>\n<p style=\"text-align: right;\"><em>Gisela W\u00f6rz<\/em><\/p>\n<p>&#8212;&#8212;&#8212;&#8212;&#8212;&#8212;&#8212;&#8212;&#8212;&#8212;&#8212;&#8212;&#8212;&#8212;&#8212;&#8212;-<\/p>\n<p><em>BUCHTIPP: Slowfood im Kommen<\/em><\/p>\n<h3><span style=\"color: #993300;\">Essen mit Kopf<\/span><\/h3>\n<p><strong>Slow Food statt Fast Food. Menschen haben die weltweite Gleichschaltung der Esskultur satt.<\/strong><\/p>\n<p>Eine neue Esskultur fasst rund um den Globus Fu\u00df als Gegengewicht zu Fast Food: Slow Food\u00a0 ist der Name der in Italien entstandenen Bewegung. Bewusst und mit Verantwortung essen, Herkunft und Hersteller der Produkte kennen, die Tradition aber auch die Innovation sch\u00e4tzen, regionale Besonderheiten und den Rhythmus der Jahreszeiten achten \u2013 all das ist Bestandteil der Slow Food-Philosophie, die mittlerweile weltweit etwa 75.000 Anh\u00e4nger unterst\u00fctzen.<\/p>\n<p>Carlo Petrini, Gr\u00fcnder von Slow Food, beschreibt in dem gleichnamigen Band die wichtigsten Etappen der Bewegung. Von der Aufwertung der handwerklichen Arbeit und des Bodens als Ressource bis hin zur Notwendigkeit von Geschmacksschulungen und dem Engagement f\u00fcr bedrohte Tier- und Pflanzenarten sowie traditionelle Produktionsformen. Der Leser erf\u00e4hrt von den Aktivit\u00e4ten der verschiedenen Gruppen und findet ausgew\u00e4hlte Literatur sowie Kurzportr\u00e4ts und Kontaktadressen.<\/p>\n<p><em>Slow Food &#8211; Geniessen mit Verstand, von Carlo Petrini, Rotpunktverlag, Z\u00fcrich 2003, 16,80 Euro, ISBN 3-85869-263-8<\/em><\/p>\n<p><em>&#8212;&#8212;&#8212;&#8212;&#8212;&#8212;&#8212;&#8212;&#8212;&#8212;&#8212;&#8212;&#8212;&#8212;-<\/em><\/p>\n<p style=\"text-align: right;\"><em>Printausgabe: Sph\u00e4re 1\/2006, Seite 24-25<\/em><\/p>\n","protected":false},"excerpt":{"rendered":"<p>Peter Schmid macht fit. Der gelernte Koch und Gastronom will mit seinen erlesenen Speisen den Menschen von Grund auf st\u00e4rken.<\/p>\n","protected":false},"author":2,"featured_media":0,"comment_status":"closed","ping_status":"closed","sticky":false,"template":"","format":"standard","meta":{"footnotes":""},"categories":[11,22],"tags":[],"class_list":["post-1457","post","type-post","status-publish","format-standard","hentry","category-gastronomie","category-printausgabe-archiv"],"_links":{"self":[{"href":"https:\/\/www.biosphaere-alb.com\/wordpress\/index.php?rest_route=\/wp\/v2\/posts\/1457","targetHints":{"allow":["GET"]}}],"collection":[{"href":"https:\/\/www.biosphaere-alb.com\/wordpress\/index.php?rest_route=\/wp\/v2\/posts"}],"about":[{"href":"https:\/\/www.biosphaere-alb.com\/wordpress\/index.php?rest_route=\/wp\/v2\/types\/post"}],"author":[{"embeddable":true,"href":"https:\/\/www.biosphaere-alb.com\/wordpress\/index.php?rest_route=\/wp\/v2\/users\/2"}],"replies":[{"embeddable":true,"href":"https:\/\/www.biosphaere-alb.com\/wordpress\/index.php?rest_route=%2Fwp%2Fv2%2Fcomments&post=1457"}],"version-history":[{"count":7,"href":"https:\/\/www.biosphaere-alb.com\/wordpress\/index.php?rest_route=\/wp\/v2\/posts\/1457\/revisions"}],"predecessor-version":[{"id":20088,"href":"https:\/\/www.biosphaere-alb.com\/wordpress\/index.php?rest_route=\/wp\/v2\/posts\/1457\/revisions\/20088"}],"wp:attachment":[{"href":"https:\/\/www.biosphaere-alb.com\/wordpress\/index.php?rest_route=%2Fwp%2Fv2%2Fmedia&parent=1457"}],"wp:term":[{"taxonomy":"category","embeddable":true,"href":"https:\/\/www.biosphaere-alb.com\/wordpress\/index.php?rest_route=%2Fwp%2Fv2%2Fcategories&post=1457"},{"taxonomy":"post_tag","embeddable":true,"href":"https:\/\/www.biosphaere-alb.com\/wordpress\/index.php?rest_route=%2Fwp%2Fv2%2Ftags&post=1457"}],"curies":[{"name":"wp","href":"https:\/\/api.w.org\/{rel}","templated":true}]}}