{"id":15469,"date":"2020-05-14T11:52:59","date_gmt":"2020-05-14T09:52:59","guid":{"rendered":"http:\/\/www.biosphaere-alb.com\/wordpress\/?p=15469"},"modified":"2020-05-14T12:00:09","modified_gmt":"2020-05-14T10:00:09","slug":"reboot","status":"publish","type":"post","link":"https:\/\/www.biosphaere-alb.com\/wordpress\/?p=15469","title":{"rendered":"Reboot"},"content":{"rendered":"<p><em>Ab 18. Mai geht es wieder los \/ Gastronomie unterst\u00fctzen<br \/><\/em><\/p>\n<p>Gastst\u00e4tten, Ferienwohnungen, Campingpl\u00e4tze und Wohnmobilstellpl\u00e4tze \u00f6ffnen wieder. Ab 29. Mai starten sonstige Beherbergungsbetriebe und Freizeitparks. <!--more--><\/p>\n<p><img loading=\"lazy\" decoding=\"async\" class=\"alignnone size-full wp-image-14302\" src=\"https:\/\/www.biosphaere-alb.com\/wordpress\/wp-content\/uploads\/2019\/02\/Essen_Gast_Rast_84FB1516.jpg\" alt=\"\" width=\"320\" height=\"214\" srcset=\"https:\/\/www.biosphaere-alb.com\/wordpress\/wp-content\/uploads\/2019\/02\/Essen_Gast_Rast_84FB1516.jpg 320w, https:\/\/www.biosphaere-alb.com\/wordpress\/wp-content\/uploads\/2019\/02\/Essen_Gast_Rast_84FB1516-160x107.jpg 160w, https:\/\/www.biosphaere-alb.com\/wordpress\/wp-content\/uploads\/2019\/02\/Essen_Gast_Rast_84FB1516-150x100.jpg 150w\" sizes=\"auto, (max-width: 320px) 100vw, 320px\" \/><\/p>\n<p>Die Landesregierung hat nun letzte Woche beschlossen die Wiederer\u00f6ffnung von touristischen Einrichtungen schrittweise zuzulassen.<\/p>\n<p><img loading=\"lazy\" decoding=\"async\" class=\"alignnone size-full wp-image-1353\" src=\"https:\/\/www.biosphaere-alb.com\/wordpress\/wp-content\/uploads\/2010\/12\/freizeitpark-baerenland_rie.jpg\" alt=\"\" width=\"320\" height=\"213\" srcset=\"https:\/\/www.biosphaere-alb.com\/wordpress\/wp-content\/uploads\/2010\/12\/freizeitpark-baerenland_rie.jpg 320w, https:\/\/www.biosphaere-alb.com\/wordpress\/wp-content\/uploads\/2010\/12\/freizeitpark-baerenland_rie-160x106.jpg 160w, https:\/\/www.biosphaere-alb.com\/wordpress\/wp-content\/uploads\/2010\/12\/freizeitpark-baerenland_rie-140x93.jpg 140w\" sizes=\"auto, (max-width: 320px) 100vw, 320px\" \/><\/p>\n<hr \/>\n<p>\u00a0<\/p>\n<p><em>IHK fordert: Speisegastronomie unterst\u00fctzen<\/em><\/p>\n<h3>Ausweitung der Au\u00dfenbestuhlung<\/h3>\n<p>Aus Sicht der IHK sollten St\u00e4dte und Gemeinden entsprechende Antr\u00e4ge unb\u00fcrokratisch genehmigen oder generell eine ma\u00dfvolle \u00dcberschreitung der Fl\u00e4che zulassen. Grund: Die Speisegastronomie darf ab dem 18. Mai in Teilen wieder \u00f6ffnen. Allerdings gelten strenge Hygiene- und Abstandsregeln. Diese haben zur Folge, dass die Zahl der Tische und Pl\u00e4tze deutlich reduziert werden muss. \u201eWenn der Au\u00dfenbereich erweitert werden kann, k\u00f6nnen die Gastronomen mehr Tische aufstellen und mehr G\u00e4ste bewirten\u201c, sagt Matthias Miklautz, Tourismusexperte bei der IHK. Das wird den Betrieben helfen, ihr Angebot einigerma\u00dfen rentabel anzubieten. \u201eNach Wochen der Schlie\u00dfung und des Nullumsatzes w\u00e4re das ein Beitrag, um das Gesch\u00e4ft wieder ans Laufen zu bekommen. Mit der Teil\u00f6ffnung sind die Betriebe aber immer noch weit vom Normalbetrieb entfernt.\u201c<\/p>\n<p>Nat\u00fcrlich ist aus Sicht der IHK eine solche zeitweise Ausweitung nur dort m\u00f6glich, wo die erforderliche Bewegungsfreiheit von Fu\u00dfg\u00e4ngern und weiteren Verkehrsteilnehmern gew\u00e4hrleistet werden kann. Dieses muss unbedingt im Einzelfall gepr\u00fcft werden. Es k\u00f6nnten auch die Erlaubnisse aus 2019 unb\u00fcrokratisch fortgeschrieben werden. Falls die dann vorhandenen Fl\u00e4chen zu knapp bemessen sind, sollte ein einfacher Antrag auf Erweiterung m\u00f6glich sein, schl\u00e4gt Miklautz vor.<\/p>\n<p><strong>Verzicht auf Sondernutzungsgeb\u00fchren<\/strong> <br \/>Dar\u00fcber hinaus k\u00f6nnen die St\u00e4dte und Gemeinden die Betriebe ganz konkret unterst\u00fctzen, indem sie auf die sonst f\u00e4lligen Sondernutzungsgeb\u00fchren f\u00fcr die Au\u00dfenbewirtschaftung verzichten. \u201eDie leeren Einkaufsstra\u00dfen der letzten Wochen haben sehr eindrucksvoll gezeigt, welche Bedeutung Gastronomie und Einzelhandel f\u00fcr belebte Innenst\u00e4dte haben und welchen sozialen Beitrag sie damit f\u00fcr eine hohe Lebensqualit\u00e4t leisten\u201c, so der IHK-Experte. Miklautz pl\u00e4diert daf\u00fcr, dass Handel und Gastronomie sich etwa bei den \u00d6ffnungszeiten wieder st\u00e4rker abstimmen.<\/p>\n","protected":false},"excerpt":{"rendered":"<p>Ab 18. Mai geht es wieder los \/ Gastronomie unterst\u00fctzen Gastst\u00e4tten, Ferienwohnungen, Campingpl\u00e4tze und Wohnmobilstellpl\u00e4tze \u00f6ffnen wieder. Ab 29. Mai starten sonstige Beherbergungsbetriebe und Freizeitparks.<\/p>\n","protected":false},"author":2,"featured_media":14302,"comment_status":"closed","ping_status":"closed","sticky":false,"template":"","format":"standard","meta":{"footnotes":""},"categories":[1],"tags":[],"class_list":["post-15469","post","type-post","status-publish","format-standard","has-post-thumbnail","hentry","category-allgemein"],"_links":{"self":[{"href":"https:\/\/www.biosphaere-alb.com\/wordpress\/index.php?rest_route=\/wp\/v2\/posts\/15469","targetHints":{"allow":["GET"]}}],"collection":[{"href":"https:\/\/www.biosphaere-alb.com\/wordpress\/index.php?rest_route=\/wp\/v2\/posts"}],"about":[{"href":"https:\/\/www.biosphaere-alb.com\/wordpress\/index.php?rest_route=\/wp\/v2\/types\/post"}],"author":[{"embeddable":true,"href":"https:\/\/www.biosphaere-alb.com\/wordpress\/index.php?rest_route=\/wp\/v2\/users\/2"}],"replies":[{"embeddable":true,"href":"https:\/\/www.biosphaere-alb.com\/wordpress\/index.php?rest_route=%2Fwp%2Fv2%2Fcomments&post=15469"}],"version-history":[{"count":2,"href":"https:\/\/www.biosphaere-alb.com\/wordpress\/index.php?rest_route=\/wp\/v2\/posts\/15469\/revisions"}],"predecessor-version":[{"id":15471,"href":"https:\/\/www.biosphaere-alb.com\/wordpress\/index.php?rest_route=\/wp\/v2\/posts\/15469\/revisions\/15471"}],"wp:featuredmedia":[{"embeddable":true,"href":"https:\/\/www.biosphaere-alb.com\/wordpress\/index.php?rest_route=\/wp\/v2\/media\/14302"}],"wp:attachment":[{"href":"https:\/\/www.biosphaere-alb.com\/wordpress\/index.php?rest_route=%2Fwp%2Fv2%2Fmedia&parent=15469"}],"wp:term":[{"taxonomy":"category","embeddable":true,"href":"https:\/\/www.biosphaere-alb.com\/wordpress\/index.php?rest_route=%2Fwp%2Fv2%2Fcategories&post=15469"},{"taxonomy":"post_tag","embeddable":true,"href":"https:\/\/www.biosphaere-alb.com\/wordpress\/index.php?rest_route=%2Fwp%2Fv2%2Ftags&post=15469"}],"curies":[{"name":"wp","href":"https:\/\/api.w.org\/{rel}","templated":true}]}}