{"id":16517,"date":"2021-03-10T20:19:10","date_gmt":"2021-03-10T19:19:10","guid":{"rendered":"http:\/\/www.biosphaere-alb.com\/wordpress\/?p=16517"},"modified":"2021-06-30T17:07:29","modified_gmt":"2021-06-30T15:07:29","slug":"16517","status":"publish","type":"post","link":"https:\/\/www.biosphaere-alb.com\/wordpress\/?p=16517","title":{"rendered":""},"content":{"rendered":"<p><i>Themenmagazin: Vorschau Heft 1\/2021 (ab 1. 4. 2021)<br \/>\n<\/i><\/p>\n<p><span class=\"Apple-style-span\" style=\"color: #993300;\"><b>Themenmagazin: Biken \u2013 neue Lust auf Natur und Freiheit<\/b><\/span><\/p>\n<p><strong><a href=\"https:\/\/biosphaere-alb.com\/wp-shop\" target=\"_blank\" rel=\"noopener noreferrer\">Nur 11 Euro\/Jahr: Sph\u00e4re abonnieren &gt;&gt;<\/a><\/strong><!--more--><\/p>\n<p><span class=\"Apple-style-span\"><b><img loading=\"lazy\" decoding=\"async\" class=\"alignnone size-full wp-image-16518\" src=\"https:\/\/www.biosphaere-alb.com\/wordpress\/wp-content\/uploads\/2021\/03\/Titel_1_2021_Steffen\u2013Steinhaeusser.jpg\" alt=\"\" width=\"250\" height=\"327\" srcset=\"https:\/\/www.biosphaere-alb.com\/wordpress\/wp-content\/uploads\/2021\/03\/Titel_1_2021_Steffen\u2013Steinhaeusser.jpg 250w, https:\/\/www.biosphaere-alb.com\/wordpress\/wp-content\/uploads\/2021\/03\/Titel_1_2021_Steffen\u2013Steinhaeusser-122x160.jpg 122w, https:\/\/www.biosphaere-alb.com\/wordpress\/wp-content\/uploads\/2021\/03\/Titel_1_2021_Steffen\u2013Steinhaeusser-245x320.jpg 245w, https:\/\/www.biosphaere-alb.com\/wordpress\/wp-content\/uploads\/2021\/03\/Titel_1_2021_Steffen\u2013Steinhaeusser-115x150.jpg 115w\" sizes=\"auto, (max-width: 250px) 100vw, 250px\" \/><\/b><\/span><\/p>\n<blockquote><p><span class=\"Apple-style-span\"><a href=\"https:\/\/biosphaere-alb.com\/wp-shop\/?page_id=220\" target=\"_blank\" rel=\"noopener noreferrer\">Einzelheft nachbestellen &gt;&gt;<\/a><\/span><\/p>\n<p><a href=\"https:\/\/biosphaere-alb.com\/wp-shop\" target=\"_blank\" rel=\"noopener noreferrer\">Nur 11 Euro\/Jahr: Sph\u00e4re abonnieren &gt;&gt;<\/a><\/p><\/blockquote>\n<p><b>Themenausgabe<\/b><b>\u00a0No. 9: Biken \u2013 neue Lust auf Natur und Freiheit<\/b><\/p>\n<p>Erst Energiewende, dann die Freizeitwende \u2013 das umweltfreundliche E-Bike erobert nun auch die Schw\u00e4bische Alb.<\/p>\n<hr \/>\n<p style=\"text-align: left;\"><span class=\"Apple-style-span\" style=\"font-size: 15px; font-weight: bold; color: #993300;\">Inhaltsangabe <span class=\"Apple-style-span\" style=\"font-weight: normal; font-size: 13px;\">(SPH\u00c4RE Ausgabe 1\/2021 April\/Mai\/Juni\/Juli)<\/span><\/span><\/p>\n<p><strong>Themenausgabe No. <b>9: Biken \u2013 neue Lust auf Natur und Freiheit<\/b><br \/>\n<\/strong><\/p>\n<p><img loading=\"lazy\" decoding=\"async\" class=\"alignnone size-full wp-image-16522\" src=\"https:\/\/www.biosphaere-alb.com\/wordpress\/wp-content\/uploads\/2021\/03\/Aufmacher_1_2021_Steffen_Steinhaeusser.jpg\" alt=\"\" width=\"500\" height=\"330\" srcset=\"https:\/\/www.biosphaere-alb.com\/wordpress\/wp-content\/uploads\/2021\/03\/Aufmacher_1_2021_Steffen_Steinhaeusser.jpg 500w, https:\/\/www.biosphaere-alb.com\/wordpress\/wp-content\/uploads\/2021\/03\/Aufmacher_1_2021_Steffen_Steinhaeusser-160x106.jpg 160w, https:\/\/www.biosphaere-alb.com\/wordpress\/wp-content\/uploads\/2021\/03\/Aufmacher_1_2021_Steffen_Steinhaeusser-485x320.jpg 485w, https:\/\/www.biosphaere-alb.com\/wordpress\/wp-content\/uploads\/2021\/03\/Aufmacher_1_2021_Steffen_Steinhaeusser-150x99.jpg 150w\" sizes=\"auto, (max-width: 500px) 100vw, 500px\" \/><\/p>\n<p><b>Bike-Spezial<\/b><\/p>\n<ul>\n<li>08 <strong>E-Bike<\/strong> Motor als Einstieg in die Radwelt<\/li>\n<li>10 <strong>MTB<\/strong> Auf klassische Art Natur ersp\u00fcren<\/li>\n<li>12 <strong>Rennrad<\/strong> Fahrtwind auf der Haut<\/li>\n<\/ul>\n<p><strong>Albt\u00e4glich<\/strong><\/p>\n<ul>\n<li>14 <strong>Rad fahren<\/strong> Leinenweber-Tour f\u00fcr Freizeitradler optimiert<\/li>\n<li>18 <strong>Rad fahren<\/strong> Die sch\u00f6nsten Trockent\u00e4ler der Alb erleben<\/li>\n<li>20 <strong>Astronomie<\/strong> Teilweise Sonnenfinsternis auf der Alb sichtbar<\/li>\n<li>22 <strong>E-Bike<\/strong> Elektroradeln begeistert auch Leistungssportler<\/li>\n<li>24 <strong>Wandern<\/strong> GPS-R\u00f6mer-Tour lockt mit Spielestationen<\/li>\n<li>30 <strong>Naturschutz<\/strong> Erste Rote Liste vor 50 Jahren publiziert<\/li>\n<\/ul>\n<hr \/>\n<p><span class=\"Apple-style-span\" style=\"font-size: 15px; font-weight: bold; color: #000000;\">Themenbeschreibung<\/span><span class=\"Apple-style-span\" style=\"font-size: 15px; color: #000000;\"> (Ausz\u00fcge)<\/span><\/p>\n<p><span style=\"color: #808000;\"><strong>&#8211; SPH\u00c4RE alb#entdecken &#8211; THEMENMAGAZIN: <b>Biken \u2013 neue Lust auf Natur und Freiheit<\/b><\/strong><\/span><\/p>\n<p>In einer Reihe von Themenausgaben n\u00e4hert sich das Sph\u00e4re-Magazin der Faszination Schw\u00e4bische Alb aus unterschiedlichen Richtungen.<br \/>\nSchwerpunkt der <span style=\"color: #808000;\"><strong>neunten Themenausgabe<\/strong><\/span> ist ein 10-seitiger Ratgeber, der den E-Bike- und Rad-Boom aufgreift, um eine ausf\u00fchrliche Tipp- und Tourensammlung zu publizieren.<\/p>\n<hr \/>\n<p><strong><span style=\"color: #808000;\">&#8211; GPS-Leinenweber-Tour: Mit dem Rad \u00fcber die hohe Alb<\/span><\/strong><br \/>\nSie dreht sich doch, die Sonne um die Erde. Zumindest noch im 17. Jahrhundert. Doch war dies den Bewohnern in dem \u00e4rmlichen Laichinger H\u00e4uschen ziemlich gleich. F\u00fcr sie drehte sich die Welt um einen anderen Mittelpunkt: Die Leinenweberei.<\/p>\n<hr \/>\n<p><span style=\"color: #808000;\"><strong>&#8211; GPS-Bike-Tour: Die sch\u00f6nsten Trockent\u00e4ler auf der Alb<\/strong><\/span><br \/>\nWer ab Herrlingen bei Blaustein immer der Talsohle der Kleinen Lauter folgt, erlebt sein kleines Wunder. Hinter der Quelle geht es n\u00e4mlich talauf immer weiter, schier endlos, sanft, unmerklich die Alb hinauf. Eines der von unterirdischen Gew\u00e4ssern in wilden Schlingen modellierten Trockent\u00e4ler f\u00fchrt sogar bis ins 30 Kilometer entfernte Feldstetten hinauf.<\/p>\n<hr \/>\n<p><span style=\"color: #808000;\"><strong>&#8211; Natur: Rote Liste wird 50<\/strong><\/span><br \/>\nViele Tier- und Pflanzenarten k\u00e4mpfen ums \u00dcberleben, w\u00e4hrend die Gesellschaft weiter nur von Wohlstand tr\u00e4umt. Ein halbes Jahrhundert ist es nun her, dass in Deutschland gef\u00e4hrdete Spezies erstmals als \u201eRote Liste\u201c \u00f6ffentlichkeitswirksam zusammengefasst wurden. Das Schicksal der ausged\u00fcnnten Vogelwelt machte den Anfang. Es folgten 1977 Gef\u00e4hrdungslisten der Bl\u00fctenpflanzen. Dieser Kunstgriff hob Vogel- und Natur- und Umweltschutz auf ein neues mediales Level.<\/p>\n<hr \/>\n<p><span style=\"color: #808000;\"><strong>&#8211; GPS-R\u00f6mer-Wandertour: Hechingens Antike zu Fu\u00df erleben<\/strong><\/span><br \/>\nWas haben \u201eDie Trabantenstadt\u201c im Asterixband 17 und das R\u00f6mische Freilichtmuseum Hechingen gemeinsam? Beide Siedlungen traten 1971 in die \u00d6ffentlichkeit. Der Comic-Band thematisiert C\u00e4sars Feldzug als Fiktion, das Freilichtmuseum dagegen zeigt die Realit\u00e4t.<\/p>\n<hr \/>\n<p><span style=\"color: #808000;\"><strong>&#8211; TERMINE (im Corona-Modus)<br \/>\n<\/strong><\/span><\/p>\n<p>Hock, M\u00e4rkte, Musik und viel Kultur.<\/p>\n<p>&#8211; Und, und, und&#8230;<\/p>\n<p>****************************************************<\/p>\n<p>SPH\u00c4RE-Magazin-Profil: Die Sph\u00e4re begleitet das Biosph\u00e4rengebiet und stellt deren Menschen sowie die Besonderheiten der Schw\u00e4bischen Alb in den Mittelpunkt des Themenspektrums. Sie begeistert f\u00fcr Ideen, b\u00fcrgt f\u00fcr eine unabh\u00e4ngige Berichterstattung und l\u00e4dt ihre Leser zum Mitdenken und Mitmachen ein.<\/p>\n<p>Mediadaten und Anzeigenpreise zum Magazin finden Sie <a href=\"https:\/\/www.biosphaere-alb.com\/wordpress\/wp-content\/uploads\/2018\/11\/SPHAERE_Mediadaten.pdf\" target=\"_blank\" rel=\"noopener noreferrer\">hier &gt;&gt;<\/a><\/p>\n<hr \/>\n<p><span style=\"color: #999999;\"><em>Fotos:\u00a0Steffen_Steinhaeusser<\/em><\/span><\/p>\n","protected":false},"excerpt":{"rendered":"<p>Themenmagazin: Vorschau Heft 1\/2021 (ab 1. 4. 2021) Themenmagazin: Biken \u2013 neue Lust auf Natur und Freiheit Nur 11 Euro\/Jahr: Sph\u00e4re abonnieren &gt;&gt;<\/p>\n","protected":false},"author":2,"featured_media":16518,"comment_status":"closed","ping_status":"closed","sticky":false,"template":"","format":"standard","meta":{"footnotes":""},"categories":[1],"tags":[],"class_list":["post-16517","post","type-post","status-publish","format-standard","has-post-thumbnail","hentry","category-allgemein"],"_links":{"self":[{"href":"https:\/\/www.biosphaere-alb.com\/wordpress\/index.php?rest_route=\/wp\/v2\/posts\/16517","targetHints":{"allow":["GET"]}}],"collection":[{"href":"https:\/\/www.biosphaere-alb.com\/wordpress\/index.php?rest_route=\/wp\/v2\/posts"}],"about":[{"href":"https:\/\/www.biosphaere-alb.com\/wordpress\/index.php?rest_route=\/wp\/v2\/types\/post"}],"author":[{"embeddable":true,"href":"https:\/\/www.biosphaere-alb.com\/wordpress\/index.php?rest_route=\/wp\/v2\/users\/2"}],"replies":[{"embeddable":true,"href":"https:\/\/www.biosphaere-alb.com\/wordpress\/index.php?rest_route=%2Fwp%2Fv2%2Fcomments&post=16517"}],"version-history":[{"count":8,"href":"https:\/\/www.biosphaere-alb.com\/wordpress\/index.php?rest_route=\/wp\/v2\/posts\/16517\/revisions"}],"predecessor-version":[{"id":16702,"href":"https:\/\/www.biosphaere-alb.com\/wordpress\/index.php?rest_route=\/wp\/v2\/posts\/16517\/revisions\/16702"}],"wp:featuredmedia":[{"embeddable":true,"href":"https:\/\/www.biosphaere-alb.com\/wordpress\/index.php?rest_route=\/wp\/v2\/media\/16518"}],"wp:attachment":[{"href":"https:\/\/www.biosphaere-alb.com\/wordpress\/index.php?rest_route=%2Fwp%2Fv2%2Fmedia&parent=16517"}],"wp:term":[{"taxonomy":"category","embeddable":true,"href":"https:\/\/www.biosphaere-alb.com\/wordpress\/index.php?rest_route=%2Fwp%2Fv2%2Fcategories&post=16517"},{"taxonomy":"post_tag","embeddable":true,"href":"https:\/\/www.biosphaere-alb.com\/wordpress\/index.php?rest_route=%2Fwp%2Fv2%2Ftags&post=16517"}],"curies":[{"name":"wp","href":"https:\/\/api.w.org\/{rel}","templated":true}]}}