{"id":1954,"date":"2011-02-11T16:05:13","date_gmt":"2011-02-11T15:05:13","guid":{"rendered":"http:\/\/www.biosphaere-alb.com\/wordpress\/?p=1954"},"modified":"2011-02-11T21:08:08","modified_gmt":"2011-02-11T20:08:08","slug":"partner-im-geiste","status":"publish","type":"post","link":"https:\/\/www.biosphaere-alb.com\/wordpress\/?p=1954","title":{"rendered":"Partner im Geiste"},"content":{"rendered":"<p><img loading=\"lazy\" decoding=\"async\" class=\"alignnone size-full wp-image-772\" title=\"radio_logo\" src=\"https:\/\/www.biosphaere-alb.com\/wordpress\/wp-content\/uploads\/2010\/11\/radio_logo.gif\" alt=\"\" width=\"32\" height=\"30\" \/> <em>Podcast: Die ersten Partner des Biosph\u00e4rengebietes zertifiziert<\/em><\/p>\n<p><strong><img loading=\"lazy\" decoding=\"async\" class=\"alignnone size-full wp-image-1961\" title=\"biosphaerenpartner_IMG_5636\" src=\"https:\/\/www.biosphaere-alb.com\/wordpress\/wp-content\/uploads\/2011\/02\/biosphaerenpartner_IMG_5636.jpg\" alt=\"\" width=\"320\" height=\"213\" srcset=\"https:\/\/www.biosphaere-alb.com\/wordpress\/wp-content\/uploads\/2011\/02\/biosphaerenpartner_IMG_5636.jpg 320w, https:\/\/www.biosphaere-alb.com\/wordpress\/wp-content\/uploads\/2011\/02\/biosphaerenpartner_IMG_5636-160x106.jpg 160w, https:\/\/www.biosphaere-alb.com\/wordpress\/wp-content\/uploads\/2011\/02\/biosphaerenpartner_IMG_5636-140x93.jpg 140w\" sizes=\"auto, (max-width: 320px) 100vw, 320px\" \/><\/strong><\/p>\n<p><strong>M\u00fcnsingen-Auingen:<\/strong> Wer k\u00fcnftig gem\u00e4\u00df dem Leitbild des Biosph\u00e4rengebietes produziert, wirtschaftet oder das \u00f6ffentliche Leben bereichert, kann \u201ePartner des Biosph\u00e4rengebietes Schw\u00e4bische Alb\u201c werden und mit dem begehrten Logo werben.\u00a0Die \u00f6ffentliche Urkunden\u00fcbergabe an die insgesamt 63 frisch zertifizierten Partner des Biosph\u00e4rengebiets sowie <!--more-->zehn EMAS (Eco-Management and Audit Scheme) -zertifizierte Biosph\u00e4renhotels war eine Premiere f\u00fcr das neue, von der UNESCO anerkannte Gro\u00dfschutzgebiet auf der Schw\u00e4bischen Alb. Dies sei ein Meilenstein, unterstrich Landrat Thomas Reumann.<\/p>\n<p><img loading=\"lazy\" decoding=\"async\" title=\"radio_logo\" src=\"https:\/\/www.biosphaere-alb.com\/wordpress\/wp-content\/uploads\/2010\/11\/radio_logo.gif\" alt=\"\" width=\"32\" height=\"30\" \/><\/p>\n<p><img loading=\"lazy\" decoding=\"async\" class=\"alignnone size-thumbnail wp-image-1959\" title=\"achim_nagel_IMG_5642\" src=\"https:\/\/www.biosphaere-alb.com\/wordpress\/wp-content\/uploads\/2011\/02\/achim_nagel_IMG_5642-150x150.jpg\" alt=\"\" width=\"150\" height=\"150\" srcset=\"https:\/\/www.biosphaere-alb.com\/wordpress\/wp-content\/uploads\/2011\/02\/achim_nagel_IMG_5642-150x150.jpg 150w, https:\/\/www.biosphaere-alb.com\/wordpress\/wp-content\/uploads\/2011\/02\/achim_nagel_IMG_5642-92x92.jpg 92w\" sizes=\"auto, (max-width: 150px) 100vw, 150px\" \/> <object style=\"width: 100px; height: 20px;\" classid=\"clsid:02bf25d5-8c17-4b23-bc80-d3488abddc6b\" width=\"100\" height=\"20\" codebase=\"http:\/\/www.apple.com\/qtactivex\/qtplugin.cab#version=6,0,2,0\"><param name=\"autoplay\" value=\"false\" \/><param name=\"src\" value=\"https:\/\/www.biosphaere-alb.com\/wordpress\/wp-content\/uploads\/2011\/02\/Interview_achim_nagel.mp3\" \/><embed style=\"width: 100px; height: 20px;\" type=\"video\/quicktime\" width=\"100\" height=\"20\" src=\"https:\/\/www.biosphaere-alb.com\/wordpress\/wp-content\/uploads\/2011\/02\/Interview_achim_nagel.mp3\" autoplay=\"false\"><\/embed><\/object><\/p>\n<p><a href=\"https:\/\/www.biosphaere-alb.com\/wordpress\/wp-content\/uploads\/2011\/02\/Interview_achim_nagel.mp3\" target=\"_blank\"><em>Interview-Download: Achim Nagel koordiniert die Biosph\u00e4ren-Partner<\/em><\/a><\/p>\n<p><img loading=\"lazy\" decoding=\"async\" title=\"radio_logo\" src=\"https:\/\/www.biosphaere-alb.com\/wordpress\/wp-content\/uploads\/2010\/11\/radio_logo.gif\" alt=\"\" width=\"32\" height=\"30\" \/><\/p>\n<p><img loading=\"lazy\" decoding=\"async\" class=\"alignnone size-thumbnail wp-image-1962\" title=\"rolf_herzig_IMG_5645\" src=\"https:\/\/www.biosphaere-alb.com\/wordpress\/wp-content\/uploads\/2011\/02\/rolf_herzig_IMG_56451-150x150.jpg\" alt=\"\" width=\"150\" height=\"150\" srcset=\"https:\/\/www.biosphaere-alb.com\/wordpress\/wp-content\/uploads\/2011\/02\/rolf_herzig_IMG_56451-150x150.jpg 150w, https:\/\/www.biosphaere-alb.com\/wordpress\/wp-content\/uploads\/2011\/02\/rolf_herzig_IMG_56451-92x92.jpg 92w\" sizes=\"auto, (max-width: 150px) 100vw, 150px\" \/> <object classid=\"clsid:02bf25d5-8c17-4b23-bc80-d3488abddc6b\" width=\"100\" height=\"20\" codebase=\"http:\/\/www.apple.com\/qtactivex\/qtplugin.cab#version=6,0,2,0\"><param name=\"autoplay\" value=\"false\" \/><param name=\"src\" value=\"https:\/\/www.biosphaere-alb.com\/wordpress\/wp-content\/uploads\/2011\/02\/Interview_Herzig_biosphaerenbotschafter.mp3\" \/><embed type=\"video\/quicktime\" width=\"100\" height=\"20\" src=\"https:\/\/www.biosphaere-alb.com\/wordpress\/wp-content\/uploads\/2011\/02\/Interview_Herzig_biosphaerenbotschafter.mp3\" autoplay=\"false\"><\/embed><\/object><\/p>\n<p><a href=\"https:\/\/www.biosphaere-alb.com\/wordpress\/wp-content\/uploads\/2011\/02\/Interview_Herzig_biosphaerenbotschafter.mp3\" target=\"_blank\"><em>Interview-Download: Rolf Herzig erh\u00e4lt Partnerurkunde des Biosph\u00e4rengebiets<\/em><\/a><\/p>\n<p>Hintergrund dieser Urkunden\u00fcbergabe ist die Partner-Initiative des Biosph\u00e4rengebiets Schw\u00e4bische Alb. Zw\u00f6lf Nationalparks, ein Naturpark und das Biosph\u00e4rengebiet Schw\u00e4bische Alb arbeiten gemeinsam deutschlandweit an dieser Initiative. Die Partner-Initiative des Biosph\u00e4rengebiets wurde im September 2010 seitens der \u201eNationalen Naturlandschaften\u201c (Europarc Deutschland), der Dachmarke der deutschen Gro\u00dfschutzgebiete, als erste Biosph\u00e4renreservats-Partner-Initiative \u00fcberhaupt offiziell anerkannt. Damit hat die Gesch\u00e4ftstelle des Biosph\u00e4rengebiets nunmehr die M\u00f6glichkeit, sogenannte Partner des Biosph\u00e4rengebiets zu zertifizieren. Diese erhalten das offizielle Partner-Logo und werden aktiv in das Marketing mit einbezogen. Im Gegenzug erf\u00fcllen sie hohe Standards im Bereich Natur- und Umweltschutz sowie Regionalit\u00e4t und Service. Die Mitarbeiter der Gesch\u00e4ftsstellen Biosph\u00e4rengebiet und PLENUM Schw\u00e4bische Alb arbeiten vor Ort gemeinsam an der Umsetzung der Partner-Initiative.<\/p>\n<p>F\u00fcr Betriebe in den Bereichen Gastronomie und Hotellerie wurden daf\u00fcr ebenso Kriterien entwickelt wie f\u00fcr Natur- und Landschaftsf\u00fchrer oder au\u00dferschulische Bildungspartner. Dar\u00fcber hinaus sind erste Qualit\u00e4tskriterien f\u00fcr Informationszentren und Tourismusinformationsstellen in der Diskussion. Die PLENUM-Gesch\u00e4ftsstelle (Projekt des Landes zur Erhaltung und Entwicklung von Natur und Umwelt) erarbeitet derzeit zudem erste Vorschl\u00e4ge f\u00fcr Betriebe der Nahrungsmittelproduktion mit Kontakt zu Touristen. F\u00fcr die Umsetzung der einzelnen Qualit\u00e4tskriterien wurde auf bestehende Zertifizierungs- und unabh\u00e4ngige Kontrollinstrumente des Bundes und des Landes, wie beispielsweise \u201eServicequalit\u00e4t Deutschland\u201c, \u201eSchmeck-den-S\u00fcden\u201c, \u201eEMAS\u201c (Eco-Management and Audit Scheme) oder \u201eBANU\u201c (Arbeitskreis der staatlich getragenen Umweltbildungsst\u00e4tten) zur\u00fcckgegriffen. Viele Partner haben die vereinbarten Kriterien nahezu vollst\u00e4ndig umgesetzt. So sind beispielsweise alle vierzig Natur- und Landschaftsf\u00fchrer nach \u201eBANU\u201c zertifiziert. Zehn Partner-Hotels haben mit Unterst\u00fctzung der Kontaktstelle f\u00fcr Umwelt und Entwicklung (KATE) in Stuttgart eine \u201eEMAS\u201c-Zertifizierung erreicht. Diese Ma\u00dfnahme wurde mit 44.000 Euro durch das Ministerium f\u00fcr Umwelt, Naturschutz und Verkehr gef\u00f6rdert. Weitere dreizehn neue \u201eSchmeck- den-S\u00fcden-Mitgliedsbetriebe\u201c wurden ebenfalls gewonnen. Damit liegen mehr als 10 Prozent dieser Betriebe in Baden-W\u00fcrttemberg im Biosph\u00e4rengebiet. Ein mit Akteuren aus dem \u00f6ffentlichen Bereich, der Privatwirtschaft und Verb\u00e4nden besetzter Vergaberat hat zuk\u00fcnftig die Aufgabe, das Partner-Logo zu vergeben oder gegebenenfalls auch zu entziehen. Dar\u00fcber hinaus schl\u00e4gt er m\u00f6gliche gemeinsame Projekte des Partner-Netzwerks vor.<\/p>\n<p><em>Angemessen gew\u00fcrdigt wurde die erstmalige \u00dcberreichung der Urkunden f\u00fcr die neuen Partner sowie die EMAS-Zertifizierungen f\u00fcr die Hoteliers auch durch die Anwesenheit prominenter G\u00e4ste aus Politik, Verwaltung und Wirtschaft. Auf die Begr\u00fc\u00dfung von B\u00fcrgermeister Mike M\u00fcnzing, zu dessen Zust\u00e4ndigkeit seit dem 01. Januar 2011 auch der Gutsbezirk M\u00fcnsingen z\u00e4hlt, folgten Gru\u00dfworte des Ministerialdirektors im Ministerium f\u00fcr Umwelt, Naturschutz und Verkehr, Bernhard Bauer, des Gesch\u00e4ftsf\u00fchrers der Tourismus Marketing GmbH Baden- W\u00fcrttemberg, Andreas Braun sowie von Landrat Thomas Reumann in der Funktion des 1. Vorsitzenden des Tourismusverbands Schw\u00e4bische Alb. Die insgesamt 73 Urkunden wurden einzelnen Akteuren stellvertretend \u00fcbergeben. So \u00fcbergab Bernhard Bauer die Partnerurkunden an Vertreter der Hotellerie und der ebenfalls anwesende T\u00fcbinger Regierungspr\u00e4sident Hermann Strampfer w\u00fcrdigte Vertreter der Gastronomie. Landrat Thomas Reumann zeichnete die Landschaftsf\u00fchrer aus und Petra Bernert, Leiterin der Gesch\u00e4ftsstelle Biosph\u00e4rengebiet, \u00fcbergab die Urkunden an die beiden au\u00dferschulischen Bildungspartner des Gro\u00dfschutzgebiets. Die \u00dcberreichung der EMAS-Zertifizierungen \u00fcbernahmen der Umweltreferent der IHK Ulm, Herr Werner K\u00fchl und Herr Dr. Albrecht Walcher, Projektmanager Umwelt und Energie bei der IHK Reutlingen.<\/em><\/p>\n<h3><span style=\"color: #800000;\">Sph\u00e4re-Wissen: Partner-Initiativen der Nationalen Naturlandschaften<\/span><\/h3>\n<p>Die vierzehn Partner-Initiativen im Rahmen der Nationalen Naturlandschaften haben es sich zur Aufgabe gemacht, das touristische Angebot in den Gro\u00dfschutzgebieten Deutschlands qualitativ hochwertig sowie natur- und umweltvertr\u00e4glich zu gestalten, best\u00e4ndig zu verbessern und sowohl G\u00e4sten als auch Bewohnern des jeweiligen Gro\u00dfschutzgebiets eine ansprechende Palette an Naturerlebnissen anzubieten. Gemeinsame Qualit\u00e4ts- und Umweltstandards sowie eine gemeinsame Partner-Marke sorgen bundesweit f\u00fcr ein einheitliches Marketing und ein hohes Niveau bei jedem zertifizierten Partnerbetrieb. Die Partner-Initiativen werden auch als Qualit\u00e4tsinitiativen im Deutschlandtourismus auf den Internetseiten des Deutschen Tourismusverbandes (DTV) gef\u00fchrt. \u00dcber 530 Partner aus den Bereichen Beherbergung und Gastronomie, Bahn und Bus, Ausflugsfahrten, Wald-, Watt- und G\u00e4stef\u00fchrungen und zahlreiche weitere Dienstleister sind inzwischen bundesweit ausgezeichnet worden.<\/p>\n<p><strong>Mehr Infos: <a href=\"https:\/\/www.biosphaere-alb.com\/wordpress\/?p=1923\" target=\"_self\">Leitbild Gro\u00dfschutzgebiete &gt;&gt;<\/a><\/strong><\/p>\n<p><strong>Mehr Infos: <\/strong><strong><a href=\"https:\/\/www.biosphaere-alb.com\/wordpress\/?p=37#more-37\" target=\"_self\">Was sind Biosph\u00e4rengastgeber &gt;&gt;<\/a><\/strong><\/p>\n","protected":false},"excerpt":{"rendered":"<p>Podcast: Die ersten Partner des Biosph\u00e4rengebietes zertifiziert M\u00fcnsingen-Auingen: Wer k\u00fcnftig gem\u00e4\u00df dem Leitbild des Biosph\u00e4rengebietes produziert, wirtschaftet oder das \u00f6ffentliche Leben bereichert, kann \u201ePartner des Biosph\u00e4rengebietes Schw\u00e4bische Alb\u201c werden und mit dem begehrten Logo werben.\u00a0Die \u00f6ffentliche Urkunden\u00fcbergabe an die insgesamt 63 frisch zertifizierten Partner des Biosph\u00e4rengebiets sowie<\/p>\n","protected":false},"author":2,"featured_media":0,"comment_status":"closed","ping_status":"closed","sticky":false,"template":"","format":"standard","meta":{"footnotes":""},"categories":[11,17,12],"tags":[],"class_list":["post-1954","post","type-post","status-publish","format-standard","hentry","category-gastronomie","category-meilensteine","category-podcast"],"_links":{"self":[{"href":"https:\/\/www.biosphaere-alb.com\/wordpress\/index.php?rest_route=\/wp\/v2\/posts\/1954","targetHints":{"allow":["GET"]}}],"collection":[{"href":"https:\/\/www.biosphaere-alb.com\/wordpress\/index.php?rest_route=\/wp\/v2\/posts"}],"about":[{"href":"https:\/\/www.biosphaere-alb.com\/wordpress\/index.php?rest_route=\/wp\/v2\/types\/post"}],"author":[{"embeddable":true,"href":"https:\/\/www.biosphaere-alb.com\/wordpress\/index.php?rest_route=\/wp\/v2\/users\/2"}],"replies":[{"embeddable":true,"href":"https:\/\/www.biosphaere-alb.com\/wordpress\/index.php?rest_route=%2Fwp%2Fv2%2Fcomments&post=1954"}],"version-history":[{"count":14,"href":"https:\/\/www.biosphaere-alb.com\/wordpress\/index.php?rest_route=\/wp\/v2\/posts\/1954\/revisions"}],"predecessor-version":[{"id":1956,"href":"https:\/\/www.biosphaere-alb.com\/wordpress\/index.php?rest_route=\/wp\/v2\/posts\/1954\/revisions\/1956"}],"wp:attachment":[{"href":"https:\/\/www.biosphaere-alb.com\/wordpress\/index.php?rest_route=%2Fwp%2Fv2%2Fmedia&parent=1954"}],"wp:term":[{"taxonomy":"category","embeddable":true,"href":"https:\/\/www.biosphaere-alb.com\/wordpress\/index.php?rest_route=%2Fwp%2Fv2%2Fcategories&post=1954"},{"taxonomy":"post_tag","embeddable":true,"href":"https:\/\/www.biosphaere-alb.com\/wordpress\/index.php?rest_route=%2Fwp%2Fv2%2Ftags&post=1954"}],"curies":[{"name":"wp","href":"https:\/\/api.w.org\/{rel}","templated":true}]}}