{"id":19738,"date":"2025-07-01T12:41:11","date_gmt":"2025-07-01T10:41:11","guid":{"rendered":"https:\/\/www.biosphaere-alb.com\/wordpress\/?p=19738"},"modified":"2025-10-29T18:12:14","modified_gmt":"2025-10-29T17:12:14","slug":"19738","status":"publish","type":"post","link":"https:\/\/www.biosphaere-alb.com\/wordpress\/?p=19738","title":{"rendered":""},"content":{"rendered":"<p><em>Vorschau Sommerausgabe 2\/2025 (ab 28. 7. 2025)<\/em><\/p>\n<p><span style=\"color: #99cc00;\"><strong class=\"\"><span class=\"Apple-style-span\">SPH\u00c4RE-Titelthema: 500 Jahre Bauernkrieg auf der Schw\u00e4bischen Alb<br \/>\n<\/span><\/strong><\/span><\/p>\n<p><strong><span style=\"color: #800000;\"><a style=\"color: #800000;\" href=\"https:\/\/biosphaere-alb.com\/wp-shop\" target=\"_blank\" rel=\"noopener noreferrer\"><span style=\"color: #008080;\">Nur 12 Euro\/Jahr: Sph\u00e4re abonnieren &gt;&gt;<\/span><\/a><\/span> <\/strong><!--more--><\/p>\n<p><span class=\"Apple-style-span\"><strong class=\"\">Sph\u00e4re widmet die Titelgeschichte dieser Ausgabe dem gro\u00dfen deutschen Bauernaufstand vor 500 Jahren \u2013 speziell aus der Perspektive der Schw\u00e4bischen Alb.<\/strong><\/span><\/p>\n<div class=\"\">Gefangen waren die Bauern. Sie geh\u00f6rten zur Scholle wie das Vieh zum Stall. Seit dem neunten Jahrhundert k\u00e4mpften sie ums \u00dcberleben. Grundherren m\u00e4sten sich mit ihrer Schaffenskraft. 1525 forderten die gepeinigten Bauern, wieder Mensch zu sein.<\/div>\n<div><\/div>\n<div><img loading=\"lazy\" decoding=\"async\" class=\"alignnone size-full wp-image-19737\" src=\"https:\/\/www.biosphaere-alb.com\/wordpress\/wp-content\/uploads\/2025\/07\/Titel_2_2025_RGB.jpg\" alt=\"\" width=\"250\" height=\"354\" srcset=\"https:\/\/www.biosphaere-alb.com\/wordpress\/wp-content\/uploads\/2025\/07\/Titel_2_2025_RGB.jpg 250w, https:\/\/www.biosphaere-alb.com\/wordpress\/wp-content\/uploads\/2025\/07\/Titel_2_2025_RGB-113x160.jpg 113w, https:\/\/www.biosphaere-alb.com\/wordpress\/wp-content\/uploads\/2025\/07\/Titel_2_2025_RGB-226x320.jpg 226w, https:\/\/www.biosphaere-alb.com\/wordpress\/wp-content\/uploads\/2025\/07\/Titel_2_2025_RGB-106x150.jpg 106w\" sizes=\"auto, (max-width: 250px) 100vw, 250px\" \/><\/div>\n<div><\/div>\n<div class=\"\"><span style=\"color: #808080;\"><span style=\"color: #808080;\"><em>Titelfoto: Ruine Hohenneuffen am Horizont<br \/>\n<\/em><\/span><\/span><\/div>\n<div>\n<hr \/>\n<\/div>\n<div><\/div>\n<p style=\"text-align: left;\"><span class=\"Apple-style-span\" style=\"font-size: 15px; font-weight: bold; color: #99cc00;\">Inhaltsangabe <span class=\"Apple-style-span\" style=\"font-weight: normal; font-size: 13px;\">(SPH\u00c4RE <span class=\"Apple-style-span\">Ausgabe 2\/2025 <\/span>August\/Sept.\/Okt.\/Nov.)<\/span><\/span><\/p>\n<p><strong>Titelthema<\/strong><\/p>\n<ul>\n<li><strong>500 Jahre Bauernkrieg an und auf der Alb <\/strong><\/li>\n<li>Freyheyt: 12 Artikel fordern Menschenrechte<\/li>\n<li>Chronik: Die vielen Schritte zur Freiheit<\/li>\n<li>Blutspur: Das Ende des Aufstands war grausam<\/li>\n<li>Urach: Im Machtzentrum der Feudalherren<\/li>\n<\/ul>\n<p><strong>Weitere Themen<br \/>\n<\/strong><\/p>\n<ul>\n<li><strong>Magazin<\/strong> Hechingen \u2013 Theaterst\u00fcck zum Bauernkrieg<\/li>\n<li><strong>GPS-Bike<\/strong> Bauernkrieg \u2013 auf den Spuren der Geschichte<\/li>\n<li><strong>Wandern<\/strong> Machen viele Wegweiser orientierungslos?<\/li>\n<li><strong>GPS-Tour<\/strong> Gl\u00fcck liegt dort, wo der Himmel beginnt<\/li>\n<li><strong>Zeitgeist<\/strong> Kassette war gestern, heute wird gestreamt<\/li>\n<li><strong>Picknick<\/strong> Genussvoll die Schw\u00e4bische Alb erwandern<\/li>\n<li><strong>Urlaub<\/strong> Bike-Reiseportr\u00e4t \u2013 Ferrara, Prag, Stra\u00dfburg<\/li>\n<li><strong>Finanzen<\/strong> Wer hat aus Schuldenkrisen gelernt?<\/li>\n<li><strong>Gestern<\/strong> Alltagsmedizin vor 500 Jahren<\/li>\n<\/ul>\n<hr \/>\n<p><strong><span class=\"Apple-style-span\" style=\"color: #99cc00;\">Themenbeschreibung<\/span><\/strong><\/p>\n<p><span style=\"color: #99cc00;\">&#8211; <span class=\"Apple-style-span\"><strong>Bike-Reiseportr\u00e4t:<\/strong> Ferrara, Prag und Stra\u00dfburg<\/span><\/span><br \/>\nParis, London New York \u2013 nein danke. Wer lebendige St\u00e4dte er(fahrrad)fahren will, fliegt nicht in der Weltgeschichte herum, sondern tritt bodenst\u00e4ndig in die Pedale. Sph\u00e4re stellt f\u00fcr die Urlaubssaison drei St\u00e4dte vor, die sich von der l\u00e4ndlichen Einsamkeit heraus mit dem Fahrrad oder E-Bike intensiv erleben lassen.<br \/>\nStadt, Land, Fluss \u2013 Ferrara, Prag, Stra\u00dfburg \u2013 Po, Moldau, ill*, ein Nebenfluss des Rheins: Drei historische Augenweiden an Wasserstra\u00dfen gelegen, erreichbar \u00fcber idyllische Radwege.<br \/>\n<span style=\"color: #808080;\"><em>Die Redakteure des SPH\u00c4RE-Magazins bereisen in loser Folge eindrucksvolle Landschaften, Reservate und Nationale Landschaften<\/em>.<\/span><\/p>\n<div class=\"\">\n<hr \/>\n<p><span style=\"color: #99cc00;\">&#8211; <span class=\"Apple-style-span\"><strong>GPS-Bike:<\/strong> Die 500-Jahre-Bauernkrieg-Albtour<\/span><\/span><br \/>\nDie einfachen Bauern und St\u00e4dter auf der Schw\u00e4bischen Alb vor 500 Jahren wollten raus aus dem Trott st\u00e4ndig wachsender Armut. Diese Radtour rollt auf den Spuren erster zarter Andeutung von Demokratie.<\/p>\n<hr \/>\n<p><span style=\"color: #99cc00;\">&#8211; <span class=\"Apple-style-span\"><strong>GPS-Tour<\/strong>: Gl\u00fcck liegt dort, wo der Himmel beginnt<\/span><\/span><br \/>\n<span class=\"Apple-style-span\">Fernsicht, Abendrot, messerscharfer Horizont. Wenn alle Wanderm\u00fchen einem<br \/>\nherausragenden Punkt zustreben, belohnt das Ziel mit buntem Feuerwerk an Emotionen.<\/span><\/p>\n<hr \/>\n<p><span style=\"color: #99cc00;\">&#8211; <strong>Wandern<\/strong>: Schilderwald<\/span><br \/>\nGPS-Touren, Online-Wanderportale, die Zeiten, als an B\u00e4ume gepinselte Rauten oder Dreiecke auf den rechten Pfad f\u00fchrten, sind gl\u00fccklicherweise vorbei. Bisweilen aber stimmt manch \u00fcberbordender Wanderschilderverhau nachdenklich, ob so viel stra\u00dfenbauliche Pedanterie zum puristischen Wandervergn\u00fcgen passt?<\/p>\n<hr \/>\n<p><span style=\"color: #99cc00;\">&#8211; <span class=\"Apple-style-span\"><strong>Gesundheit:<\/strong> Tischlein deck dich<\/span><\/span><br \/>\n<span class=\"Apple-style-span\">Fastfood, Tiefk\u00fchlkost \u2013 so wie Bergbahnen anstrengungsfrei den Bewegungshunger stillen, f\u00fcllt die Papptellerkultur genussfrei den Magen. Doch nur wer selbst kocht und wandert, wei\u00df: Erst die Anstrengung mobilisiert Gl\u00fccksgef\u00fchl als wohlverdienten Lohn. Sph\u00e4re pr\u00e4sentiert deshalb nicht nur Tipps f\u00fcr sch\u00f6ne Radler- und Wandertage, sondern zeigt mit sommerlichen Rezepten den reich gedeckten Tisch von Mutter Natur.<\/span><\/p>\n<\/div>\n<hr \/>\n<p><span style=\"color: #99cc00;\">&#8211; <strong>Finanzen<\/strong>: Wer hat aus Schuldenkrisen gelernt?<\/span><br \/>\nWie sieht ein solider Finanzhaushalt aus? Dar\u00fcber scheiden sich erneut die Geister. Nach der Eurokrise 2009 beherzigten Bund, L\u00e4nder und auch die Alb-Gemeinden Angela Merkels rettende Option: Man k\u00f6nne nicht auf Dauer \u00fcber seine Verh\u00e4ltnisse leben.<\/p>\n<hr \/>\n<p>&#8211;<span style=\"color: #99cc00;\"> <strong>Zeitgeist<\/strong>: Musikkassette war gestern, heute wird gestreamt<\/span><br \/>\nVor 90 Jahren l\u00e4uteten Tonb\u00e4nder das Zeitalter musikalischer Sammelleidenschaft ein. Vor 63 Jahren revolutionierte die Kassette die Musikbranche.<\/p>\n<hr \/>\n<p><span style=\"color: #99cc00;\">&#8211; <strong>Das war gestern<\/strong>: Alltagsmedizin vor 500 Jahren<\/span><br \/>\nZwischen Kr\u00e4utern und Konstellationen \u2013 wie die Medizin zur Zeit der Bauernkriege vor 500 Jahren neu zu denken begann.<\/p>\n<hr \/>\n<p><span style=\"color: #99cc00;\"><strong>&#8211; TERMINE <\/strong>(als PRINT-Version)<strong><br \/>\n<\/strong><\/span><\/p>\n<p>Hock, M\u00e4rkte, Musik und viel Kultur.<\/p>\n<p>&#8211; Und, und, und&#8230;<\/p>\n<p>****************************************************<\/p>\n<p><span style=\"color: #99cc00;\"><strong>SPH\u00c4RE-Magazin-Profil:<\/strong> <\/span>Die Sph\u00e4re begleitet das Biosph\u00e4rengebiet und stellt deren Menschen sowie die Besonderheiten der Schw\u00e4bischen Alb in den Mittelpunkt des Themenspektrums. Sie begeistert f\u00fcr Ideen, b\u00fcrgt f\u00fcr eine unabh\u00e4ngige Berichterstattung und l\u00e4dt ihre Leser zum Mitdenken und Mitmachen ein.<\/p>\n<p>Mediadaten und Anzeigenpreise zum Magazin finden Sie <span style=\"color: #99cc00;\"><a style=\"color: #99cc00;\" href=\"https:\/\/www.biosphaere-alb.com\/wordpress\/wp-content\/uploads\/2018\/11\/SPHAERE_Mediadaten.pdf\" target=\"_blank\" rel=\"noopener noreferrer\">hier &gt;&gt;<\/a><\/span><\/p>\n","protected":false},"excerpt":{"rendered":"<p>Vorschau Sommerausgabe 2\/2025 (ab 28. 7. 2025) SPH\u00c4RE-Titelthema: 500 Jahre Bauernkrieg auf der Schw\u00e4bischen Alb Nur 12 Euro\/Jahr: Sph\u00e4re abonnieren &gt;&gt;<\/p>\n","protected":false},"author":2,"featured_media":19737,"comment_status":"closed","ping_status":"closed","sticky":false,"template":"","format":"standard","meta":{"footnotes":""},"categories":[1],"tags":[],"class_list":["post-19738","post","type-post","status-publish","format-standard","has-post-thumbnail","hentry","category-allgemein"],"_links":{"self":[{"href":"https:\/\/www.biosphaere-alb.com\/wordpress\/index.php?rest_route=\/wp\/v2\/posts\/19738","targetHints":{"allow":["GET"]}}],"collection":[{"href":"https:\/\/www.biosphaere-alb.com\/wordpress\/index.php?rest_route=\/wp\/v2\/posts"}],"about":[{"href":"https:\/\/www.biosphaere-alb.com\/wordpress\/index.php?rest_route=\/wp\/v2\/types\/post"}],"author":[{"embeddable":true,"href":"https:\/\/www.biosphaere-alb.com\/wordpress\/index.php?rest_route=\/wp\/v2\/users\/2"}],"replies":[{"embeddable":true,"href":"https:\/\/www.biosphaere-alb.com\/wordpress\/index.php?rest_route=%2Fwp%2Fv2%2Fcomments&post=19738"}],"version-history":[{"count":5,"href":"https:\/\/www.biosphaere-alb.com\/wordpress\/index.php?rest_route=\/wp\/v2\/posts\/19738\/revisions"}],"predecessor-version":[{"id":19744,"href":"https:\/\/www.biosphaere-alb.com\/wordpress\/index.php?rest_route=\/wp\/v2\/posts\/19738\/revisions\/19744"}],"wp:featuredmedia":[{"embeddable":true,"href":"https:\/\/www.biosphaere-alb.com\/wordpress\/index.php?rest_route=\/wp\/v2\/media\/19737"}],"wp:attachment":[{"href":"https:\/\/www.biosphaere-alb.com\/wordpress\/index.php?rest_route=%2Fwp%2Fv2%2Fmedia&parent=19738"}],"wp:term":[{"taxonomy":"category","embeddable":true,"href":"https:\/\/www.biosphaere-alb.com\/wordpress\/index.php?rest_route=%2Fwp%2Fv2%2Fcategories&post=19738"},{"taxonomy":"post_tag","embeddable":true,"href":"https:\/\/www.biosphaere-alb.com\/wordpress\/index.php?rest_route=%2Fwp%2Fv2%2Ftags&post=19738"}],"curies":[{"name":"wp","href":"https:\/\/api.w.org\/{rel}","templated":true}]}}