{"id":19990,"date":"2025-10-29T18:12:43","date_gmt":"2025-10-29T17:12:43","guid":{"rendered":"https:\/\/www.biosphaere-alb.com\/wordpress\/?p=19990"},"modified":"2026-03-06T10:33:29","modified_gmt":"2026-03-06T09:33:29","slug":"19990","status":"publish","type":"post","link":"https:\/\/www.biosphaere-alb.com\/wordpress\/?p=19990","title":{"rendered":""},"content":{"rendered":"<p><em>Themenvorschau Winterausgabe Heft 3\/2025 (ab 3. 11.)<\/em><\/p>\n<p><span style=\"color: #800000;\"><b class=\"\"><span class=\"Apple-style-span\"><span class=\"Apple-style-span\">SPH\u00c4RE-TITELTHEMA: Sph\u00e4re zerlegt den Winter in seine Spektralfarben + Ski- und Loipenkarte<\/span><\/span><\/b><\/span><\/p>\n<p><strong><span style=\"color: #800000;\"><a style=\"color: #800000;\" href=\"https:\/\/biosphaere-alb.com\/wp-shop\" target=\"_blank\" rel=\"noopener noreferrer\"><span style=\"color: #008080;\">Nur 12 Euro\/Jahr: Sph\u00e4re abonnieren &gt;&gt;<\/span><\/a><\/span> <\/strong><br \/>\n<!--more--><\/p>\n<p><a href=\"https:\/\/www.biosphaere-alb.com\/wordpress\/?p=11491\" target=\"_blank\" rel=\"noopener noreferrer\"><span style=\"color: #008080;\"><strong>Loipenbericht und kostenloser Karten-Download &gt;&gt;<\/strong><\/span><\/a><\/p>\n<p><strong>Sph\u00e4re blickt mit dieser Titelgeschichte 20 Jahre zur\u00fcck auf die Schlie\u00dfung des M\u00fcnsinger Truppen\u00fcbungsplatzes.<\/strong><\/p>\n<p>Unsichtbar wie das hauchd\u00fcnne Gestrick eines lichten Vorhangs zog sich ein imagin\u00e4rer Wall quer durch das schw\u00e4bische Alb-Land. Auf der einen Seite M\u00fcnsingen, auf der anderen Seite R\u00f6mersteins Zainingen. Kein Zaun, kein Stacheldraht markierte 130 Jahre lang die Grenze zum ehemaligen Truppen\u00fcbungsplatz. Und dennoch riegelte das Nichts, aufgespannt zwischen den schwarzgelben Pfosten der Warnschilder, ein gigantisches 67 Quadratkilometer gro\u00dfes Gebiet hermetisch ab: damals Sperrgebiet. Heute eine faszinierende Kulturlandschaft, an der die Jahre (fast) spurlos vor\u00fcbergingen.<\/p>\n<div><span class=\"Apple-style-span\" style=\"font-size: 15px; font-weight: bold; color: #ff6600;\"> <img loading=\"lazy\" decoding=\"async\" class=\"alignnone size-full wp-image-19992\" src=\"https:\/\/www.biosphaere-alb.com\/wordpress\/wp-content\/uploads\/2025\/10\/Titel_3_2025_RGB.jpg\" alt=\"\" width=\"250\" height=\"354\" srcset=\"https:\/\/www.biosphaere-alb.com\/wordpress\/wp-content\/uploads\/2025\/10\/Titel_3_2025_RGB.jpg 250w, https:\/\/www.biosphaere-alb.com\/wordpress\/wp-content\/uploads\/2025\/10\/Titel_3_2025_RGB-113x160.jpg 113w, https:\/\/www.biosphaere-alb.com\/wordpress\/wp-content\/uploads\/2025\/10\/Titel_3_2025_RGB-226x320.jpg 226w, https:\/\/www.biosphaere-alb.com\/wordpress\/wp-content\/uploads\/2025\/10\/Titel_3_2025_RGB-106x150.jpg 106w\" sizes=\"auto, (max-width: 250px) 100vw, 250px\" \/><br \/>\n<\/span><\/div>\n<p style=\"text-align: left;\"><span class=\"Apple-style-span\" style=\"font-size: 15px; font-weight: bold; color: #008080;\">Inhaltsangabe <span class=\"Apple-style-span\" style=\"font-weight: normal; font-size: 13px;\">(SPH\u00c4RE Ausgabe 3\/2025 Dezember\/Jan.\/Feb.\/Mrz.)<\/span><\/span><\/p>\n<blockquote><p><strong>Titelgeschichte: Jubil\u00e4um alter Truppen\u00fcbungsplatz<br \/>\n<\/strong><\/p>\n<ul>\n<li>Waffen sprechen, Waffen treffen. Doch die Narben auf dem seit 20 Jahren ge\u00f6ffneten Kampfgel\u00e4nde sind verheilt. Eine 130 Jahre<br \/>\nkonservierte Natur und ungew\u00f6hnliche Freizeitoase stellt sich vor.<\/li>\n<\/ul>\n<\/blockquote>\n<p><strong><img loading=\"lazy\" decoding=\"async\" class=\"alignright size-thumbnail wp-image-99\" src=\"https:\/\/www.biosphaere-alb.com\/wordpress\/wp-content\/uploads\/2010\/11\/Karte-150x150.jpg\" alt=\"\" width=\"150\" height=\"150\" srcset=\"https:\/\/www.biosphaere-alb.com\/wordpress\/wp-content\/uploads\/2010\/11\/Karte-150x150.jpg 150w, https:\/\/www.biosphaere-alb.com\/wordpress\/wp-content\/uploads\/2010\/11\/Karte-92x92.jpg 92w\" sizes=\"auto, (max-width: 150px) 100vw, 150px\" \/>Winter-Spezial<\/strong><\/p>\n<ul>\n<li><span style=\"color: #008080;\"><strong>Service<\/strong> Gro\u00dfe Ski- und Loipenkarte \u2013 300 Kilometer Schneevergn\u00fcgen<\/span><b><br \/>\n<\/b><\/li>\n<li><span class=\"Apple-style-span\">Karte als PDF kostenfrei <a href=\"https:\/\/biosphaere-alb.com\/wp-shop\/?p=282\" target=\"_blank\" rel=\"noopener noreferrer\"><span style=\"color: #008080;\">hier &gt;&gt;<\/span><\/a><\/span><\/li>\n<\/ul>\n<p style=\"text-align: left;\"><strong>Weitere Themen<br \/>\n<\/strong><\/p>\n<ul>\n<li><strong>Magazin<\/strong> Berg-Bier Streifenkalender neu aufgelegt<\/li>\n<li><strong>Radsport<\/strong> Florian Lipowitz macht Laichingen ber\u00fchmt<\/li>\n<li><strong>GPS-Bike<\/strong> Tour de Albsteige \u2013 auf Lipos Lieblingsstrecke<\/li>\n<li><strong>Skilaufen<\/strong> Loipenkarte \u2013 300 Kilometer Schneespa\u00df<\/li>\n<li><strong>GPS-Tour<\/strong> Seilschaft \u2013 Felsenpfade bei Gutenberg<\/li>\n<li><strong>Zeitgeist<\/strong> Wie dem Hahnenschrei die Stunde schlug<\/li>\n<li><strong>Urlaub<\/strong> Hike &amp; Bike im einst kleinsten Staat Europas<\/li>\n<li><strong>Wohnen<\/strong> Energiesparen hilft Geldbeutel und Klima<\/li>\n<\/ul>\n<hr \/>\n<h3><span class=\"Apple-style-span\" style=\"font-size: 15px; font-weight: bold; color: #008080;\">Themenbeschreibung<\/span><\/h3>\n<div class=\"\">\n<p><span style=\"color: #008080;\"><strong>&#8211; SPH\u00c4RE-Titelthema:<\/strong> <\/span>Unsichtbar wie das hauchd\u00fcnne Gestrick eines lichten Vorhangs zog sich ein imagin\u00e4rer Wall quer durch das schw\u00e4bische Alb-Land. Auf der einen Seite M\u00fcnsingen, auf der anderen Seite R\u00f6mersteins Zainingen. Kein Zaun, kein Stacheldraht markierte 130 Jahre lang die Grenze zum ehemaligen Truppen\u00fcbungsplatz. Und dennoch riegelte das Nichts, aufgespannt zwischen den schwarzgelben Pfosten der Warnschilder, ein gigantisches 67 Quadratkilometer gro\u00dfes Gebiet hermetisch ab: damals Sperrgebiet. Heute eine faszinierende Kulturlandschaft, an der die Jahre (fast) spurlos vor\u00fcbergingen.<\/p>\n<hr \/>\n<p><span style=\"color: #008080;\">&#8211; <strong>Naturportr\u00e4t: <\/strong>Einer der kleinsten unabh\u00e4ngigen Staaten des neuzeitlichen Europas entdecken<br \/>\n<\/span>Jeder kennt die urigen franz\u00f6sischen Vogesen, das Pendant zum Schwarzwald. Aber wer kennt dort die in den wilden Mischw\u00e4ldern versteckte Gemeinde \u201eSenones\u201c? Mit 2300 Einwohnern wirklich eine Stadt, obwohl kaum gr\u00f6\u00dfer als ein Albd\u00f6rflein. Statt historischer Bauernh\u00e4user, Scheunen und Stallungen wie auf der Alb, prahlt dort im els\u00e4ssischen Nirgendwo allerdings ein massiger, goldgelber Glockenturm eines mittelalterlichen Klosters in die herbstliche Abendsonne hinein, umringt von staatstragenden Pal\u00e4sten, Kasernen, Schl\u00f6ssern, f\u00fcrstlichen Wohnh\u00e4usern und franz\u00f6sischen G\u00e4rten. Denn von 1751 bis 1793 firmierte dieses \u00d6rtchen als Hauptstadt, als Residenz eines unabh\u00e4ngigen Staates. Umgeben vom gro\u00dfen Frankreich war dem Salm-Salm F\u00fcrstenturm als kleine Exklave des Heiligen R\u00f6mischen Reichs einige Jahre herrschaftliche Existenz verg\u00f6nnt \u2013 bis Deutschland im Ersten und Zweiten Weltkrieg dieses Kleinod in Tr\u00fcmmer legte.<br \/>\n<span style=\"color: #808080;\"><em>Die Redakteure des SPH\u00c4RE-Magazin bereisen in loser Folge eindrucksvolle Landschaften, Reservate und Nationale Landschaften.<\/em><\/span><\/p>\n<hr \/>\n<p><span style=\"color: #008080;\">&#8211; <strong>GPS-Bike: <\/strong>Ein Hauch von Tour de France<\/span><br \/>\nWas hat die Ochsenwanger Steige von Hepsisau auf die Alb hinauf gemein mit dem gewaltigen Passanstieg hoch auf den Mont Ventoux, dem Schauplatz der monumentalen Bergankunft bei der diesj\u00e4hrigen Tour de France? Beide geh\u00f6ren sie zu den Lieblingsrampen des drittplatzierten und besten Jungprofis der gro\u00dfen Frankreichrundfahrt 2025: Florian Lipowitz, Gewinner des wei\u00dfen Trikots, Schwabe, \u00c4lbler, in Laichingen aufgewachsen, dort eingeschult, \u00fcber die Langlaufloipen der Schw\u00e4bischen Alb gefegt und: Sich leidenschaftlich bei seinem Intervalltraining an eben diesem verwunschen sch\u00f6nen Asphaltanstieg ab Hepsisau hinauf in den Vulkanschlund des Randecker Mars erfolgreich gequ\u00e4lt.<br \/>\nSph\u00e4re nimmt dies zum Anlass den Lieblingspass dieses 24 Jahre jungen Radsportkometen in einer beschaulichen 30-Kilometer-Tour vorzustellen. Denn wie \u00fcber den Mont Ventoux gibt es \u00fcber diese kleine Albsteige viel zu erz\u00e4hlen.<\/p>\n<hr \/>\n<p><span style=\"color: #008080;\"><strong>&#8211; Zeitgeist:<\/strong> Wie dem Hahnenschrei die Stunde schlug<\/span><br \/>\nEin \u00c4lbler, der Justinger Johannes St\u00f6ffler, Mathematiker, Physiker und Astronom, konstruierte 1511 die astronomische Uhr des T\u00fcbinger Rathauses. Bis heute taktet dies ausget\u00fcftelte R\u00e4derwerk das Leben rund um den Marktplatz sekundengenau. Doch seit den 1970er-Jahren l\u00e4uteten die elektronischen Quarzuhren das Ende der mechanischen Zeitmessung ein.<br \/>\nVon der Taschenuhr zum Handgelenk und nun wieder in die Tasche zur\u00fcck, hei\u00dft der aktuelle Trend seit 2006, als wegen iPhone und Co. die modernen Chronografen immer seltener den linken Arm zieren \u2013 es sei denn die Armbanduhr misst den Puls, den Blutsauerstoff, die Schlafqualit\u00e4t, zeigt den Standort, telefoniert, z\u00e4hlt die Schritte \u2026\u2026\u2026\u2026..<\/p>\n<hr \/>\n<p><span style=\"color: #008080;\">&#8211; <strong>GPS-Winterwandertipp: <\/strong>Gutenberg \u2013 hinauf \u00fcber alpine Pfade<\/span><br \/>\nKalt und trotzdem wird\u00b4s hei\u00df auf der 555-H\u00f6henmeterrunde. Wer im Winter entlang steil-schroffer Felsw\u00e4nde entlang die Alb hinauf balancieren will, eine der faszinierendsten Albschluchten bestaunen will und gleichzeitig eine der aussichtsreichsten H\u00f6hlenwelten erklimmen will, sollte sich diesen Wandertipp unbedingt f\u00fcr die eisigen Tage vormerken. Denn: Der entlaubte Winterwald gibt den Blick frei in die ganze Weite, den hier die Lauter des Lenninger Tals meisterhaft modellierte.<\/p>\n<hr \/>\n<\/div>\n<p><span style=\"color: #008080;\">&#8211;<strong> Skilanglaufkarte:<\/strong> Wei\u00dfe Pracht \u2013 die sch\u00f6nsten Loipen auf der Mittleren Schw\u00e4bischen Alb<\/span><\/p>\n<p>Wie jedes Jahr wird ein gro\u00dfer Loipenplan und Liftverzeichnis in der Heftmitte zeigen, wo der Ski gut gleitet. Mehrere 100 Kilometer Langlaufspuren \u00fcberziehen die Alb, verkn\u00fcpft mit einem Netz an Flutlicht-Skiliften, Winterwanderwegen und Pferdeschlittenrouten. Lust auf Wei\u00df? Der Albwinter kann kommen.<\/p>\n<p><img loading=\"lazy\" decoding=\"async\" class=\"alignnone size-full wp-image-99\" src=\"https:\/\/www.biosphaere-alb.com\/wordpress\/wp-content\/uploads\/2010\/11\/Karte.jpg\" alt=\"\" width=\"320\" height=\"208\" srcset=\"https:\/\/www.biosphaere-alb.com\/wordpress\/wp-content\/uploads\/2010\/11\/Karte.jpg 320w, https:\/\/www.biosphaere-alb.com\/wordpress\/wp-content\/uploads\/2010\/11\/Karte-140x91.jpg 140w\" sizes=\"auto, (max-width: 320px) 100vw, 320px\" \/><\/p>\n<p>&nbsp;<\/p>\n<hr \/>\n<p><span style=\"color: #008080;\"><strong>&#8211; TERMINE<\/strong><\/span><\/p>\n<p>Hock, M\u00e4rkte, Musik und viel Kultur.<\/p>\n<p>&#8211; Und, und, und&#8230;<\/p>\n<p>****************************************************<\/p>\n<p><span style=\"color: #008080;\"><strong>SPH\u00c4RE-Magazin-Profil:<\/strong><\/span> Die Sph\u00e4re begleitet das Biosph\u00e4rengebiet und stellt deren Menschen sowie die Besonderheiten der Schw\u00e4bischen Alb in den Mittelpunkt des Themenspektrums. Sie begeistert f\u00fcr Ideen, b\u00fcrgt f\u00fcr eine unabh\u00e4ngige Berichterstattung und l\u00e4dt ihre Leser zum Mitdenken und Mitmachen ein.<\/p>\n<p>Mediadaten und Anzeigenpreise zum Magazin finden Sie <a href=\"https:\/\/www.biosphaere-alb.com\/wordpress\/wp-content\/uploads\/2018\/11\/SPHAERE_Mediadaten.pdf\" target=\"_blank\" rel=\"noopener noreferrer\">hier &gt;&gt;<\/a><\/p>\n","protected":false},"excerpt":{"rendered":"<p>Themenvorschau Winterausgabe Heft 3\/2025 (ab 3. 11.) SPH\u00c4RE-TITELTHEMA: Sph\u00e4re zerlegt den Winter in seine Spektralfarben + Ski- und Loipenkarte Nur 12 Euro\/Jahr: Sph\u00e4re abonnieren &gt;&gt;<\/p>\n","protected":false},"author":2,"featured_media":19992,"comment_status":"closed","ping_status":"closed","sticky":false,"template":"","format":"standard","meta":{"footnotes":""},"categories":[1],"tags":[],"class_list":["post-19990","post","type-post","status-publish","format-standard","has-post-thumbnail","hentry","category-allgemein"],"_links":{"self":[{"href":"https:\/\/www.biosphaere-alb.com\/wordpress\/index.php?rest_route=\/wp\/v2\/posts\/19990","targetHints":{"allow":["GET"]}}],"collection":[{"href":"https:\/\/www.biosphaere-alb.com\/wordpress\/index.php?rest_route=\/wp\/v2\/posts"}],"about":[{"href":"https:\/\/www.biosphaere-alb.com\/wordpress\/index.php?rest_route=\/wp\/v2\/types\/post"}],"author":[{"embeddable":true,"href":"https:\/\/www.biosphaere-alb.com\/wordpress\/index.php?rest_route=\/wp\/v2\/users\/2"}],"replies":[{"embeddable":true,"href":"https:\/\/www.biosphaere-alb.com\/wordpress\/index.php?rest_route=%2Fwp%2Fv2%2Fcomments&post=19990"}],"version-history":[{"count":2,"href":"https:\/\/www.biosphaere-alb.com\/wordpress\/index.php?rest_route=\/wp\/v2\/posts\/19990\/revisions"}],"predecessor-version":[{"id":19993,"href":"https:\/\/www.biosphaere-alb.com\/wordpress\/index.php?rest_route=\/wp\/v2\/posts\/19990\/revisions\/19993"}],"wp:featuredmedia":[{"embeddable":true,"href":"https:\/\/www.biosphaere-alb.com\/wordpress\/index.php?rest_route=\/wp\/v2\/media\/19992"}],"wp:attachment":[{"href":"https:\/\/www.biosphaere-alb.com\/wordpress\/index.php?rest_route=%2Fwp%2Fv2%2Fmedia&parent=19990"}],"wp:term":[{"taxonomy":"category","embeddable":true,"href":"https:\/\/www.biosphaere-alb.com\/wordpress\/index.php?rest_route=%2Fwp%2Fv2%2Fcategories&post=19990"},{"taxonomy":"post_tag","embeddable":true,"href":"https:\/\/www.biosphaere-alb.com\/wordpress\/index.php?rest_route=%2Fwp%2Fv2%2Ftags&post=19990"}],"curies":[{"name":"wp","href":"https:\/\/api.w.org\/{rel}","templated":true}]}}