{"id":2030,"date":"2011-02-21T19:53:02","date_gmt":"2011-02-21T18:53:02","guid":{"rendered":"http:\/\/www.biosphaere-alb.com\/wordpress\/?p=2030"},"modified":"2011-03-07T14:57:05","modified_gmt":"2011-03-07T13:57:05","slug":"ohne-wald-keine-zeitung","status":"publish","type":"post","link":"https:\/\/www.biosphaere-alb.com\/wordpress\/?p=2030","title":{"rendered":"Ohne Wald keine Zeitung"},"content":{"rendered":"<p><em>Plakat-Aktion als\u00a0Kampagne zum Internationalen Jahr der W\u00e4lder<\/em><\/p>\n<p><em>:<br \/>\n<\/em><img loading=\"lazy\" decoding=\"async\" class=\"alignleft size-thumbnail wp-image-2032\" title=\"jahr_des_waldes\" src=\"https:\/\/www.biosphaere-alb.com\/wordpress\/wp-content\/uploads\/2011\/02\/jahr_des_waldes-150x150.jpg\" alt=\"\" width=\"150\" height=\"150\" srcset=\"https:\/\/www.biosphaere-alb.com\/wordpress\/wp-content\/uploads\/2011\/02\/jahr_des_waldes-150x150.jpg 150w, https:\/\/www.biosphaere-alb.com\/wordpress\/wp-content\/uploads\/2011\/02\/jahr_des_waldes-92x92.jpg 92w\" sizes=\"auto, (max-width: 150px) 100vw, 150px\" \/>\u201eOhne Wald bleibt der Ofen kalt&#8220;. Und: \u201eOhne Wald keine Zeitung&#8220;. Plakate mit diesen oder anderen Slogans findet man in den n\u00e4chsten Wochen an vielen Stellen der W\u00e4lder im Land.<!--more--><\/p>\n<p>Der Landesbetrieb Forst Baden-W\u00fcrttemberg und das Reutlinger Kreisforstamt wollen damit in den n\u00e4chsten Wochen und Monaten auf die Bedeutung des Rohstoffes Holz f\u00fcr unseren Alltag hinweisen. &#8222;Wir m\u00f6chten die Waldbesucher daran erinnern, wo ihnen \u00fcberall Holz und Holzprodukte begegnen, die aus den B\u00e4umen unserer heimischen W\u00e4lder gewonnen werden,&#8220; erl\u00e4utert Georg Kemmner vom Kreisforstamt die Hintergr\u00fcnde der Aktion, die im Zusammenhang mit dem internationalen Jahr der W\u00e4lder stattfindet.<\/p>\n<p>In den n\u00e4chsten Wochen werden die F\u00f6rster \u00fcberall in Baden-W\u00fcrttemberg an Holzpoltern, Waldh\u00fctten, Waldspielpl\u00e4tzen, Wanderparkpl\u00e4tzen und anderen Orten im und am Wald Poster anbringen mit Schriftz\u00fcgen wie &#8222;Ohne Wald kein Bett, kein Stuhl, kein Tisch&#8220; oder &#8222;Ohne Wald bleibt der Ofen kalt&#8220;. &#8222;Vielen Menschen ist weder gel\u00e4ufig, welch&#8216; gro\u00dfe Bedeutung Holz und Holzprodukte im t\u00e4glichen Leben einnehmen, noch dass der Gro\u00dfteil dieses Holzes aus unseren heimischen W\u00e4ldern stammt. Um diesen Bezug zwischen Wald, Forstwirtschaft und Holzprodukten st\u00e4rker ins Bewusstsein zu r\u00fccken, werden Poster im Wald aufgeh\u00e4ngt &#8211; und damit am \u2028Ursprungsort der sp\u00e4teren Produkte&#8220;, erkl\u00e4rt Kemmner vom Reutlinger Kreisforstamt.<\/p>\n<p>Die gesamte Poster-Serie ist zum Beispiel am Parkplatz vor dem Bad Uracher Wasserfall oder am Wertholzplatz in Reutlingen zu sehen. Die Poster werden nach Ende der Aktion wieder entfernt.<\/p>\n<p>Die Aktion l\u00e4uft landesweit und ist der Beginn einer Vielzahl von Aktionen und Veranstaltungen, die das ganze Jahr \u00fcber stattfinden und dadurch die Aufmerksamkeit auf das von den Vereinten Nationen erkl\u00e4rte internationale Jahr der W\u00e4lder 2011 lenken sollen.<br \/>\nIm Landkreis geht es schon am 21. M\u00e4rz 2011, dem Tag des Waldes, weiter. Landrat Thomas Reumann wird dann im Landratsamt Reutlingen eine im Laufe des Jahres durch alle Gemeinden des Landkreises wandernde Ausstellung er\u00f6ffnen. Diese informiert \u00fcber den Wald im Landkreis Reutlingen, speziell \u00fcber den jeweiligen Stadt- oder Gemeindewald. Bei der Er\u00f6ffnungsausstellung, die bis zum 31. M\u00e4rz im Landratsamt gezeigt wird, sind einmalig die Informationen zu allen Kommunalw\u00e4ldern des Landkreises gemeinsam zu sehen.<\/p>\n<p>Dar\u00fcber hinaus werden an diesem Tag massive Holzb\u00e4nke vorgestellt, die dann vor den Rath\u00e4usern aller waldbesitzenden Gemeinden des Landkreises aufgestellt werden &#8211; und dort zum Ausruhen und Nachdenken einladen. Im Jahreslauf folgen Exkursionen und verschiedene Veranstaltungen, etwa der Mittelwaldtag am 7. Mai in Riederich\/Metzingen.<\/p>\n<p><img loading=\"lazy\" decoding=\"async\" class=\"alignright size-thumbnail wp-image-2031\" title=\"Logo_jahr_des_waldes\" src=\"https:\/\/www.biosphaere-alb.com\/wordpress\/wp-content\/uploads\/2011\/02\/Logo_jahr_des_waldes-150x150.jpg\" alt=\"\" width=\"150\" height=\"150\" srcset=\"https:\/\/www.biosphaere-alb.com\/wordpress\/wp-content\/uploads\/2011\/02\/Logo_jahr_des_waldes-150x150.jpg 150w, https:\/\/www.biosphaere-alb.com\/wordpress\/wp-content\/uploads\/2011\/02\/Logo_jahr_des_waldes-92x92.jpg 92w\" sizes=\"auto, (max-width: 150px) 100vw, 150px\" \/>Hier\u00fcber informiert das Kreisforstamt zeitnah, gr\u00f6\u00dfere Termine k\u00f6nnen auch im Internet eingesehen werden: <a href=\"http:\/\/www.Wald2011.de\" target=\"_blank\">www.Wald2011.de <\/a><\/p>\n","protected":false},"excerpt":{"rendered":"<p>Plakat-Aktion als\u00a0Kampagne zum Internationalen Jahr der W\u00e4lder : \u201eOhne Wald bleibt der Ofen kalt&#8220;. Und: \u201eOhne Wald keine Zeitung&#8220;. Plakate mit diesen oder anderen Slogans findet man in den n\u00e4chsten Wochen an vielen Stellen der W\u00e4lder im Land.<\/p>\n","protected":false},"author":2,"featured_media":0,"comment_status":"closed","ping_status":"closed","sticky":false,"template":"","format":"standard","meta":{"footnotes":""},"categories":[14,15],"tags":[],"class_list":["post-2030","post","type-post","status-publish","format-standard","hentry","category-naturschutz","category-politik"],"_links":{"self":[{"href":"https:\/\/www.biosphaere-alb.com\/wordpress\/index.php?rest_route=\/wp\/v2\/posts\/2030","targetHints":{"allow":["GET"]}}],"collection":[{"href":"https:\/\/www.biosphaere-alb.com\/wordpress\/index.php?rest_route=\/wp\/v2\/posts"}],"about":[{"href":"https:\/\/www.biosphaere-alb.com\/wordpress\/index.php?rest_route=\/wp\/v2\/types\/post"}],"author":[{"embeddable":true,"href":"https:\/\/www.biosphaere-alb.com\/wordpress\/index.php?rest_route=\/wp\/v2\/users\/2"}],"replies":[{"embeddable":true,"href":"https:\/\/www.biosphaere-alb.com\/wordpress\/index.php?rest_route=%2Fwp%2Fv2%2Fcomments&post=2030"}],"version-history":[{"count":4,"href":"https:\/\/www.biosphaere-alb.com\/wordpress\/index.php?rest_route=\/wp\/v2\/posts\/2030\/revisions"}],"predecessor-version":[{"id":2140,"href":"https:\/\/www.biosphaere-alb.com\/wordpress\/index.php?rest_route=\/wp\/v2\/posts\/2030\/revisions\/2140"}],"wp:attachment":[{"href":"https:\/\/www.biosphaere-alb.com\/wordpress\/index.php?rest_route=%2Fwp%2Fv2%2Fmedia&parent=2030"}],"wp:term":[{"taxonomy":"category","embeddable":true,"href":"https:\/\/www.biosphaere-alb.com\/wordpress\/index.php?rest_route=%2Fwp%2Fv2%2Fcategories&post=2030"},{"taxonomy":"post_tag","embeddable":true,"href":"https:\/\/www.biosphaere-alb.com\/wordpress\/index.php?rest_route=%2Fwp%2Fv2%2Ftags&post=2030"}],"curies":[{"name":"wp","href":"https:\/\/api.w.org\/{rel}","templated":true}]}}