{"id":20394,"date":"2026-03-10T18:46:14","date_gmt":"2026-03-10T17:46:14","guid":{"rendered":"https:\/\/www.biosphaere-alb.com\/wordpress\/?p=20394"},"modified":"2026-03-10T18:46:34","modified_gmt":"2026-03-10T17:46:34","slug":"wolf-darf-weiterleben","status":"publish","type":"post","link":"https:\/\/www.biosphaere-alb.com\/wordpress\/?p=20394","title":{"rendered":"Wolf darf weiterleben"},"content":{"rendered":"<p><em>Wolf-Abschussgenehmigung wir nicht verl\u00e4ngert.<\/em><\/p>\n<p>Das Umweltministerium wird die bis 10. M\u00e4rz befristete artenschutzrechtliche Ausnahmegenehmigung zum Abschuss des Hornisgrinde-Wolfes GW2672m nicht verl\u00e4ngern.<!--more--><\/p>\n<p><img loading=\"lazy\" decoding=\"async\" class=\"alignnone size-full wp-image-12939\" src=\"https:\/\/www.biosphaere-alb.com\/wordpress\/wp-content\/uploads\/2017\/12\/wolf_3BFW4506.jpg\" alt=\"\" width=\"700\" height=\"475\" srcset=\"https:\/\/www.biosphaere-alb.com\/wordpress\/wp-content\/uploads\/2017\/12\/wolf_3BFW4506.jpg 700w, https:\/\/www.biosphaere-alb.com\/wordpress\/wp-content\/uploads\/2017\/12\/wolf_3BFW4506-160x109.jpg 160w, https:\/\/www.biosphaere-alb.com\/wordpress\/wp-content\/uploads\/2017\/12\/wolf_3BFW4506-472x320.jpg 472w, https:\/\/www.biosphaere-alb.com\/wordpress\/wp-content\/uploads\/2017\/12\/wolf_3BFW4506-150x102.jpg 150w\" sizes=\"auto, (max-width: 700px) 100vw, 700px\" \/><\/p>\n<p><span style=\"color: #808080;\"><em>Symbolfoto<\/em><\/span><\/p>\n<p>In der Folge werden die Erkenntnisse der vergangenen Wochen genutzt, um angepasste Konzepte zur Vergr\u00e4mung des Wolfes au\u00dferhalb der so genannten Ranzzeit zu entwickeln.<\/p>\n<p>Die Ausnahmegenehmigung fu\u00dfte auf Monitoring-Ergebnissen der Forstwirtschaftlichen Versuchs- und Forschungsanstalt (FVA) aus den Jahren 2024 bis 2026, die eine deutliche Zunahme kritischer Begegnungen des Wolfes mit Menschen in der Ranzzeit von Januar bis Anfang M\u00e4rz belegten. Um sich zu paaren, suchte der R\u00fcde in dieser Phase verst\u00e4rkt Kontakt zu H\u00fcndinnen. Menschen kam er dabei in der Vergangenheit bis auf einen Abstand von wenigen Metern nahe.<\/p>\n<p>Nach Einsch\u00e4tzung der FVA wird durch das Ende der aktuellen Ranzzeit das Interesse des Wolfs GW2672m an Hunden erfahrungsgem\u00e4\u00df abnehmen. Tats\u00e4chlich sind die Sichtungsmeldungen 2026 bereits im Februar im Vergleich zum vorherigen Monat deutlich zur\u00fcckgegangen. Im Jahr 2025 war dies erst Mitte M\u00e4rz der Fall. Auf dieser fachlichen Basis wird die Ausnahmegenehmigung zum Abschuss nicht verl\u00e4ngert.<\/p>\n<p>Nach Einsch\u00e4tzung der FVA-Experten wird sich allerdings am grunds\u00e4tzlichen Verhalten des Wolfes ohne Eingriffe voraussichtlich nichts \u00e4ndern. Da die potentielle Gef\u00e4hrdung von Menschen zur n\u00e4chsten Ranzzeit ohne nachhaltige Verhaltens\u00e4nderung des Wolfes wieder eintreten wird, beauftragt das Umweltministerium die FVA, aktualisierte Konzepte zur Vergr\u00e4mung des Wolfes auszuarbeiten.<\/p>\n<p>Dazu soll das Monitoring im Revier des Wolfes ausgebaut und intensiviert werden. Basis wird dabei auch eine Auswertung der Eins\u00e4tze des Entnahmeteams sein und die daraus resultierenden Erkenntnisse \u00fcber das aktuelle Verhalten des Wolfes. Leitfrage wird sein, ob der Wolf durch die deutlich erh\u00f6hten &#8211; auch n\u00e4chtlichen &#8211; menschlichen Aktivit\u00e4ten in seinem Revier andere feste Routinen entwickelt hat.<br \/>\nBisherige Bet\u00e4ubungsversuche \u2013 zuletzt im Januar 2026 &#8211; mit Ansitzen an Gebietsmarken, die er zuvor h\u00e4ufig aufgesucht hatte, waren gescheitert, weil der Wolf seine Routen kurzfristig ge\u00e4ndert hatte. Eine gezielte Auswertung der Erfahrungen der vergangenen Wochen soll zeigen, ob sich nun neue belastbare Vorhersagen zu Aufenthalt und Verhaltensweisen des Tieres ableiten lassen, aus denen sich erfolgversprechendere Vergr\u00e4mungsans\u00e4tze entwickeln lassen. Ziel ist, dass der R\u00fcde k\u00fcnftig dauerhaft ein nat\u00fcrliches &#8211; menschenscheues &#8211; Gebaren zeigt.<\/p>\n<p>Umweltministerin Thekla Walker: \u201eWir legen die H\u00e4nde nicht in den Scho\u00df. Wir m\u00fcssen die Situation genau beobachten. Dazu brauchen wir die Mithilfe der Menschen vor Ort: Bitte provozieren Sie keine Begegnungen mit dem Wolf und beachten Sie die \u00fcberall in der Region ausgeh\u00e4ngten Verhaltenshinweise. Sichtungen sollten jedoch unbedingt an die FVA gemeldet werden. Nur bei einem engmaschigen Monitoring haben Vergr\u00e4mungsma\u00dfnahmen Aussicht auf Erfolg.\u201c<\/p>\n","protected":false},"excerpt":{"rendered":"<p>Wolf-Abschussgenehmigung wir nicht verl\u00e4ngert. Das Umweltministerium wird die bis 10. M\u00e4rz befristete artenschutzrechtliche Ausnahmegenehmigung zum Abschuss des Hornisgrinde-Wolfes GW2672m nicht verl\u00e4ngern.<\/p>\n","protected":false},"author":2,"featured_media":12939,"comment_status":"closed","ping_status":"closed","sticky":false,"template":"","format":"standard","meta":{"footnotes":""},"categories":[1],"tags":[],"class_list":["post-20394","post","type-post","status-publish","format-standard","has-post-thumbnail","hentry","category-allgemein"],"_links":{"self":[{"href":"https:\/\/www.biosphaere-alb.com\/wordpress\/index.php?rest_route=\/wp\/v2\/posts\/20394","targetHints":{"allow":["GET"]}}],"collection":[{"href":"https:\/\/www.biosphaere-alb.com\/wordpress\/index.php?rest_route=\/wp\/v2\/posts"}],"about":[{"href":"https:\/\/www.biosphaere-alb.com\/wordpress\/index.php?rest_route=\/wp\/v2\/types\/post"}],"author":[{"embeddable":true,"href":"https:\/\/www.biosphaere-alb.com\/wordpress\/index.php?rest_route=\/wp\/v2\/users\/2"}],"replies":[{"embeddable":true,"href":"https:\/\/www.biosphaere-alb.com\/wordpress\/index.php?rest_route=%2Fwp%2Fv2%2Fcomments&post=20394"}],"version-history":[{"count":2,"href":"https:\/\/www.biosphaere-alb.com\/wordpress\/index.php?rest_route=\/wp\/v2\/posts\/20394\/revisions"}],"predecessor-version":[{"id":20396,"href":"https:\/\/www.biosphaere-alb.com\/wordpress\/index.php?rest_route=\/wp\/v2\/posts\/20394\/revisions\/20396"}],"wp:featuredmedia":[{"embeddable":true,"href":"https:\/\/www.biosphaere-alb.com\/wordpress\/index.php?rest_route=\/wp\/v2\/media\/12939"}],"wp:attachment":[{"href":"https:\/\/www.biosphaere-alb.com\/wordpress\/index.php?rest_route=%2Fwp%2Fv2%2Fmedia&parent=20394"}],"wp:term":[{"taxonomy":"category","embeddable":true,"href":"https:\/\/www.biosphaere-alb.com\/wordpress\/index.php?rest_route=%2Fwp%2Fv2%2Fcategories&post=20394"},{"taxonomy":"post_tag","embeddable":true,"href":"https:\/\/www.biosphaere-alb.com\/wordpress\/index.php?rest_route=%2Fwp%2Fv2%2Ftags&post=20394"}],"curies":[{"name":"wp","href":"https:\/\/api.w.org\/{rel}","templated":true}]}}