{"id":207,"date":"2010-11-16T16:58:32","date_gmt":"2010-11-16T15:58:32","guid":{"rendered":"http:\/\/www.biosphaere-alb.com\/wordpress\/?p=207"},"modified":"2025-12-02T10:11:06","modified_gmt":"2025-12-02T09:11:06","slug":"biospharenzentrum-sonderveroffentlichung","status":"publish","type":"post","link":"https:\/\/www.biosphaere-alb.com\/wordpress\/?p=207","title":{"rendered":"Biosph\u00e4renzentrum (Sonderdruck)"},"content":{"rendered":"<p><em>Ausstellung: Die Alb im Westentaschenformat<\/em><\/p>\n<p><img loading=\"lazy\" decoding=\"async\" class=\"alignright\" style=\"border: 0px initial initial;\" src=\"http:\/\/www.biosphaere-alb.com\/interaktive_karte\/PDFpool\/media\/Sonderveroeffentlichung_2.jpg\" alt=\"Biosph\u00e4renzentrum Sonderdruck\" width=\"250\" height=\"166\" border=\"0\" \/>In diesem PDF-Download erfahren Sie alles, was Sie zum Thema Biosph\u00e4renzentrum wissen m\u00fcssen. Das Biosph\u00e4renzentrum ist die erste Anlaufstelle f\u00fcr das Biosph\u00e4rengebiet Schw\u00e4bische Alb. \u201eInfos zum UNESCO-Gro\u00dfschutzgebiet, ein vielf\u00e4ltiges Veranstaltungsangebot zu aktuellen Themen, eine interaktive Dauerausstellung, &#8230; <!--more-->aber auch ganz praktische Tipps f\u00fcr Ausfl\u00fcge und Wanderungen im Biosph\u00e4rengebiet: Das alles d\u00fcrfen Besucher im k\u00fcnftigen Biosph\u00e4renzentrum erwarten\u201c.<\/p>\n<p><a href=\"http:\/\/www.biosphaere-alb.com\/interaktive_karte\/PDFpool\/PDF\/Biosphaerenzentrum_Sonderdruck.pdf\" target=\"_blank\" rel=\"noopener\"><span style=\"color: #cc6600;\"><img loading=\"lazy\" decoding=\"async\" src=\"http:\/\/www.biosphaere-alb.com\/interaktive_karte\/PDFpool\/media\/pdf.gif\" alt=\"PDF-Shop\" width=\"39\" height=\"18\" align=\"absmiddle\" border=\"0\" \/><\/span><span style=\"color: #800000;\">PDF<\/span><span style=\"color: #cc6600;\"><span style=\"color: #800000;\">-Download &#8211; kostenloses Sph\u00e4re-Spezial &gt;&gt;<\/span><\/span><\/a><\/p>\n<hr \/>\n<p><span style=\"color: #cc6600;\"><span style=\"color: #000000;\"><em>Printausgabe: Sph\u00e4re 2\/2010, Seite 22-25<\/em><\/span><\/span><\/p>\n<p><em>WEBcode 172102<\/em><\/p>\n","protected":false},"excerpt":{"rendered":"<p>Ausstellung: Die Alb im Westentaschenformat In diesem PDF-Download erfahren Sie alles, was Sie zum Thema Biosph\u00e4renzentrum wissen m\u00fcssen. Das Biosph\u00e4renzentrum ist die erste Anlaufstelle f\u00fcr das Biosph\u00e4rengebiet Schw\u00e4bische Alb. \u201eInfos zum UNESCO-Gro\u00dfschutzgebiet, ein vielf\u00e4ltiges Veranstaltungsangebot zu aktuellen Themen, eine interaktive Dauerausstellung, &#8230;<\/p>\n","protected":false},"author":2,"featured_media":0,"comment_status":"closed","ping_status":"closed","sticky":false,"template":"","format":"standard","meta":{"footnotes":""},"categories":[21,22,18],"tags":[],"class_list":["post-207","post","type-post","status-publish","format-standard","hentry","category-pdf-shop","category-printausgabe-archiv","category-sehenswurdigkeiten"],"_links":{"self":[{"href":"https:\/\/www.biosphaere-alb.com\/wordpress\/index.php?rest_route=\/wp\/v2\/posts\/207","targetHints":{"allow":["GET"]}}],"collection":[{"href":"https:\/\/www.biosphaere-alb.com\/wordpress\/index.php?rest_route=\/wp\/v2\/posts"}],"about":[{"href":"https:\/\/www.biosphaere-alb.com\/wordpress\/index.php?rest_route=\/wp\/v2\/types\/post"}],"author":[{"embeddable":true,"href":"https:\/\/www.biosphaere-alb.com\/wordpress\/index.php?rest_route=\/wp\/v2\/users\/2"}],"replies":[{"embeddable":true,"href":"https:\/\/www.biosphaere-alb.com\/wordpress\/index.php?rest_route=%2Fwp%2Fv2%2Fcomments&post=207"}],"version-history":[{"count":12,"href":"https:\/\/www.biosphaere-alb.com\/wordpress\/index.php?rest_route=\/wp\/v2\/posts\/207\/revisions"}],"predecessor-version":[{"id":20052,"href":"https:\/\/www.biosphaere-alb.com\/wordpress\/index.php?rest_route=\/wp\/v2\/posts\/207\/revisions\/20052"}],"wp:attachment":[{"href":"https:\/\/www.biosphaere-alb.com\/wordpress\/index.php?rest_route=%2Fwp%2Fv2%2Fmedia&parent=207"}],"wp:term":[{"taxonomy":"category","embeddable":true,"href":"https:\/\/www.biosphaere-alb.com\/wordpress\/index.php?rest_route=%2Fwp%2Fv2%2Fcategories&post=207"},{"taxonomy":"post_tag","embeddable":true,"href":"https:\/\/www.biosphaere-alb.com\/wordpress\/index.php?rest_route=%2Fwp%2Fv2%2Ftags&post=207"}],"curies":[{"name":"wp","href":"https:\/\/api.w.org\/{rel}","templated":true}]}}