{"id":2156,"date":"2011-03-14T19:03:25","date_gmt":"2011-03-14T18:03:25","guid":{"rendered":"http:\/\/www.biosphaere-alb.com\/wordpress\/?p=2156"},"modified":"2012-02-03T21:50:14","modified_gmt":"2012-02-03T20:50:14","slug":"1-munsinger-schafauftrieb","status":"publish","type":"post","link":"https:\/\/www.biosphaere-alb.com\/wordpress\/?p=2156","title":{"rendered":"M\u00fcnsinger: 1. Schafauftrieb"},"content":{"rendered":"<p style=\"text-align: left;\"><em>Tourismus: <\/em><em>1. M\u00fcnsinger Schafauftrieb und Schafsweg<\/em><\/p>\n<p style=\"text-align: left;\"><img loading=\"lazy\" decoding=\"async\" class=\"alignleft size-full wp-image-271\" title=\"IMG_3981_Schaf\" src=\"https:\/\/www.biosphaere-alb.com\/wordpress\/wp-content\/uploads\/2010\/11\/IMG_39811.jpg\" alt=\"Schafe\" width=\"160\" height=\"107\" srcset=\"https:\/\/www.biosphaere-alb.com\/wordpress\/wp-content\/uploads\/2010\/11\/IMG_39811.jpg 160w, https:\/\/www.biosphaere-alb.com\/wordpress\/wp-content\/uploads\/2010\/11\/IMG_39811-140x93.jpg 140w\" sizes=\"auto, (max-width: 160px) 100vw, 160px\" \/>Anl\u00e4sslich der erstmalig ausgerufenen Biosph\u00e4renwoche vom 13. \u2013 22. Mai 2011 soll dieser seit Urzeiten \u00fcbliche Schaftrieb nun zur Basis f\u00fcr eine ganz spezielle und authentische Veranstaltung in M\u00fcnsingen werden. Erstmals werden deshalb am Sonntag, 15. Mai\u00a0 um 11.00 Uhr die Schafe<!--more--> direkt durch die Hauptstra\u00dfe vorbei den Zuschauern aus nah und fern getrieben. Gleichzeitig findet in der Innenstadt der\u00a0 7. M\u00fcnsinger Kunst- und Gartenmarkt statt.<\/p>\n<p style=\"text-align: left;\">Schafe sind seit jeher ein unverwechselbares Markenzeichen der Alb und des Biosph\u00e4rengebietes.\u00a0Auch heute noch weiden auf dem ehemaligen Truppen\u00fcbungsplatz M\u00fcnsingen zwischen 25.000 und 30.000 Schafe. Jedes Jahr im Fr\u00fchjahr treibt Stadtsch\u00e4fer Gerhard Stotz seine Schafe von den M\u00fcnsinger St\u00e4llen auf die Sommerweiden bei Gruorn. Der Weg f\u00fchrte bisher immer um die Stadt herum.<\/p>\n<p style=\"text-align: left;\">Begleitend zu diesem Veranstaltungskern stimmt die Volkshochschule M\u00fcnsingen am Donnerstag,<\/p>\n<p style=\"text-align: left;\">12. Mai mit dem Vortrag \u201eWandersch\u00e4ferei in Europa\u201c auf dieses Ereignis ein. Am Freitag, 13. Mai gibt es ein Konzert zur Wiederentdeckung des \u201eGruorner Bauramarsch\u201c mit der Gruppe \u201eDeitsch\u201c in der M\u00fcnsinger Zehntscheuer. Zum Einsatz kommen bei diesem Konzert neben Kontrabass, Geige und Akkordeon auch die Schw\u00e4bische Sch\u00e4fersackpfeife \u2013 eine Art Dudelsack. Bereits in der Woche vor dem Auftrieb wird M\u00fcnsingens Volkshochschule mit einem Vortrag \u00fcber die Wandersch\u00e4ferei auf dieses Ereignis einstimmen.<\/p>\n<p style=\"text-align: left;\"><img loading=\"lazy\" decoding=\"async\" class=\"alignright size-medium wp-image-2157\" title=\"muensingen_84FB3857\" src=\"https:\/\/www.biosphaere-alb.com\/wordpress\/wp-content\/uploads\/2011\/03\/muensingen_84FB3857-160x107.jpg\" alt=\"\" width=\"160\" height=\"107\" srcset=\"https:\/\/www.biosphaere-alb.com\/wordpress\/wp-content\/uploads\/2011\/03\/muensingen_84FB3857-160x107.jpg 160w, https:\/\/www.biosphaere-alb.com\/wordpress\/wp-content\/uploads\/2011\/03\/muensingen_84FB3857-140x93.jpg 140w, https:\/\/www.biosphaere-alb.com\/wordpress\/wp-content\/uploads\/2011\/03\/muensingen_84FB3857.jpg 320w\" sizes=\"auto, (max-width: 160px) 100vw, 160px\" \/>Begleitend zum Schafauftrieb wird der \u201eM\u00fcnsinger Schafsweg\u201c eingerichtet, der durch die gesamte Innenstadt f\u00fchren wird und mit kunstvoll und originell gestalteten Schafen der Ladenbesitzer und Anlieger best\u00fcckt wird. In einem eigens erstellten Prospekt sind die Standorte aller Schafe mitsamt ihren Phantasienamen vermerkt. Schon der Einzug der wei\u00dfen Schafsrohlinge wird dabei zum Event: Am 07. April werden sie angeliefert. F\u00fcr den 07. Mai ist die Aufstellung der individuell gestalteten Schafskulpturen auf dem \u201eM\u00fcnsinger Schafsweg\u201c geplant und am 14. Mai findet die Pr\u00e4mierung statt. Bis zum Biosph\u00e4renmarkt am 03. Oktober sind die Schafe in der Innenstadt zu bewundern, danach ist eine Versteigerung zugunsten der M\u00fcnsinger Stadtstiftung vorgesehen.<\/p>\n<p style=\"text-align: left;\">Ein weiteres Highlight ist das Schafserlebnis rund um den historischen Markplatz, das mit dem \u201eLammkarree\u201c am 14. und 15. Mai, das Tier und die Geschichte der Schafhalterei in das Zentrum der Stadt und den Mittelpunkt der \u00d6ffentlichkeit bringt. Im \u201eLamm-Karr\u00e8e\u201c dreht sich alles um das Thema Lamm, vom Essen, \u00fcber Bekleidung und Schafhalterei.<\/p>\n","protected":false},"excerpt":{"rendered":"<p>Tourismus: 1. M\u00fcnsinger Schafauftrieb und Schafsweg Anl\u00e4sslich der erstmalig ausgerufenen Biosph\u00e4renwoche vom 13. \u2013 22. Mai 2011 soll dieser seit Urzeiten \u00fcbliche Schaftrieb nun zur Basis f\u00fcr eine ganz spezielle und authentische Veranstaltung in M\u00fcnsingen werden. Erstmals werden deshalb am Sonntag, 15. Mai\u00a0 um 11.00 Uhr die Schafe<\/p>\n","protected":false},"author":2,"featured_media":0,"comment_status":"closed","ping_status":"closed","sticky":false,"template":"","format":"standard","meta":{"footnotes":""},"categories":[3],"tags":[],"class_list":["post-2156","post","type-post","status-publish","format-standard","hentry","category-tourismus"],"_links":{"self":[{"href":"https:\/\/www.biosphaere-alb.com\/wordpress\/index.php?rest_route=\/wp\/v2\/posts\/2156","targetHints":{"allow":["GET"]}}],"collection":[{"href":"https:\/\/www.biosphaere-alb.com\/wordpress\/index.php?rest_route=\/wp\/v2\/posts"}],"about":[{"href":"https:\/\/www.biosphaere-alb.com\/wordpress\/index.php?rest_route=\/wp\/v2\/types\/post"}],"author":[{"embeddable":true,"href":"https:\/\/www.biosphaere-alb.com\/wordpress\/index.php?rest_route=\/wp\/v2\/users\/2"}],"replies":[{"embeddable":true,"href":"https:\/\/www.biosphaere-alb.com\/wordpress\/index.php?rest_route=%2Fwp%2Fv2%2Fcomments&post=2156"}],"version-history":[{"count":15,"href":"https:\/\/www.biosphaere-alb.com\/wordpress\/index.php?rest_route=\/wp\/v2\/posts\/2156\/revisions"}],"predecessor-version":[{"id":4827,"href":"https:\/\/www.biosphaere-alb.com\/wordpress\/index.php?rest_route=\/wp\/v2\/posts\/2156\/revisions\/4827"}],"wp:attachment":[{"href":"https:\/\/www.biosphaere-alb.com\/wordpress\/index.php?rest_route=%2Fwp%2Fv2%2Fmedia&parent=2156"}],"wp:term":[{"taxonomy":"category","embeddable":true,"href":"https:\/\/www.biosphaere-alb.com\/wordpress\/index.php?rest_route=%2Fwp%2Fv2%2Fcategories&post=2156"},{"taxonomy":"post_tag","embeddable":true,"href":"https:\/\/www.biosphaere-alb.com\/wordpress\/index.php?rest_route=%2Fwp%2Fv2%2Ftags&post=2156"}],"curies":[{"name":"wp","href":"https:\/\/api.w.org\/{rel}","templated":true}]}}