{"id":2178,"date":"2011-03-17T22:26:57","date_gmt":"2011-03-17T21:26:57","guid":{"rendered":"http:\/\/www.biosphaere-alb.com\/wordpress\/?p=2178"},"modified":"2011-03-25T08:24:41","modified_gmt":"2011-03-25T07:24:41","slug":"romerstein-zeigt-flagge","status":"publish","type":"post","link":"https:\/\/www.biosphaere-alb.com\/wordpress\/?p=2178","title":{"rendered":"R\u00f6merstein zeigt Flagge"},"content":{"rendered":"<p><em>\u00a0<img loading=\"lazy\" decoding=\"async\" class=\"alignnone size-full wp-image-772\" title=\"radio_logo\" src=\"https:\/\/www.biosphaere-alb.com\/wordpress\/wp-content\/uploads\/2010\/11\/radio_logo.gif\" alt=\"\" width=\"32\" height=\"30\" \/>\u00a0Einweihung Biosph\u00e4rengebiet-Begr\u00fc\u00dfungsschild in R\u00f6merstein<\/em><\/p>\n<p><img loading=\"lazy\" decoding=\"async\" class=\"alignleft size-medium wp-image-2179\" title=\"biosphaerenschild_donth_3BF\" src=\"https:\/\/www.biosphaere-alb.com\/wordpress\/wp-content\/uploads\/2011\/03\/biosphaerenschild_donth_3BF-160x123.jpg\" alt=\"\" width=\"160\" height=\"123\" srcset=\"https:\/\/www.biosphaere-alb.com\/wordpress\/wp-content\/uploads\/2011\/03\/biosphaerenschild_donth_3BF-160x123.jpg 160w, https:\/\/www.biosphaere-alb.com\/wordpress\/wp-content\/uploads\/2011\/03\/biosphaerenschild_donth_3BF-140x108.jpg 140w, https:\/\/www.biosphaere-alb.com\/wordpress\/wp-content\/uploads\/2011\/03\/biosphaerenschild_donth_3BF.jpg 320w\" sizes=\"auto, (max-width: 160px) 100vw, 160px\" \/>Das Biosph\u00e4rengebiet Schw\u00e4bische Alb soll auch vor Ort wahrgenommen werden. Deshalb hat das Land in Abstimmung mit den beteiligten Kommunen nicht nur zwei Hinweistafeln an der A8 aufgestellt, sondern auch 35 Begr\u00fc\u00dfungsschilder an den Stra\u00dfen, die in das Biosph\u00e4rengebiet hineinf\u00fchren. Seit dieser Woche steht das Schild an der B28 von Laichingen Richtung R\u00f6merstein direkt auf der Gemarkungsgrenze. B\u00fcrgermeister Michael Donth <!--more-->wies bei einer kleinen Einweihungsfeier auf die Bedeutung des Schildes an dieser Stra\u00dfe hin, an dem t\u00e4glich bis zu 10.000 Fahrzeuge vorbeifahren. \u201eDas ist ein wichtiger Werbeeffekt f\u00fcr unsere Besucher und G\u00e4ste, aber auch wichtig f\u00fcr unsere B\u00fcrger, die daran sehen, welche Gebiete zur Biosph\u00e4ren geh\u00f6ren.\u201c<\/p>\n<p><img loading=\"lazy\" decoding=\"async\" class=\"alignnone size-full wp-image-772\" title=\"radio_logo\" src=\"https:\/\/www.biosphaere-alb.com\/wordpress\/wp-content\/uploads\/2010\/11\/radio_logo.gif\" alt=\"\" width=\"32\" height=\"30\" \/>\u00a0<\/p>\n<p><img loading=\"lazy\" decoding=\"async\" class=\"size-medium wp-image-2181 alignnone\" title=\"donth_michael_84FB8203\" src=\"https:\/\/www.biosphaere-alb.com\/wordpress\/wp-content\/uploads\/2011\/03\/donth_michael_84FB8203-160x107.jpg\" alt=\"\" width=\"160\" height=\"107\" srcset=\"https:\/\/www.biosphaere-alb.com\/wordpress\/wp-content\/uploads\/2011\/03\/donth_michael_84FB8203-160x107.jpg 160w, https:\/\/www.biosphaere-alb.com\/wordpress\/wp-content\/uploads\/2011\/03\/donth_michael_84FB8203-140x93.jpg 140w, https:\/\/www.biosphaere-alb.com\/wordpress\/wp-content\/uploads\/2011\/03\/donth_michael_84FB8203.jpg 320w\" sizes=\"auto, (max-width: 160px) 100vw, 160px\" \/>\u00a0<object classid=\"clsid:02bf25d5-8c17-4b23-bc80-d3488abddc6b\" width=\"100\" height=\"20\" codebase=\"http:\/\/www.apple.com\/qtactivex\/qtplugin.cab#version=6,0,2,0\"><param name=\"src\" value=\"https:\/\/www.biosphaere-alb.com\/wordpress\/wp-content\/uploads\/2011\/03\/Interview_donth_B28.mp3\" \/><embed type=\"video\/quicktime\" width=\"100\" height=\"20\" src=\"https:\/\/www.biosphaere-alb.com\/wordpress\/wp-content\/uploads\/2011\/03\/Interview_donth_B28.mp3\"><\/embed><\/object><\/p>\n<p><em><span style=\"color: #800000;\">Interview-Download: Michael Donth, B\u00fcrgermeister R\u00f6merstein<\/span><\/em><\/p>\n<p><span style=\"font-size: small;\">Dieses von der UNESCO anerkannte Gebiet ist dabei nicht nur von Bedeutung f\u00fcr den Tourismus, sondern bietet gerade f\u00fcr Gastronomie, Landwirtschaft und den damit verbundenen\u00a0Betrieben gro\u00dfe Chancen. Deshalb wurde das Schild nicht nur mit Worten, sondern durch Begie\u00dfen mit einem frisch gebrauten\u00a0B\u00f6hringer Bier eingeweiht. R\u00f6merstein hat sich zusammen mit M\u00fcnsingen und Bad Urach als eine der ersten Gemeinden schon 2005 zur Idee des Biosph\u00e4rengebietes bekannt und geh\u00f6rt bis heute zu den Aktivposten. Dieses 85.000 Hektar gro\u00dfe Schutzgebiet bietet Chancen f\u00fcr Vermarktung und Zusammenarbeit, weshalb Donth nicht nur Vertreter der Kommune , sondern auch von Betrieben begr\u00fc\u00dfen konnte, die sich auf den Gedanken der nachhaltigen Produktion und Regionalvermarktung eingelassen haben. Schon heute gibt es in der Albgemeinde zahlreiche Beispiele erfolgreicher Biosph\u00e4rengebietsprojekte, wie einen Biosph\u00e4rengastgeber, Landschaftsf\u00fchrer, die ebenfalls Partner des Biosph\u00e4renghebietes sind, die Brauerei und die M\u00fchle aus B\u00f6hringen, die sich immer mehr regional vernetzen. \u201eAuch die Zeitschrift \u201eSph\u00e4re&#8220; und \u201eSph\u00e4re-Online\u201c kommt aus R\u00f6merstein und geh\u00f6rt mit zu den Werbetr\u00e4gern der Biosph\u00e4rengebietsidee\u201c, erl\u00e4utert Donth.<\/span><\/p>\n<p><span style=\"font-size: small;\">Aber auch kommunal hilft das Biosph\u00e4rengebiet, Grenzen zu \u00fcberwinden und die Kooperation \u00fcber Landkreise hinweg zu f\u00f6rdern, was durch die Anwesenheit von B\u00fcrgermeister Hartmut Walz aus der Nachbargemeinde Westerheim im Alb-Donau-Kreis zum Ausdruck kam.<\/span><\/p>\n<p><img loading=\"lazy\" decoding=\"async\" title=\"radio_logo\" src=\"https:\/\/www.biosphaere-alb.com\/wordpress\/wp-content\/uploads\/2010\/11\/radio_logo.gif\" alt=\"\" width=\"32\" height=\"30\" \/><strong>Weiterf\u00fchrende Links:<\/strong><\/p>\n<p><a href=\"https:\/\/www.biosphaere-alb.com\/wordpress\/?p=762\" target=\"_self\">Podcast: Begr\u00fc\u00dfungsschilder wei\u00dfen k\u00fcnftig den Weg &gt;&gt;<\/a><\/p>\n<p><a href=\"https:\/\/www.biosphaere-alb.com\/wordpress\/?p=975\" target=\"_self\">Autobahnschild Biosph\u00e4rengebiet &gt;&gt;<\/a><\/p>\n","protected":false},"excerpt":{"rendered":"<p>\u00a0\u00a0Einweihung Biosph\u00e4rengebiet-Begr\u00fc\u00dfungsschild in R\u00f6merstein Das Biosph\u00e4rengebiet Schw\u00e4bische Alb soll auch vor Ort wahrgenommen werden. Deshalb hat das Land in Abstimmung mit den beteiligten Kommunen nicht nur zwei Hinweistafeln an der A8 aufgestellt, sondern auch 35 Begr\u00fc\u00dfungsschilder an den Stra\u00dfen, die in das Biosph\u00e4rengebiet hineinf\u00fchren. Seit dieser Woche steht das Schild an der B28 von Laichingen [&hellip;]<\/p>\n","protected":false},"author":2,"featured_media":0,"comment_status":"closed","ping_status":"closed","sticky":false,"template":"","format":"standard","meta":{"footnotes":""},"categories":[7,12],"tags":[],"class_list":["post-2178","post","type-post","status-publish","format-standard","hentry","category-biosphare-lebt","category-podcast"],"_links":{"self":[{"href":"https:\/\/www.biosphaere-alb.com\/wordpress\/index.php?rest_route=\/wp\/v2\/posts\/2178","targetHints":{"allow":["GET"]}}],"collection":[{"href":"https:\/\/www.biosphaere-alb.com\/wordpress\/index.php?rest_route=\/wp\/v2\/posts"}],"about":[{"href":"https:\/\/www.biosphaere-alb.com\/wordpress\/index.php?rest_route=\/wp\/v2\/types\/post"}],"author":[{"embeddable":true,"href":"https:\/\/www.biosphaere-alb.com\/wordpress\/index.php?rest_route=\/wp\/v2\/users\/2"}],"replies":[{"embeddable":true,"href":"https:\/\/www.biosphaere-alb.com\/wordpress\/index.php?rest_route=%2Fwp%2Fv2%2Fcomments&post=2178"}],"version-history":[{"count":10,"href":"https:\/\/www.biosphaere-alb.com\/wordpress\/index.php?rest_route=\/wp\/v2\/posts\/2178\/revisions"}],"predecessor-version":[{"id":2184,"href":"https:\/\/www.biosphaere-alb.com\/wordpress\/index.php?rest_route=\/wp\/v2\/posts\/2178\/revisions\/2184"}],"wp:attachment":[{"href":"https:\/\/www.biosphaere-alb.com\/wordpress\/index.php?rest_route=%2Fwp%2Fv2%2Fmedia&parent=2178"}],"wp:term":[{"taxonomy":"category","embeddable":true,"href":"https:\/\/www.biosphaere-alb.com\/wordpress\/index.php?rest_route=%2Fwp%2Fv2%2Fcategories&post=2178"},{"taxonomy":"post_tag","embeddable":true,"href":"https:\/\/www.biosphaere-alb.com\/wordpress\/index.php?rest_route=%2Fwp%2Fv2%2Ftags&post=2178"}],"curies":[{"name":"wp","href":"https:\/\/api.w.org\/{rel}","templated":true}]}}