{"id":2318,"date":"2011-04-07T11:00:07","date_gmt":"2011-04-07T09:00:07","guid":{"rendered":"http:\/\/www.biosphaere-alb.com\/wordpress\/?p=2318"},"modified":"2019-07-18T11:55:52","modified_gmt":"2019-07-18T09:55:52","slug":"der-wald-wird-zelebriert","status":"publish","type":"post","link":"https:\/\/www.biosphaere-alb.com\/wordpress\/?p=2318","title":{"rendered":"Der Wald wird zelebriert"},"content":{"rendered":"<p><em> 150 Holzb\u00e4nke veranschaulichen Internationales Jahr der W\u00e4lder 2011<\/em><\/p>\n<p><strong><img loading=\"lazy\" decoding=\"async\" class=\"size-full wp-image-2301 alignnone\" title=\"holz_bank_jahr_des_waldes_3\" src=\"https:\/\/www.biosphaere-alb.com\/wordpress\/wp-content\/uploads\/2011\/04\/holz_bank_jahr_des_waldes_3.jpg\" alt=\"\" width=\"320\" height=\"213\" srcset=\"https:\/\/www.biosphaere-alb.com\/wordpress\/wp-content\/uploads\/2011\/04\/holz_bank_jahr_des_waldes_3.jpg 320w, https:\/\/www.biosphaere-alb.com\/wordpress\/wp-content\/uploads\/2011\/04\/holz_bank_jahr_des_waldes_3-160x106.jpg 160w, https:\/\/www.biosphaere-alb.com\/wordpress\/wp-content\/uploads\/2011\/04\/holz_bank_jahr_des_waldes_3-140x93.jpg 140w\" sizes=\"auto, (max-width: 320px) 100vw, 320px\" \/><\/strong><\/p>\n<p><strong>Hohenstein:<\/strong> Gestern stellte der baden-w\u00fcrttembergische Landwirtschaftsminister Rudolf K\u00f6berle im Holz-Werk des Fertighausherstellers Schw\u00f6rerHaus die Aktion Holzb\u00e4nke der \u00d6ffentlichkeit vor. Sie soll die Menschen anl\u00e4sslich des Internationalen Jahres der W\u00e4lder 2011 f\u00fcr die \u00f6konomischen, \u00f6kologischen und sozialen Leistungen des Waldes sensibilisieren. <!--more-->F\u00fcr das von ihm ins Leben gerufene Projekt hat der Minister die Schirmherrschaft \u00fcbernommen. \u201eIch freue mich, dass das Unternehmen Schw\u00f6rer und die Unteren Forstbeh\u00f6rden der Kreise Reutlingen, Zollernalbkreis, T\u00fcbingen und Sigmaringen diese Idee hier in der Region zu ihrer eigenen gemacht und sie in Form einer Ausbildungskooperation umgesetzt haben\u201c, erkl\u00e4rte K\u00f6berle.<\/p>\n<div id=\"attachment_2302\" style=\"width: 330px\" class=\"wp-caption alignright\"><img loading=\"lazy\" decoding=\"async\" aria-describedby=\"caption-attachment-2302\" class=\"size-full wp-image-2302\" title=\"schw\u00f6rer_3BFW5783\" src=\"https:\/\/www.biosphaere-alb.com\/wordpress\/wp-content\/uploads\/2011\/04\/schw\u00f6rer_3BFW5783.jpg\" alt=\"Politik trifft Wirtschaft: Landwirtschaftsminister Rudolf K\u00f6berle (mitte) lobt das Engegement von Johannes Schw\u00f6rer, Firmenchef von Schw\u00f6rerHaus (rechts).\" width=\"320\" height=\"213\" srcset=\"https:\/\/www.biosphaere-alb.com\/wordpress\/wp-content\/uploads\/2011\/04\/schw\u00f6rer_3BFW5783.jpg 320w, https:\/\/www.biosphaere-alb.com\/wordpress\/wp-content\/uploads\/2011\/04\/schw\u00f6rer_3BFW5783-160x106.jpg 160w, https:\/\/www.biosphaere-alb.com\/wordpress\/wp-content\/uploads\/2011\/04\/schw\u00f6rer_3BFW5783-140x93.jpg 140w\" sizes=\"auto, (max-width: 320px) 100vw, 320px\" \/><p id=\"caption-attachment-2302\" class=\"wp-caption-text\">Politik trifft Wirtschaft: Landwirtschaftsminister Rudolf K\u00f6berle (mitte) lobt das Engegement von Johannes Schw\u00f6rer, Firmenchef von Schw\u00f6rerHaus (rechts).<\/p><\/div>\n<p>Die Initiative der f\u00fcnf Kooperationspartner sei die gr\u00f6\u00dfte privat organisierte in Baden-W\u00fcrttemberg. Die Idee hinter der Aktion? Die aus Leimholz auff\u00e4llig gestalteten Sitzgelegenheiten sollen im st\u00e4dtischen Umfeld als Hingucker und emotionaler Werbetr\u00e4ger fungieren. Auff\u00e4llige Schriftz\u00fcge wie \u201eDiese Menge Holz w\u00e4chst in unserem Gemeindewald in 30 Sekunden\u201c oder \u201eOhne Wald kein Platz zum Ausruhen\u201c vermitteln Kernbotschaften \u00fcber den Wald als Lebensraum f\u00fcr Tiere und Pflanzen, Erholungsort, Kulturraum, Arbeitsplatz, Wirtschaftszweig sowie als wichtiger CO<sub>2<\/sub>-Speicher und Sauerstofflieferant.<\/p>\n<p>Startschuss f\u00fcr die Aktion war der 21. M\u00e4rz, der offizielle Beginn des Inter-nationalen Jahres der W\u00e4lder. Die meisten der 260 Kilogramm schweren B\u00e4nke haben bereits ihren Platz an stark frequentierten Orten in den beteiligten Landkreisen gefunden. Der Herstellungswert einer Bank betr\u00e4gt 350 Euro: Die Abnehmer in den Kommunen beteiligen sich mit 250 Euro, Schw\u00f6rer mit 100 Euro pro Bank. Insgesamt spendete das Holzbauunternehmen 15.000 Euro. Bei der Vorstellung waren der Landrat des Kreises Reutlingen Thomas Reumann, Verantwortliche der beteiligten Forstbeh\u00f6rden und B\u00fcrgermeister aus den Landkreisen anwesend.<\/p>\n<div id=\"attachment_2326\" style=\"width: 170px\" class=\"wp-caption alignleft\"><img loading=\"lazy\" decoding=\"async\" aria-describedby=\"caption-attachment-2326\" class=\"size-medium wp-image-2326\" title=\"azubis_wald_IMG_1804\" src=\"https:\/\/www.biosphaere-alb.com\/wordpress\/wp-content\/uploads\/2011\/04\/azubis_wald_IMG_1804-160x106.jpg\" alt=\"\" width=\"160\" height=\"106\" srcset=\"https:\/\/www.biosphaere-alb.com\/wordpress\/wp-content\/uploads\/2011\/04\/azubis_wald_IMG_1804-160x106.jpg 160w, https:\/\/www.biosphaere-alb.com\/wordpress\/wp-content\/uploads\/2011\/04\/azubis_wald_IMG_1804-140x93.jpg 140w, https:\/\/www.biosphaere-alb.com\/wordpress\/wp-content\/uploads\/2011\/04\/azubis_wald_IMG_1804.jpg 320w\" sizes=\"auto, (max-width: 160px) 100vw, 160px\" \/><p id=\"caption-attachment-2326\" class=\"wp-caption-text\">Lernkooperation der AzuBis des Landesforsts mit den Auszubildenen von Schw\u00f6rerHaus.<\/p><\/div>\n<p>Holz ist f\u00fcr alle wichtig, als Wirtschaftsfaktor als Lebensraum f\u00fcr Tiere und Pflanzen, als Klimaschutz und als Erholungsort. Das Internationale Jahr der W\u00e4lder 2011 und das damit verbundene Projekt \u201eHolzb\u00e4nke\u201c ist der ideale Anlass f\u00fcr eine Lernkooperation, bei der gegenseitig die Arbeitsbereiche gezeigt werden &#8211; im Wald und bei Schw\u00f6rerHaus.<\/p>\n<p>Bei dem Projekt\u00a0Lernkooperation \u201eHolzb\u00e4nke\u201c,\u00a0an der insgesamt 60 Azubis beteiligt sind &#8211; 40 aus dem Forst und 20 von Schw\u00f6rerHaus &#8211; soll die jeweiligen Berufe und Arbeitsbereiche n\u00e4her bringen und so die gesamte Wertsch\u00f6pfungskette vom Baum im Wald bis zum energiesparenden Holz-Fertighaus nachvollziehbar machen. Beteiligt waren die drei unteren Forstbeh\u00f6rden Sigmaringen, T\u00fcbingen und Reutlingen mit ihren Forstamtsleitern und Stellvertretern sowie die etliche Forstwirtschaftsmeister als Verantwortliche f\u00fcr die Ausbildung.<\/p>\n<p>&#8212;&#8212;&#8212;&#8212;&#8212;&#8212;&#8212;&#8212;&#8212;&#8212;&#8212;&#8212;&#8212;&#8212;&#8212;&#8212;&#8212;<\/p>\n<p><strong>Nachhaltige Waldwirtschaft<\/strong><\/p>\n<p>\u201eMit der Aktion Holzb\u00e4nke k\u00f6nnen wir mit einem regionalen Bezug die Botschaften zum \u00d6kosystem Wald kommunizieren, die auf der ganzen Welt von Bedeutung sind\u201c, betonte Rudolf K\u00f6berle in seiner Rede. Deutschland und ganz besonders Baden-W\u00fcrttemberg sei vorbildlich, was die nachhaltige Waldbewirtschaftung betrifft. Seit \u00fcber 200 Jahren wird aus baden-w\u00fcrttembergischen W\u00e4ldern nur so viel Holz entnommen wie wieder nachw\u00e4chst. Das sei das Grundprinzip des in Deutschland entwickelten Nachhaltigkeitsgedanken. In den vergangenen Jahren habe sich das Land daf\u00fcr engagiert, diesen Grundsatz um eine Waldbewirtschaftung zu erg\u00e4nzen, welche nicht nur die Bedeutung des Waldes als Holzlieferanten sondern auch seine Rolle als Klimasch\u00fctzer sowie Lebens- und R\u00fcckzugraum f\u00fcr Menschen, Tiere und Pflanzen w\u00fcrdigt. Der Minister dazu: \u201eIm Internationalen Jahr der W\u00e4lder wollen wir darauf hinwirken, dass sich dieses lebenserhaltene Prinzip weltweit durchsetzt. Auch in den\u00a0riesigen subtropischen W\u00e4ldern, denen eine besondere Bedeutung als gr\u00fcne Lunge des Weltklimas zukommt. Dazu m\u00fcssen wir unser eigenes Bewusstsein f\u00fcr das Zusammenh\u00e4nge eines schonenden Umgangs mit den Waldressourcen und unseres Holzverbrauchs st\u00e4rken. Dabei geben wir der regionalen Herkunft den Vorzug, weil sie aufgrund der kurzen Transportwege am \u00f6kologischsten ist.\u201c<\/p>\n<p><strong>Holz der kurzen Wege<\/strong><\/p>\n<p>Der 1950 gegr\u00fcndete Betrieb Schw\u00f6rerHaus\u00a0richtet sich seit vielen Jahren am Umweltschutz-gedanken aus. So hat sich Schw\u00f6rerHaus als eines der ersten Fertighaus-unternehmen nach den Prinzipien der Waldschutzorganisation PEFC (Programm f\u00fcr die Anerkennung von Waldzertifizierungssystemen) zertifizieren lassen. Schw\u00f6rer setzt bei seinen Fertigh\u00e4usern ausschlie\u00dflich Holz aus nachweislich schonender Waldwirtschaft ein. Auch im Unternehmensbereich Schw\u00f6rer-Holz laufen nur PEFC-gekennzeichnete H\u00f6lzer \u00fcber das Band. Insgesamt verarbeitet das firmeneigene S\u00e4gewerk t\u00e4glich etwa 3.500 St\u00e4mme, das sind j\u00e4hrlich etwa 210.000 Festmeter, aus gepr\u00fcft nachhaltiger Forstwirtschaft in der Region. Das entspricht der Leistung eines mittleren S\u00e4gewerks. \u201eDas Regionalit\u00e4tsprinzip geh\u00f6rt zu unserer Firmenphilosophie <em>Holz der kurzen Wege<\/em>\u201c, erkl\u00e4rte Johannes Schw\u00f6rer. \u201eWir haben die Kapazit\u00e4ten des S\u00e4gewerks auch in guten Jahren nicht ausgeweitet, um lange Transportwege f\u00fcr das Rundholz und den damit verbundenen Energieverbrauch und CO<sub>2<\/sub>-Aussto\u00df zu vermeiden.\u201c Stattdessen hat Schw\u00f6rer in die Veredelung der Holzprodukte investiert und sich auf die vertrauensvolle Zusammenarbeit mit den umliegenden staatlichen Forstbe-trieben und Privatwaldbesitzern konzentriert. \u201eGemeinsam mit unseren Partnern aus den Landkreisen Reutlingen, Sigmaringen, T\u00fcbingen und Zollernalbkreis haben wir gerne die Initiative des Landwirtschaftsministeriums unterst\u00fctzt. Sie entspricht unserer eigenen Philosophie und Wirtschaftsweise\u201c, schlie\u00dft\u00a0 Johannes Schw\u00f6rer.<\/p>\n<p>WEBcode #16207<\/p>\n","protected":false},"excerpt":{"rendered":"<p>150 Holzb\u00e4nke veranschaulichen Internationales Jahr der W\u00e4lder 2011 Hohenstein: Gestern stellte der baden-w\u00fcrttembergische Landwirtschaftsminister Rudolf K\u00f6berle im Holz-Werk des Fertighausherstellers Schw\u00f6rerHaus die Aktion Holzb\u00e4nke der \u00d6ffentlichkeit vor. Sie soll die Menschen anl\u00e4sslich des Internationalen Jahres der W\u00e4lder 2011 f\u00fcr die \u00f6konomischen, \u00f6kologischen und sozialen Leistungen des Waldes sensibilisieren.<\/p>\n","protected":false},"author":2,"featured_media":0,"comment_status":"closed","ping_status":"closed","sticky":false,"template":"","format":"standard","meta":{"footnotes":""},"categories":[12,15,10],"tags":[],"class_list":["post-2318","post","type-post","status-publish","format-standard","hentry","category-podcast","category-politik","category-wirtschaft"],"_links":{"self":[{"href":"https:\/\/www.biosphaere-alb.com\/wordpress\/index.php?rest_route=\/wp\/v2\/posts\/2318","targetHints":{"allow":["GET"]}}],"collection":[{"href":"https:\/\/www.biosphaere-alb.com\/wordpress\/index.php?rest_route=\/wp\/v2\/posts"}],"about":[{"href":"https:\/\/www.biosphaere-alb.com\/wordpress\/index.php?rest_route=\/wp\/v2\/types\/post"}],"author":[{"embeddable":true,"href":"https:\/\/www.biosphaere-alb.com\/wordpress\/index.php?rest_route=\/wp\/v2\/users\/2"}],"replies":[{"embeddable":true,"href":"https:\/\/www.biosphaere-alb.com\/wordpress\/index.php?rest_route=%2Fwp%2Fv2%2Fcomments&post=2318"}],"version-history":[{"count":21,"href":"https:\/\/www.biosphaere-alb.com\/wordpress\/index.php?rest_route=\/wp\/v2\/posts\/2318\/revisions"}],"predecessor-version":[{"id":14880,"href":"https:\/\/www.biosphaere-alb.com\/wordpress\/index.php?rest_route=\/wp\/v2\/posts\/2318\/revisions\/14880"}],"wp:attachment":[{"href":"https:\/\/www.biosphaere-alb.com\/wordpress\/index.php?rest_route=%2Fwp%2Fv2%2Fmedia&parent=2318"}],"wp:term":[{"taxonomy":"category","embeddable":true,"href":"https:\/\/www.biosphaere-alb.com\/wordpress\/index.php?rest_route=%2Fwp%2Fv2%2Fcategories&post=2318"},{"taxonomy":"post_tag","embeddable":true,"href":"https:\/\/www.biosphaere-alb.com\/wordpress\/index.php?rest_route=%2Fwp%2Fv2%2Ftags&post=2318"}],"curies":[{"name":"wp","href":"https:\/\/api.w.org\/{rel}","templated":true}]}}