{"id":2452,"date":"2011-04-12T10:39:13","date_gmt":"2011-04-12T08:39:13","guid":{"rendered":"http:\/\/www.biosphaere-alb.com\/wordpress\/?p=2452"},"modified":"2011-04-12T10:39:13","modified_gmt":"2011-04-12T08:39:13","slug":"visionen-fur-die-biosphare","status":"publish","type":"post","link":"https:\/\/www.biosphaere-alb.com\/wordpress\/?p=2452","title":{"rendered":"Visionen f\u00fcr die Biosph\u00e4re"},"content":{"rendered":"<p><em>Preistr\u00e4ger des Biosph\u00e4ren-Ideenwettbewerbs gek\u00fcrt<\/em><\/p>\n<p><a href=\"https:\/\/www.biosphaere-alb.com\/wordpress\/wp-content\/uploads\/2011\/04\/biosphaerenwettbewerb_gewin.jpg\"><img loading=\"lazy\" decoding=\"async\" class=\"alignleft size-medium wp-image-2453\" title=\"biosphaerenwettbewerb_gewin\" src=\"https:\/\/www.biosphaere-alb.com\/wordpress\/wp-content\/uploads\/2011\/04\/biosphaerenwettbewerb_gewin-160x94.jpg\" alt=\"\" width=\"160\" height=\"94\" srcset=\"https:\/\/www.biosphaere-alb.com\/wordpress\/wp-content\/uploads\/2011\/04\/biosphaerenwettbewerb_gewin-160x94.jpg 160w, https:\/\/www.biosphaere-alb.com\/wordpress\/wp-content\/uploads\/2011\/04\/biosphaerenwettbewerb_gewin-140x82.jpg 140w, https:\/\/www.biosphaere-alb.com\/wordpress\/wp-content\/uploads\/2011\/04\/biosphaerenwettbewerb_gewin.jpg 320w\" sizes=\"auto, (max-width: 160px) 100vw, 160px\" \/><\/a>\u00dcber 70 Einsendungen z\u00e4hlte die Gesch\u00e4ftsstelle Biosph\u00e4rengebiet Schw\u00e4bische Alb Ende Januar auf ihren Aufruf zum Ideenwettbewerb. Die besten 27 Beitr\u00e4ge wurden am vergangenen Samstag in feierlichem Rahmen in den Pfullinger Hallen gek\u00fcrt. Im Anschluss daran diskutierten die rund 350 Anwesenden gemeinsam in Kaffeehaus-Atmosph\u00e4re \u00fcber Ziele und Zukunftsvisionen f\u00fcr die Region. Die Ergebnisse flie\u00dfen dabei in das bis 2012 vorliegende Rahmenkonzept f\u00fcr das Biosph\u00e4rengebiet mit ein.<!--more--><\/p>\n<p>Pfullingen: \u201eHeute morgen habe ich mich zum allerersten Mal \u00fcber sch\u00f6nes Wetter ge\u00e4rgert\u201c, verriet Petra Bernert, die Leiterin der Gesch\u00e4ftsstelle Biosph\u00e4rengebiet Schw\u00e4bische Alb den Anwesenden am vergangenen Samstag. Dass sich dennoch so viele Menschen zur Veranstaltung nach Pfullingen aufmachten, davon zeigte sie sich \u201esehr beeindruckt\u201c. Vielleicht erging es einigen \u00e4hnlich wie B\u00fcrgermeister Rudolf He\u00df: \u201eGestalten wir mit Freude unsere Heimat\u201c.<\/p>\n<p>\u00dcber 350 Menschen fanden sich am Samstagnachmittag bei herrlichem Fr\u00fchlingswetter zur Preisverleihung des Ideenwettbewerbs Biosph\u00e4rengebiet Schw\u00e4bische Alb in denPfullinger Hallen ein. Doch auch in den R\u00e4umlichkeiten selbst herrschte beste Stimmung und bei den 26 anwesenden Preistr\u00e4gern bzw. Schulklassen lag ein Strahlen auf den Gesichtern. Grund dazu gab es reichlich: Die Jury, bestehend aus Vertretern der Kommunen, der Landrats\u00e4mter, der Regierungspr\u00e4sidien, des Ministeriums f\u00fcr Umwelt, Naturschutz und Verkehr sowie aus Vereinen und Verb\u00e4nden hat aus 70 Einsendungen ihren Beitrag zu den Besten gew\u00e4hlt.<\/p>\n<p>Regierungspr\u00e4sident Hermann Strampfer zeigt sich in seiner Begr\u00fc\u00dfungsrede sehr \u00fcber die regionen- und generations\u00fcbergreifende Teilnehmerliste erfreut. Beitr\u00e4ge von M\u00fcnsingen bis Attendorn in Nordrhein-Westfalen, eingereicht von Grundschulkindern bis hin zu Damen und Herren im stolzen Alter von 91 Jahren nutzten begeistert die M\u00f6glichkeit, den Prozess mit zu gestalten. Egal ob in der Kategorie \u201eMalen\u201c, \u201eVideo\u201c oder \u201eKurzgeschichten\u201c, alle Teilnehmer hatten die Aufgabe, das f\u00fcr sie Besondere an der Schw\u00e4bischen Alb herauszustellen und Ausblick in eine m\u00f6gliche Zukunft zu geben.\u00a0 Eine Arbeit, die sich in der Kategorie \u201eMalen\u201c besonders f\u00fcr die Klasse 2a der Grundschule R\u00f6merstein, die Klasse 4a der Uhlandschule Metzingen-Neuhausen und die Klasse 6a und 6c der Gustav-Messmer-Realschule M\u00fcnsingen gelohnt hat. Sie alle haben in ihrer Altersgruppe den ersten Platz belegt und haben ihre Preise von Regierungspr\u00e4sident Hermann Strampfer bzw. dem Ersten Landesbeamten des Alb- Donau-Kreises, Hartmut Melzer \u00fcberreicht bekommen. Den mit einem Apple iPad dotierten ersten Preis in der Kategorie \u201eVideo\u201c sicherte sich der M\u00fcnsinger Heiko Schwenk. Und Peter Elwert aus Reutlingen verdankt seinem Kurzgeschichten-Beitrag nun zwei \u00dcbernachtungen mit Halbpension bei einem Biosph\u00e4rengastgeber und den ersten Platz.<\/p>\n<p>An die Ergebnisse des Ideenwettbewerbs wurde direkt im Anschluss an die Preisverleihung angekn\u00fcpft. Denn nun waren die anwesenden Menschen gefragt. Sie sollten gemeinsam die Besonderheiten der Region sowie W\u00fcnsche und Themen sammeln. Ein aktiver und wertvoller Beitrag zum Rahmenkonzept &#8211; das Arbeitshandbuch f\u00fcr die Zukunft des Biosph\u00e4rengebiets. Um eine angenehme Atmosph\u00e4re daf\u00fcr zu schaffen, gestaltete die Gesch\u00e4ftsstelle Biosph\u00e4rengebiet Schw\u00e4bische Alb die historischen R\u00e4ume kurzerhand in eine Art Kaffeehaus um. So wurde mit Kaffeetasse und leckerem Kuchen &#8211; zubereitet von den Biosph\u00e4rengastgebern &#8211; gemeinsam an der Zukunft des Biosph\u00e4rengebiets Schw\u00e4bische Alb gearbeitet.<\/p>\n<p>\u201eEin wichtiges Zukunftsthema ist es, hochwertige Arbeitspl\u00e4tze im Biosph\u00e4rengebiet zu schaffen\u201c, h\u00f6rte man an einem der Tische. Aber auch ein Energiekonzept f\u00fcr das gesamt Biosph\u00e4rengebiet wird sich gew\u00fcnscht. Die Themen \u00d6PNV und das Potential der beeindruckenden Anzahl an regionalen Produkten spiegelten sich nicht nur in den Beitr\u00e4gen des Ideenwettbewerbs wieder, sondern wurden lebhaft in den Runden diskutiert. F\u00fcr die kleinen G\u00e4ste stand w\u00e4hrend dieser Zeit das NABU-Biosph\u00e4renmobil parat und gab auf spielerische Art und Weise einen Einblick in das Biosph\u00e4rengebiet. \u00a0 Die Gewinnerbeitr\u00e4ge sind im Internet unter www.biosphaerengebiet-alb.de einzusehen.<\/p>\n<p><strong><span style=\"color: #808000;\"><img loading=\"lazy\" decoding=\"async\" class=\"alignright size-medium wp-image-1403\" title=\"Baum_Hangschluchtwald\" src=\"https:\/\/www.biosphaere-alb.com\/wordpress\/wp-content\/uploads\/2010\/12\/Baum_Hangschluchtwald-160x118.jpg\" alt=\"\" width=\"160\" height=\"118\" srcset=\"https:\/\/www.biosphaere-alb.com\/wordpress\/wp-content\/uploads\/2010\/12\/Baum_Hangschluchtwald-160x118.jpg 160w, https:\/\/www.biosphaere-alb.com\/wordpress\/wp-content\/uploads\/2010\/12\/Baum_Hangschluchtwald-140x103.jpg 140w, https:\/\/www.biosphaere-alb.com\/wordpress\/wp-content\/uploads\/2010\/12\/Baum_Hangschluchtwald.jpg 320w\" sizes=\"auto, (max-width: 160px) 100vw, 160px\" \/>Sph\u00e4re-Wissen: Hintergrundinformationen zum Rahmenkonzept <\/span><\/strong><\/p>\n<p>Alle von der UNESCO anerkannten Biosph\u00e4renreservate m\u00fcssen sich ein so genanntes Rahmenkonzept geben. Darin wird f\u00fcr das Biosph\u00e4rengebiet Schw\u00e4bische Alb festgehalten, welche Entwicklungen zuk\u00fcnftig angesto\u00dfen und gef\u00f6rdert werden sollen. Es werden Leitbilder und Ziele entwickelt aber auch konkrete Projekte vorgeschlagen, die umzusetzen sind, um diese Ziele zu erreichen. Die Aufstellung des Rahmenkonzepts wird kooperativ und konsensorientiert unter Einbeziehung der Menschen auf unterschiedlichen Beteiligungsebenen erarbeitet. Das Rahmenkonzept f\u00fcr das Biosph\u00e4rengebiet Schw\u00e4bische Alb soll Mitte des Jahres 2012 vorliegen.<\/p>\n<p><a href=\"http:\/\/www.biosphaerengebiet-alb.de\" target=\"_blank\">www.biosphaerengebiet-alb.de<\/a><\/p>\n<p>Preistr\u00e4ger Ideenwettbewerb Biosph\u00e4rengebiet Schw\u00e4bische Alb <a href=\"https:\/\/www.biosphaere-alb.com\/wordpress\/wp-content\/uploads\/2011\/04\/Biosphaerenwettbewerb_gewinner.pdf\" target=\"_blank\">PDF-Download &gt;&gt;<\/a><\/p>\n","protected":false},"excerpt":{"rendered":"<p>Preistr\u00e4ger des Biosph\u00e4ren-Ideenwettbewerbs gek\u00fcrt \u00dcber 70 Einsendungen z\u00e4hlte die Gesch\u00e4ftsstelle Biosph\u00e4rengebiet Schw\u00e4bische Alb Ende Januar auf ihren Aufruf zum Ideenwettbewerb. Die besten 27 Beitr\u00e4ge wurden am vergangenen Samstag in feierlichem Rahmen in den Pfullinger Hallen gek\u00fcrt. Im Anschluss daran diskutierten die rund 350 Anwesenden gemeinsam in Kaffeehaus-Atmosph\u00e4re \u00fcber Ziele und Zukunftsvisionen f\u00fcr die Region. Die [&hellip;]<\/p>\n","protected":false},"author":2,"featured_media":0,"comment_status":"closed","ping_status":"closed","sticky":false,"template":"","format":"standard","meta":{"footnotes":""},"categories":[7],"tags":[],"class_list":["post-2452","post","type-post","status-publish","format-standard","hentry","category-biosphare-lebt"],"_links":{"self":[{"href":"https:\/\/www.biosphaere-alb.com\/wordpress\/index.php?rest_route=\/wp\/v2\/posts\/2452","targetHints":{"allow":["GET"]}}],"collection":[{"href":"https:\/\/www.biosphaere-alb.com\/wordpress\/index.php?rest_route=\/wp\/v2\/posts"}],"about":[{"href":"https:\/\/www.biosphaere-alb.com\/wordpress\/index.php?rest_route=\/wp\/v2\/types\/post"}],"author":[{"embeddable":true,"href":"https:\/\/www.biosphaere-alb.com\/wordpress\/index.php?rest_route=\/wp\/v2\/users\/2"}],"replies":[{"embeddable":true,"href":"https:\/\/www.biosphaere-alb.com\/wordpress\/index.php?rest_route=%2Fwp%2Fv2%2Fcomments&post=2452"}],"version-history":[{"count":2,"href":"https:\/\/www.biosphaere-alb.com\/wordpress\/index.php?rest_route=\/wp\/v2\/posts\/2452\/revisions"}],"predecessor-version":[{"id":2456,"href":"https:\/\/www.biosphaere-alb.com\/wordpress\/index.php?rest_route=\/wp\/v2\/posts\/2452\/revisions\/2456"}],"wp:attachment":[{"href":"https:\/\/www.biosphaere-alb.com\/wordpress\/index.php?rest_route=%2Fwp%2Fv2%2Fmedia&parent=2452"}],"wp:term":[{"taxonomy":"category","embeddable":true,"href":"https:\/\/www.biosphaere-alb.com\/wordpress\/index.php?rest_route=%2Fwp%2Fv2%2Fcategories&post=2452"},{"taxonomy":"post_tag","embeddable":true,"href":"https:\/\/www.biosphaere-alb.com\/wordpress\/index.php?rest_route=%2Fwp%2Fv2%2Ftags&post=2452"}],"curies":[{"name":"wp","href":"https:\/\/api.w.org\/{rel}","templated":true}]}}