{"id":2580,"date":"2011-04-15T08:04:18","date_gmt":"2011-04-15T06:04:18","guid":{"rendered":"http:\/\/www.biosphaere-alb.com\/wordpress\/?p=2580"},"modified":"2011-04-15T08:07:13","modified_gmt":"2011-04-15T06:07:13","slug":"ehingen-100-jahre-ulrichsfest","status":"publish","type":"post","link":"https:\/\/www.biosphaere-alb.com\/wordpress\/?p=2580","title":{"rendered":"Ehingen: 100 Jahre Ulrichsfest"},"content":{"rendered":"<ul>\n<li>Zeitpunkt: 8.-11.7.2011<\/li>\n<li>Ort: Berg Brauerei<\/li>\n<li>(Festzelt, Brauereihof, Garten der BrauereiWirtschaft und im Burghof in Berg)<\/li>\n<li>Brauhausstra\u00dfe 2<\/li>\n<li>89584 Ehingen-Berg<\/li>\n<li><a href=\"http:\/\/www.100-jahre-freibier.de\" target=\"_blank\">www.100-jahre-freibier.de<\/a><\/li>\n<\/ul>\n<p>Programm\u00a08.-11. Juli 2011<\/p>\n<ul>\n<li>8. Juli 2011:\u00a0Kultkonzert der EAV:\u00a0Die \u00f6sterreichischen Pop-Rocker der \u201eErsten Allgemeinen Verunsicherung\u201c reisen ins beschauliche Berg und rocken das Festzelt zum 100-j\u00e4hrigen Jubil\u00e4um mit ihrem aktuellen Programm \u201eNeue Helden braucht das Land\u201c und alten Hits wie \u201eK\u00fcss die Hand sch\u00f6ne Frau\u201c. mehr Infos &gt;&gt;<\/li>\n<li>9. Juli 2011.\u00a0Fassanstich durch Oberb\u00fcrgermeister Baumann, festlicher Umzug ab 16 Uhr.\u00a0Zu Ehren des Kirchenpatrons St. Ulrich wird es einen bunten Festzug durch Berg geben.<\/li>\n<li>9.\/10. Juli 2011:\u00a0Tag der offenen T\u00fcr und Ulrichsmarkt.\u00a0Zwei Tage lang \u00f6ffnen wir die T\u00fcren der Brauerei f\u00fcr neugierige G\u00e4ste. Gucken Sie mit uns in den Braukessel und lernen Sie die einzelnen Schritte des Bierbrauens kennen. Auf dem Brauereihof findet der Ulrichsmarkt statt, mit historischem und seltenem Handwerk, Rarit\u00e4ten, kulinarischen Angeboten, einer Spielstra\u00dfe und einem Bauernhof zum Anfassen. Auf Burghof k\u00f6nnen im mittelalterlichen Lager Kinder und die Gro\u00dfen eine Reise in die Vergangenheit machen und das Leben von Graf Heinrich Berg nachspielen.<\/li>\n<li>Am Sonntag f\u00e4hrt dreimal ein Dampfzug von Ulm nach Ehingen, mit einer Anbindung in Schelklingen von der Schw\u00e4bischen-Alb-Bahn.<\/li>\n<li>11. Juli:\u00a0Kinderfest:\u00a0Auch die Kinder kommen beim Ulrichsfest auf ihre Kosten.<\/li>\n<\/ul>\n<p><strong><a href=\"https:\/\/www.biosphaere-alb.com\/wordpress\/?p=2147\" target=\"_self\">mehr Informationen und Artikel &gt;&gt;<\/a><\/strong><\/p>\n","protected":false},"excerpt":{"rendered":"<p>Zeitpunkt: 8.-11.7.2011 Ort: Berg Brauerei (Festzelt, Brauereihof, Garten der BrauereiWirtschaft und im Burghof in Berg) Brauhausstra\u00dfe 2 89584 Ehingen-Berg www.100-jahre-freibier.de Programm\u00a08.-11. Juli 2011 8. Juli 2011:\u00a0Kultkonzert der EAV:\u00a0Die \u00f6sterreichischen Pop-Rocker der \u201eErsten Allgemeinen Verunsicherung\u201c reisen ins beschauliche Berg und rocken das Festzelt zum 100-j\u00e4hrigen Jubil\u00e4um mit ihrem aktuellen Programm \u201eNeue Helden braucht das Land\u201c und [&hellip;]<\/p>\n","protected":false},"author":2,"featured_media":0,"comment_status":"closed","ping_status":"closed","sticky":false,"template":"","format":"standard","meta":{"footnotes":""},"categories":[1],"tags":[],"class_list":["post-2580","post","type-post","status-publish","format-standard","hentry","category-allgemein"],"_links":{"self":[{"href":"https:\/\/www.biosphaere-alb.com\/wordpress\/index.php?rest_route=\/wp\/v2\/posts\/2580","targetHints":{"allow":["GET"]}}],"collection":[{"href":"https:\/\/www.biosphaere-alb.com\/wordpress\/index.php?rest_route=\/wp\/v2\/posts"}],"about":[{"href":"https:\/\/www.biosphaere-alb.com\/wordpress\/index.php?rest_route=\/wp\/v2\/types\/post"}],"author":[{"embeddable":true,"href":"https:\/\/www.biosphaere-alb.com\/wordpress\/index.php?rest_route=\/wp\/v2\/users\/2"}],"replies":[{"embeddable":true,"href":"https:\/\/www.biosphaere-alb.com\/wordpress\/index.php?rest_route=%2Fwp%2Fv2%2Fcomments&post=2580"}],"version-history":[{"count":3,"href":"https:\/\/www.biosphaere-alb.com\/wordpress\/index.php?rest_route=\/wp\/v2\/posts\/2580\/revisions"}],"predecessor-version":[{"id":2584,"href":"https:\/\/www.biosphaere-alb.com\/wordpress\/index.php?rest_route=\/wp\/v2\/posts\/2580\/revisions\/2584"}],"wp:attachment":[{"href":"https:\/\/www.biosphaere-alb.com\/wordpress\/index.php?rest_route=%2Fwp%2Fv2%2Fmedia&parent=2580"}],"wp:term":[{"taxonomy":"category","embeddable":true,"href":"https:\/\/www.biosphaere-alb.com\/wordpress\/index.php?rest_route=%2Fwp%2Fv2%2Fcategories&post=2580"},{"taxonomy":"post_tag","embeddable":true,"href":"https:\/\/www.biosphaere-alb.com\/wordpress\/index.php?rest_route=%2Fwp%2Fv2%2Ftags&post=2580"}],"curies":[{"name":"wp","href":"https:\/\/api.w.org\/{rel}","templated":true}]}}