{"id":2668,"date":"2011-05-24T08:20:27","date_gmt":"2011-05-24T06:20:27","guid":{"rendered":"http:\/\/www.biosphaere-alb.com\/wordpress\/?p=2668"},"modified":"2011-05-24T08:21:46","modified_gmt":"2011-05-24T06:21:46","slug":"neue-regierung-forciert-naturschutz","status":"publish","type":"post","link":"https:\/\/www.biosphaere-alb.com\/wordpress\/?p=2668","title":{"rendered":"Neue Regierung forciert Naturschutz"},"content":{"rendered":"<p><em>Minister Alexander Bonde: Neuer Chef des Biosph\u00e4rengebietes Schw\u00e4bische Alb<\/em><\/p>\n<p>\u201eBaden-W\u00fcrttemberg wird Musterl\u00e4ndle in Sachen Naturschutz\u201c, sagte Minister Alexander Bonde bei seinem\u00a0Besuch des Naturschutzzentrums Ruhestein im Nordschwarzwald. Seit dem Regierungswechsel lenkt der Gr\u00fcnen-Minister auch die Geschicke des Biosph\u00e4rengebietes Schw\u00e4bische Alb. \u00a0<!--more--><\/p>\n<p><img loading=\"lazy\" decoding=\"async\" class=\"alignnone size-full wp-image-2670\" title=\"rad_schwarzwald_IMG_1798\" src=\"https:\/\/www.biosphaere-alb.com\/wordpress\/wp-content\/uploads\/2011\/05\/rad_schwarzwald_IMG_1798.jpg\" alt=\"\" width=\"320\" height=\"240\" srcset=\"https:\/\/www.biosphaere-alb.com\/wordpress\/wp-content\/uploads\/2011\/05\/rad_schwarzwald_IMG_1798.jpg 320w, https:\/\/www.biosphaere-alb.com\/wordpress\/wp-content\/uploads\/2011\/05\/rad_schwarzwald_IMG_1798-160x120.jpg 160w, https:\/\/www.biosphaere-alb.com\/wordpress\/wp-content\/uploads\/2011\/05\/rad_schwarzwald_IMG_1798-140x105.jpg 140w\" sizes=\"auto, (max-width: 320px) 100vw, 320px\" \/><\/p>\n<p>\u201eDer Nordschwarzwald ist einer der bedeutendsten und wertvollsten Naturr\u00e4ume unseres Landes und steht sinnbildlich f\u00fcr die Vielfalt der Kulturlandschaften im S\u00fcdwesten. Unsere Aufgabe ist es, die Sch\u00f6nheit Baden-W\u00fcrttembergs in allen Facetten zu erhalten und an folgende Generationen weiterzugeben\u201c, sagte der Minister f\u00fcr L\u00e4ndlichen Raum und Verbraucherschutz, Alexander Bonde, am Sonntag\u00a0(22.\u00a0Mai\u00a02011) bei einer Veranstaltung zum Internationalen Tag der biologischen Vielfalt am Naturschutzzentrum Ruhestein in Seebach (Landkreis Ortenaukreis). Der Schutz der Natur und der Erhalt der biologischen Vielfalt seien kein Selbstzweck. Vielmehr habe der Erhalt der nat\u00fcrlichen Ressourcen elementare Bedeutung f\u00fcr das Funktionieren unserer Gesellschaft.<\/p>\n<p>\u201eViele Menschen vergessen, dass die Natur die Grundlage unseres Lebens ist. Funktionierende \u00d6kosysteme sind ein Garant f\u00fcr eine ausreichende Versorgung der Menschen mit Nahrungsmitteln und Rohstoffen. Wir m\u00fcssen uns stets vor Augen halten, dass der Erhalt der nat\u00fcrlichen Vielfalt unmittelbar dem Menschen dient. Naturschutz ist Menschenschutz\u201c, erkl\u00e4rte der Minister. Dies m\u00fcsse gerade in einer technisierten und auf Fortschritt und Wachstum ausgerichteten Gesellschaft st\u00e4rker im Bewusstsein der Menschen verankert werden. Der Internationale Tag der biologischen Vielfalt sei hierzu ein guter Anlass. Am Beispiel des Nordschwarzwaldes w\u00fcrden sich die Zusammenh\u00e4nge des komplexen Wirkungsgef\u00fcges zwischen Mensch und Natur anschaulich erkl\u00e4ren lassen.<\/p>\n<p><strong>Kulturlandschaft Nordschwarzwald als \u00f6kologischer und wirtschaftlicher Motor<\/strong><\/p>\n<p>\u201eDer Nordschwarzwald liefert seit Jahrhunderten den klimafreundlichen und nachwachsenden Rohstoff Holz. In kaum einer anderen Gegend sind Wald- und Holzwirtschaft so tief in der Gesellschaft verankert wie in dieser Region. Die Schwarzw\u00e4lder Tanne, die einen weltweiten Ruf genie\u00dft, hat hier ihre Heimat\u201c, betonte Bonde. In langer Tradition h\u00e4tten Waldbesitzer, Bauern und Forstleute das rechte Ma\u00df im Umgang mit der Natur des Nordschwarzwaldes gefunden. Der Nordschwarzwald sei \u00fcberwiegend das Ergebnis einer multifunktionalen und auf Nachhaltigkeit ausgerichteten Waldbewirtschaftung. Dem Naturschutz sei es zu verdanken, dass seltene Arten, wie Kreuzotter, Dreizehenspecht oder Auerhuhn dort ihre Refugien behalten h\u00e4tten. \u201eDer Nordschwarzwald wie wir ihn heute kennen und das Naturschutzzentrum Ruhestein sind das Ergebnis der gewinnbringenden Zusammenarbeit zwischen Naturschutz und Forst. Intensiv, aber naturnah bewirtschaftete W\u00e4lder stehen im Wechselspiel mit unbewirtschafteten Bannw\u00e4ldern oder Alt- und Totholzinseln\u201c, sagte der Minister. Die Wald-, Wiesen- und typischen Grindenlandschaften seien ein Alleinstellungsmerkmal und die Grundlage f\u00fcr den Tourismus in der Region. \u00dcber 16\u00a0000 Besucher w\u00fcrden beispielweise ihren Aufenthalt im Nordschwarzwald mit einem Besuch des Naturschutzzentrums Ruhestein verbinden. Insgesamt n\u00e4hmen j\u00e4hrlich bis zu 30\u00a0000 Menschen an einer Veranstaltung dieser Einrichtung teil.<\/p>\n<p><strong>Baden-W\u00fcrttemberg Spitzenreiter im Waldnaturschutz<\/strong><\/p>\n<p>\u201eNirgends im Bundesgebiet sind die W\u00e4lder naturn\u00e4her als bei uns. Der Indikatorenbericht der Bundesregierung zur Nationalen Biodiversit\u00e4tsstrategie bescheinigt uns mit Blick auf die Naturn\u00e4he und die biologische Vielfalt den Spitzenplatz\u201c, betonte der Minister. Die Konzepte der Naturnahen Waldwirtschaft, das Alt- und Totholzkonzept sowie das Strategische Nachhaltigkeitsmanagement des Landesbetriebs ForstBW seien Garanten f\u00fcr diese Erfolge. Das Land nehme es ernst mit dem Aktionsplan zur biologischen Vielfalt. Neben dem Alt- und Totholzkonzept gebe es noch drei weitere Bausteine. Hierzu z\u00e4hle der 111-Artenkorb, der Biodiversit\u00e4tscheck sowie das Projekt \u201eKlimawandel und biologische Vielfalt\u201c. Baden-W\u00fcrttemberg werde sich allerdings nicht auf dem Erreichten ausruhen, sondern die Belange des Naturschutzes in Wald und Offenland weiter vorantreiben. So werde man beispielsweise mehr Wald als bisher aus der Nutzung nehmen und sich selbst \u00fcberlassen.<\/p>\n<p>\u201eDer zuk\u00fcnftige Reichtum und Wohlstand unserer Gesellschaft liegt im Schutz und in der Bewahrung unserer nat\u00fcrlichen Ressourcen und nicht in deren Verschwendung. Baden-W\u00fcrttemberg wird sich zum Musterl\u00e4ndle in Sachen Naturschutz entwickeln\u201c, betonte Bonde. Auf dem Weg dorthin werde man die Menschen mitnehmen, die in der Natur und mit ihr arbeiteten. \u201eOhne die Akteure vor Ort funktioniert Naturschutz nicht\u201c, erkl\u00e4rte Bonde.<\/p>\n","protected":false},"excerpt":{"rendered":"<p>Minister Alexander Bonde: Neuer Chef des Biosph\u00e4rengebietes Schw\u00e4bische Alb \u201eBaden-W\u00fcrttemberg wird Musterl\u00e4ndle in Sachen Naturschutz\u201c, sagte Minister Alexander Bonde bei seinem\u00a0Besuch des Naturschutzzentrums Ruhestein im Nordschwarzwald. Seit dem Regierungswechsel lenkt der Gr\u00fcnen-Minister auch die Geschicke des Biosph\u00e4rengebietes Schw\u00e4bische Alb. \u00a0<\/p>\n","protected":false},"author":2,"featured_media":0,"comment_status":"closed","ping_status":"closed","sticky":false,"template":"","format":"standard","meta":{"footnotes":""},"categories":[15],"tags":[],"class_list":["post-2668","post","type-post","status-publish","format-standard","hentry","category-politik"],"_links":{"self":[{"href":"https:\/\/www.biosphaere-alb.com\/wordpress\/index.php?rest_route=\/wp\/v2\/posts\/2668","targetHints":{"allow":["GET"]}}],"collection":[{"href":"https:\/\/www.biosphaere-alb.com\/wordpress\/index.php?rest_route=\/wp\/v2\/posts"}],"about":[{"href":"https:\/\/www.biosphaere-alb.com\/wordpress\/index.php?rest_route=\/wp\/v2\/types\/post"}],"author":[{"embeddable":true,"href":"https:\/\/www.biosphaere-alb.com\/wordpress\/index.php?rest_route=\/wp\/v2\/users\/2"}],"replies":[{"embeddable":true,"href":"https:\/\/www.biosphaere-alb.com\/wordpress\/index.php?rest_route=%2Fwp%2Fv2%2Fcomments&post=2668"}],"version-history":[{"count":5,"href":"https:\/\/www.biosphaere-alb.com\/wordpress\/index.php?rest_route=\/wp\/v2\/posts\/2668\/revisions"}],"predecessor-version":[{"id":2674,"href":"https:\/\/www.biosphaere-alb.com\/wordpress\/index.php?rest_route=\/wp\/v2\/posts\/2668\/revisions\/2674"}],"wp:attachment":[{"href":"https:\/\/www.biosphaere-alb.com\/wordpress\/index.php?rest_route=%2Fwp%2Fv2%2Fmedia&parent=2668"}],"wp:term":[{"taxonomy":"category","embeddable":true,"href":"https:\/\/www.biosphaere-alb.com\/wordpress\/index.php?rest_route=%2Fwp%2Fv2%2Fcategories&post=2668"},{"taxonomy":"post_tag","embeddable":true,"href":"https:\/\/www.biosphaere-alb.com\/wordpress\/index.php?rest_route=%2Fwp%2Fv2%2Ftags&post=2668"}],"curies":[{"name":"wp","href":"https:\/\/api.w.org\/{rel}","templated":true}]}}