{"id":2775,"date":"2011-05-16T15:36:33","date_gmt":"2011-05-16T13:36:33","guid":{"rendered":"http:\/\/www.biosphaere-alb.com\/wordpress\/?p=2775"},"modified":"2011-07-13T11:39:53","modified_gmt":"2011-07-13T09:39:53","slug":"klimaschutzregion-biosphare","status":"publish","type":"post","link":"https:\/\/www.biosphaere-alb.com\/wordpress\/?p=2775","title":{"rendered":"Klimaschutzregion Biosph\u00e4re"},"content":{"rendered":"<p style=\"text-align: left;\"><em>Infoveranstaltungen: BUND will f\u00fcr Energieproblematik sensibilisieren<\/em><\/p>\n<p style=\"text-align: left;\"><img loading=\"lazy\" decoding=\"async\" class=\"alignleft size-medium wp-image-1289\" title=\"Energie_Steckdose_Stecker_8\" src=\"https:\/\/www.biosphaere-alb.com\/wordpress\/wp-content\/uploads\/2010\/12\/Energie_Steckdose_Stecker_8-160x107.jpg\" alt=\"\" width=\"160\" height=\"107\" srcset=\"https:\/\/www.biosphaere-alb.com\/wordpress\/wp-content\/uploads\/2010\/12\/Energie_Steckdose_Stecker_8-160x107.jpg 160w, https:\/\/www.biosphaere-alb.com\/wordpress\/wp-content\/uploads\/2010\/12\/Energie_Steckdose_Stecker_8-140x93.jpg 140w, https:\/\/www.biosphaere-alb.com\/wordpress\/wp-content\/uploads\/2010\/12\/Energie_Steckdose_Stecker_8.jpg 320w\" sizes=\"auto, (max-width: 160px) 100vw, 160px\" \/>Die Vision erl\u00e4utert Barbara Lupp, Gesch\u00e4ftsf\u00fchrerin\u00a0Bund f\u00fcr Umwelt und Naturschutz (BUND), Regionalverband Neckar-Alb: \u201eMit dem UNESCO-Biosph\u00e4renreservat Schw\u00e4bische Alb ist eine Modellregion f\u00fcr nachhaltige Entwicklung geschaffen worden. Klimaschutz und der Ausstieg aus der Nutzung der Atomenergie stellen uns<!--more--> bundesweit vor Herausforderungen. Das Biosph\u00e4rengebiet Schw\u00e4bische Alb sollte sich daher als Klimaschutzregion qualifizieren.\u201c Sie formuliert f\u00fcr die Alb ehrgeizige Ziele: \u201eIn einer Klimaschutzregion verpflichten sich die Verantwortlichen, die Emission von Treibhausgaben mit klaren Fristen deutlich zu senken. Bis zum Jahr 2040 sollte eine rechnerische Vollversorgung der Region auf Basis regenerativer Energiequellen umgesetzt sein. Dies bedeutet konkret, dass die gesamte in der Region genutzte Energie f\u00fcr Strom, W\u00e4rme und Verkehr sowohl in \u00f6ffentlichen Einrichtungen als auch in Privathaushalten und Gewerbebetrieben aus erneuerbaren Energieen stammt, also aus Sonne, Wind, Wasser, Biomasse und Erdw\u00e4rme.<\/p>\n<p style=\"text-align: left;\">PDF-Download: <a href=\"https:\/\/www.biosphaere-alb.com\/wordpress\/wp-content\/uploads\/2011\/06\/BUND_FLYER_2011.pdf\" target=\"_blank\">Terminflyer interessanter Klimaschutzveranstaltungen<\/a><\/p>\n<p style=\"text-align: left;\">PDF-Download: <a href=\"https:\/\/www.biosphaere-alb.com\/wordpress\/wp-content\/uploads\/2011\/05\/BUND_Flyer_Karte_Klimaschutzregion.pdf\" target=\"_blank\">Klimaschutzregion Karte<\/a><\/p>\n","protected":false},"excerpt":{"rendered":"<p>Infoveranstaltungen: BUND will f\u00fcr Energieproblematik sensibilisieren Die Vision erl\u00e4utert Barbara Lupp, Gesch\u00e4ftsf\u00fchrerin\u00a0Bund f\u00fcr Umwelt und Naturschutz (BUND), Regionalverband Neckar-Alb: \u201eMit dem UNESCO-Biosph\u00e4renreservat Schw\u00e4bische Alb ist eine Modellregion f\u00fcr nachhaltige Entwicklung geschaffen worden. Klimaschutz und der Ausstieg aus der Nutzung der Atomenergie stellen uns<\/p>\n","protected":false},"author":2,"featured_media":0,"comment_status":"closed","ping_status":"closed","sticky":false,"template":"","format":"standard","meta":{"footnotes":""},"categories":[50,14],"tags":[],"class_list":["post-2775","post","type-post","status-publish","format-standard","hentry","category-energie","category-naturschutz"],"_links":{"self":[{"href":"https:\/\/www.biosphaere-alb.com\/wordpress\/index.php?rest_route=\/wp\/v2\/posts\/2775","targetHints":{"allow":["GET"]}}],"collection":[{"href":"https:\/\/www.biosphaere-alb.com\/wordpress\/index.php?rest_route=\/wp\/v2\/posts"}],"about":[{"href":"https:\/\/www.biosphaere-alb.com\/wordpress\/index.php?rest_route=\/wp\/v2\/types\/post"}],"author":[{"embeddable":true,"href":"https:\/\/www.biosphaere-alb.com\/wordpress\/index.php?rest_route=\/wp\/v2\/users\/2"}],"replies":[{"embeddable":true,"href":"https:\/\/www.biosphaere-alb.com\/wordpress\/index.php?rest_route=%2Fwp%2Fv2%2Fcomments&post=2775"}],"version-history":[{"count":10,"href":"https:\/\/www.biosphaere-alb.com\/wordpress\/index.php?rest_route=\/wp\/v2\/posts\/2775\/revisions"}],"predecessor-version":[{"id":2778,"href":"https:\/\/www.biosphaere-alb.com\/wordpress\/index.php?rest_route=\/wp\/v2\/posts\/2775\/revisions\/2778"}],"wp:attachment":[{"href":"https:\/\/www.biosphaere-alb.com\/wordpress\/index.php?rest_route=%2Fwp%2Fv2%2Fmedia&parent=2775"}],"wp:term":[{"taxonomy":"category","embeddable":true,"href":"https:\/\/www.biosphaere-alb.com\/wordpress\/index.php?rest_route=%2Fwp%2Fv2%2Fcategories&post=2775"},{"taxonomy":"post_tag","embeddable":true,"href":"https:\/\/www.biosphaere-alb.com\/wordpress\/index.php?rest_route=%2Fwp%2Fv2%2Ftags&post=2775"}],"curies":[{"name":"wp","href":"https:\/\/api.w.org\/{rel}","templated":true}]}}