{"id":2808,"date":"2011-06-18T11:43:09","date_gmt":"2011-06-18T09:43:09","guid":{"rendered":"http:\/\/www.biosphaere-alb.com\/wordpress\/?p=2808"},"modified":"2011-06-18T11:44:22","modified_gmt":"2011-06-18T09:44:22","slug":"gundershofen-tag-des-offenen-dorfes30","status":"publish","type":"post","link":"https:\/\/www.biosphaere-alb.com\/wordpress\/?p=2808","title":{"rendered":"Gundershofen: Tag des offenen Dorfes"},"content":{"rendered":"<p><em>Am Sonntag, den 3. Juli \u00f6ffnen wir in Gundershofen wieder unsere T\u00fcren f\u00fcr alle Interessierten<\/em><\/p>\n<p>Beginn ist um\u00a0<strong>10.30 Uhr mit \u00f6kumenischem Gottesdienst<\/strong>. Anschlie\u00dfend besteht die M\u00f6glichkeit den Kirchturm unserer sch\u00f6nen Kirche zu Besichtigen.<\/p>\n<p>Gleich neben der Kirche im alten Pfarrhaus ist mein\u00a0<strong>Seifenl\u00e4dle<\/strong>. An diesem Tag werde ich den ganzen Tag Kernseife sieden und erkl\u00e4ren wie man Seife macht. Nat\u00fcrlich besteht auch die M\u00f6glichkeit mein L\u00e4dle anzusehen und Seife zu kaufen.<\/p>\n<p>In unserem\u00a0<strong>Backhaus<\/strong> wird frisches Holzofenbrot und Salzkuchen gebacken.<\/p>\n<p>Mittagessen gibts auf dem\u00a0<strong>Gundershofer Goi\u00dfahof<\/strong>. Wir bieten schw\u00e4bische Leckereien und Ziegenfleischspezialit\u00e4ten.<\/p>\n<p>Nachmittags kann man der\u00a0<strong>Hundeschule Reichel<\/strong> zusehen oder Futter f\u00fcr den Vierbeiner im&#8220; Hundefutter Express&#8220;\u00a0\u00a0erstehen.<br \/>\nAuf dem<strong> R\u00f6\u00dflehof<\/strong> wird gezeigt, wie man aus Holzst\u00e4mmen Brennholz macht und man kann an einem S\u00e4gewettbewerb teilnehmen.<\/p>\n<p>Kaffee und leckeren selbstgemachten Kuchen gibt\u00b4s im\u00a0<strong>Gasthof Hirsch<\/strong>.<br \/>\nKleine Rundfahrten mit dem\u00a0<strong>Feuerwehrauto<\/strong> sind m\u00f6glich.<\/p>\n<p><strong>Kinderaktionen<\/strong> und eine\u00a0<strong>Strohburg <\/strong>sind beim Goi\u00dfahof (Ziegenhof). Nat\u00fcrlich k\u00f6nnen dort den ganzen Tag die Tiere gestreichelt werden.<\/p>\n","protected":false},"excerpt":{"rendered":"<p>Am Sonntag, den 3. Juli \u00f6ffnen wir in Gundershofen wieder unsere T\u00fcren f\u00fcr alle Interessierten Beginn ist um\u00a010.30 Uhr mit \u00f6kumenischem Gottesdienst. Anschlie\u00dfend besteht die M\u00f6glichkeit den Kirchturm unserer sch\u00f6nen Kirche zu Besichtigen. Gleich neben der Kirche im alten Pfarrhaus ist mein\u00a0Seifenl\u00e4dle. An diesem Tag werde ich den ganzen Tag Kernseife sieden und erkl\u00e4ren wie [&hellip;]<\/p>\n","protected":false},"author":2,"featured_media":0,"comment_status":"closed","ping_status":"closed","sticky":false,"template":"","format":"standard","meta":{"footnotes":""},"categories":[1],"tags":[],"class_list":["post-2808","post","type-post","status-publish","format-standard","hentry","category-allgemein"],"_links":{"self":[{"href":"https:\/\/www.biosphaere-alb.com\/wordpress\/index.php?rest_route=\/wp\/v2\/posts\/2808","targetHints":{"allow":["GET"]}}],"collection":[{"href":"https:\/\/www.biosphaere-alb.com\/wordpress\/index.php?rest_route=\/wp\/v2\/posts"}],"about":[{"href":"https:\/\/www.biosphaere-alb.com\/wordpress\/index.php?rest_route=\/wp\/v2\/types\/post"}],"author":[{"embeddable":true,"href":"https:\/\/www.biosphaere-alb.com\/wordpress\/index.php?rest_route=\/wp\/v2\/users\/2"}],"replies":[{"embeddable":true,"href":"https:\/\/www.biosphaere-alb.com\/wordpress\/index.php?rest_route=%2Fwp%2Fv2%2Fcomments&post=2808"}],"version-history":[{"count":3,"href":"https:\/\/www.biosphaere-alb.com\/wordpress\/index.php?rest_route=\/wp\/v2\/posts\/2808\/revisions"}],"predecessor-version":[{"id":2810,"href":"https:\/\/www.biosphaere-alb.com\/wordpress\/index.php?rest_route=\/wp\/v2\/posts\/2808\/revisions\/2810"}],"wp:attachment":[{"href":"https:\/\/www.biosphaere-alb.com\/wordpress\/index.php?rest_route=%2Fwp%2Fv2%2Fmedia&parent=2808"}],"wp:term":[{"taxonomy":"category","embeddable":true,"href":"https:\/\/www.biosphaere-alb.com\/wordpress\/index.php?rest_route=%2Fwp%2Fv2%2Fcategories&post=2808"},{"taxonomy":"post_tag","embeddable":true,"href":"https:\/\/www.biosphaere-alb.com\/wordpress\/index.php?rest_route=%2Fwp%2Fv2%2Ftags&post=2808"}],"curies":[{"name":"wp","href":"https:\/\/api.w.org\/{rel}","templated":true}]}}