{"id":2921,"date":"2011-06-29T14:37:49","date_gmt":"2011-06-29T12:37:49","guid":{"rendered":"http:\/\/www.biosphaere-alb.com\/wordpress\/?p=2921"},"modified":"2011-06-29T14:40:18","modified_gmt":"2011-06-29T12:40:18","slug":"bad-urach-will-einkaufszentrum","status":"publish","type":"post","link":"https:\/\/www.biosphaere-alb.com\/wordpress\/?p=2921","title":{"rendered":"Bad Urach will Einkaufszentrum"},"content":{"rendered":"<p style=\"text-align: left;\"><em>Gemeinderat fasst Satzungsbeschluss f\u00fcr N\u00f6rdliche Innenstadt<\/em><\/p>\n<p style=\"text-align: left;\">(Bad Urach \/ 29.6.2011) In seiner gestrigen Sitzung hat der Bad Uracher Gemeinderat den Satzungsbeschluss f\u00fcr das geplante Einkaufzentrum in der N\u00f6rdlichen Innenstadt gefasst. Damit ist der Weg f\u00fcr den Investor \u201eActiv Immobilien\u201c frei, die ersten Bauantr\u00e4ge an die Stadt zu richten.<!--more--><\/p>\n<p style=\"text-align: left;\"><img loading=\"lazy\" decoding=\"async\" class=\"alignnone size-full wp-image-2644\" title=\"Bad_urach_IMG_1214\" src=\"https:\/\/www.biosphaere-alb.com\/wordpress\/wp-content\/uploads\/2011\/05\/Bad_urach_IMG_1214.jpg\" alt=\"\" width=\"320\" height=\"213\" srcset=\"https:\/\/www.biosphaere-alb.com\/wordpress\/wp-content\/uploads\/2011\/05\/Bad_urach_IMG_1214.jpg 320w, https:\/\/www.biosphaere-alb.com\/wordpress\/wp-content\/uploads\/2011\/05\/Bad_urach_IMG_1214-160x106.jpg 160w, https:\/\/www.biosphaere-alb.com\/wordpress\/wp-content\/uploads\/2011\/05\/Bad_urach_IMG_1214-140x93.jpg 140w\" sizes=\"auto, (max-width: 320px) 100vw, 320px\" \/><\/p>\n<p style=\"text-align: left;\">Nach eingehender Abw\u00e4gung verschiedener Fachgutachten zu Kaufkraftentwicklung, L\u00e4rmschutz, Gew\u00e4sser- und Verkehrsentwicklung sowie zur Luftqualit\u00e4t, stellte sich das Gremium bei nur einer Gegenstimme nochmals deutlich hinter die Pl\u00e4ne des Investors. Auch die vielen eingegangenen Stellungnahmen aus der B\u00fcrgerschaft wurden im Vorfeld der Beschlussfassung untereinander und gegeneinander abgewogen und behandelt.<\/p>\n<p style=\"text-align: left;\">Lediglich die GAL-Gruppe brachte in der Sitzung nochmals ihre Bedenken zum Ausdruck, dass das geplante Einkaufszentrum f\u00fcr Bad Urach \u00fcberdimensioniert sei und der Innenstadt schaden werde.<\/p>\n<p style=\"text-align: left;\">Der Investor beabsichtigt, nach nun anstehender Pr\u00fcfung und Genehmigung der Bauantr\u00e4ge, im Herbst mit dem Abbruch der Industriebrache auf dem ehemaligen Gross-Quenzer-Areal zu beginnen.<\/p>\n<p style=\"text-align: left;\">N\u00e4here Informationen entnehmen Sie bitte den Gemeinderats-Drucksachen 63-2011 und 63-2011 (Anlage 1) die sie hier finden:\u00a0\u00a0<a href=\"http:\/\/www.badurach.de\/politik\/2,2,2,4,1.lasso?bereich=sitzungen&amp;sort=972&amp;ein=C3BD5D640f4f716455wry12EE5C8\">http:\/\/www.badurach.de\/politik\/2,2,2,4,1.lasso?bereich=sitzungen&amp;sort=972&amp;ein=C3BD5D640f4f716455wry12EE5C8<\/a><\/p>\n","protected":false},"excerpt":{"rendered":"<p>Gemeinderat fasst Satzungsbeschluss f\u00fcr N\u00f6rdliche Innenstadt (Bad Urach \/ 29.6.2011) In seiner gestrigen Sitzung hat der Bad Uracher Gemeinderat den Satzungsbeschluss f\u00fcr das geplante Einkaufzentrum in der N\u00f6rdlichen Innenstadt gefasst. Damit ist der Weg f\u00fcr den Investor \u201eActiv Immobilien\u201c frei, die ersten Bauantr\u00e4ge an die Stadt zu richten.<\/p>\n","protected":false},"author":2,"featured_media":2644,"comment_status":"closed","ping_status":"closed","sticky":false,"template":"","format":"standard","meta":{"footnotes":""},"categories":[15,10],"tags":[],"class_list":["post-2921","post","type-post","status-publish","format-standard","has-post-thumbnail","hentry","category-politik","category-wirtschaft"],"_links":{"self":[{"href":"https:\/\/www.biosphaere-alb.com\/wordpress\/index.php?rest_route=\/wp\/v2\/posts\/2921","targetHints":{"allow":["GET"]}}],"collection":[{"href":"https:\/\/www.biosphaere-alb.com\/wordpress\/index.php?rest_route=\/wp\/v2\/posts"}],"about":[{"href":"https:\/\/www.biosphaere-alb.com\/wordpress\/index.php?rest_route=\/wp\/v2\/types\/post"}],"author":[{"embeddable":true,"href":"https:\/\/www.biosphaere-alb.com\/wordpress\/index.php?rest_route=\/wp\/v2\/users\/2"}],"replies":[{"embeddable":true,"href":"https:\/\/www.biosphaere-alb.com\/wordpress\/index.php?rest_route=%2Fwp%2Fv2%2Fcomments&post=2921"}],"version-history":[{"count":3,"href":"https:\/\/www.biosphaere-alb.com\/wordpress\/index.php?rest_route=\/wp\/v2\/posts\/2921\/revisions"}],"predecessor-version":[{"id":2923,"href":"https:\/\/www.biosphaere-alb.com\/wordpress\/index.php?rest_route=\/wp\/v2\/posts\/2921\/revisions\/2923"}],"wp:featuredmedia":[{"embeddable":true,"href":"https:\/\/www.biosphaere-alb.com\/wordpress\/index.php?rest_route=\/wp\/v2\/media\/2644"}],"wp:attachment":[{"href":"https:\/\/www.biosphaere-alb.com\/wordpress\/index.php?rest_route=%2Fwp%2Fv2%2Fmedia&parent=2921"}],"wp:term":[{"taxonomy":"category","embeddable":true,"href":"https:\/\/www.biosphaere-alb.com\/wordpress\/index.php?rest_route=%2Fwp%2Fv2%2Fcategories&post=2921"},{"taxonomy":"post_tag","embeddable":true,"href":"https:\/\/www.biosphaere-alb.com\/wordpress\/index.php?rest_route=%2Fwp%2Fv2%2Ftags&post=2921"}],"curies":[{"name":"wp","href":"https:\/\/api.w.org\/{rel}","templated":true}]}}