{"id":3128,"date":"2011-07-15T08:54:24","date_gmt":"2011-07-15T06:54:24","guid":{"rendered":"http:\/\/www.biosphaere-alb.com\/wordpress\/?p=3128"},"modified":"2011-07-15T09:10:00","modified_gmt":"2011-07-15T07:10:00","slug":"nationalpark-schwarzwald-geplant","status":"publish","type":"post","link":"https:\/\/www.biosphaere-alb.com\/wordpress\/?p=3128","title":{"rendered":"Nationalpark Schwarzwald geplant"},"content":{"rendered":"<p><em>Diskussion zu m\u00f6glichem Nationalpark im Nordschwarzwald<\/em><\/p>\n<ul>\n<li>Naturschutz- und Forstminister Alexander Bonde: \u201eLand m\u00f6chte zur Versachlichung der Diskussion beitragen und Ber\u00fccksichtigung aller Interessen sicherstellen.\u201c<\/li>\n<li>Minister macht Region Verfahrensvorschlag &#8211; Land gibt Gutachten zu Vor- und Nachteilen eines Nationalparks in Auftrag.<\/li>\n<\/ul>\n<p><!--more--><img loading=\"lazy\" decoding=\"async\" class=\"alignleft size-medium wp-image-3130\" title=\"bonde_3BFW6628\" src=\"https:\/\/www.biosphaere-alb.com\/wordpress\/wp-content\/uploads\/2011\/07\/bonde_3BFW6628-98x160.jpg\" alt=\"\" width=\"98\" height=\"160\" srcset=\"https:\/\/www.biosphaere-alb.com\/wordpress\/wp-content\/uploads\/2011\/07\/bonde_3BFW6628-98x160.jpg 98w, https:\/\/www.biosphaere-alb.com\/wordpress\/wp-content\/uploads\/2011\/07\/bonde_3BFW6628-85x140.jpg 85w, https:\/\/www.biosphaere-alb.com\/wordpress\/wp-content\/uploads\/2011\/07\/bonde_3BFW6628.jpg 125w\" sizes=\"auto, (max-width: 98px) 100vw, 98px\" \/><\/p>\n<p>Minister Bonde hat bei einem Besuch des Naturpark-Hauses auf dem Ruhestein die Diskussion zu einem m\u00f6glichen Nationalpark im Nordschwarzwald aufgegriffen und der Region einen Verfahrensvorschlag unterbreitet. \u201eWir wollen zu einer Versachlichung der Diskussion beitragen. Das Ministerium f\u00fcr L\u00e4ndlichen Raum und Verbraucherschutz wird daher ein umfassendes Gutachten zu den Vor- und Nachteilen eines m\u00f6glichen Nationalparks im Nordschwarzwald finanzieren und eine unabh\u00e4ngige und renommierte Wirtschaftsberatungsgesellschaft damit beauftragen. Die gesamte Raumschaft und alle betroffenen Branchen sollen sich an der Konzeption des Gutachtens beteiligen k\u00f6nnen. Mit dem Gutachten erhalten wir eine gute Grundlage f\u00fcr alle weiteren Gespr\u00e4che und m\u00f6glichen Entscheidungen\u201c, sagte der Minister f\u00fcr L\u00e4ndlichen Raum und Verbraucherschutz, Alexander Bonde, am Donnerstag (14. Juli) im Naturpark-Haus auf dem Ruhestein (Seebach, Ortenaukreis). Die Landesregierung wolle die Diskussion um die Einrichtung eines Nationalparks im Nordschwarzwald ergebnisoffen begleiten. \u201eMir ist dabei besonders wichtig, dass auch auf kritische Stimmen geh\u00f6rt und diese ernst genommen werden\u201c, betonte Bonde.<\/p>\n<p>Der Ministers informierte sich bei seinem Besuch \u00fcber die Arbeit des Naturparks und tauschte sich mit Vertretern der Raumschaft \u00fcber weitere Entwicklungsm\u00f6glichkeiten aus, auch im Hinblick auf die aktuell in der Region laufende Diskussion \u00fcber einen m\u00f6glichen Nationalpark im Nordschwarzwald. Beim Gespr\u00e4ch mit den Landr\u00e4ten Dr. Klaus Michael R\u00fcckert (Landkreis Freudenstadt), Frank Scherer (Ortenaukreis), J\u00fcrgen B\u00e4uerle (Landkreis Rastatt), Helmut Riegger (Landkreis Calw) und Oberb\u00fcrgermeister Wolfgang Gerstner (Baden-Baden) sowie den beiden Regierungspr\u00e4sidenten Dr. Rudolf K\u00fchner (Regierungspr\u00e4sidium Karlsruhe) und Julian W\u00fcrtenberger (Regierungspr\u00e4sidium Freiburg) unterbreitete der Minister sein Angebot an die Region.<\/p>\n<p><strong>Interessen zum Untersuchungsgegenstand machen<\/strong><\/p>\n<p>Eine breit angelegte Studie k\u00f6nne gesicherte Erkenntnisse liefern und zur Versachlichung der Debatte beitragen, so der Minister. Die gesamte Region und alle betroffenen Branchen sollten bei der Erstellung des Anforderungskatalogs an das Gutachten, dem \u201eLastenheft\u201c, mitarbeiten. \u201eMit diesem Verfahren stellen wir sicher, dass niemand bef\u00fcrchten muss, mit seiner Interessenlage unterzugehen oder in der Studie nicht ber\u00fccksichtigt zu werden. Alle haben ein Recht auf und die M\u00f6glichkeit zur Mitsprache\u201c, betonte Bonde. Er k\u00fcndigte an, dass sich im Herbst eine Fachtagung mit den Fragen rund um die Erstellung eines solchen Anforderungskatalogs besch\u00e4ftigen werde. An dieser k\u00f6nnten interessierte B\u00fcrgerinnen und B\u00fcrger sowie alle interessierten Gruppen, wie die Wirtschafts- und Naturschutzverb\u00e4nde, teilnehmen.<\/p>\n<div id=\"attachment_3129\" style=\"width: 170px\" class=\"wp-caption alignright\"><img loading=\"lazy\" decoding=\"async\" aria-describedby=\"caption-attachment-3129\" class=\"size-medium wp-image-3129\" title=\"naturschutzzentrum_ruhestein_schwarzwald\" src=\"https:\/\/www.biosphaere-alb.com\/wordpress\/wp-content\/uploads\/2011\/07\/naturschutzzentrum_ruhestein_schwarzwald-160x106.jpg\" alt=\"\" width=\"160\" height=\"106\" srcset=\"https:\/\/www.biosphaere-alb.com\/wordpress\/wp-content\/uploads\/2011\/07\/naturschutzzentrum_ruhestein_schwarzwald-160x106.jpg 160w, https:\/\/www.biosphaere-alb.com\/wordpress\/wp-content\/uploads\/2011\/07\/naturschutzzentrum_ruhestein_schwarzwald-140x93.jpg 140w, https:\/\/www.biosphaere-alb.com\/wordpress\/wp-content\/uploads\/2011\/07\/naturschutzzentrum_ruhestein_schwarzwald.jpg 320w\" sizes=\"auto, (max-width: 160px) 100vw, 160px\" \/><p id=\"caption-attachment-3129\" class=\"wp-caption-text\">Naturschutzzentrum Schwarzwald am Ruhestein (Schwarzwaldhochstra\u00dfe).<\/p><\/div>\n<p><strong>Weiteres Vorgehen<\/strong><\/p>\n<p>Bei den Gespr\u00e4chspartnern warb der Minister f\u00fcr einen umfassenden Partizipationsprozess gerade auch auf kommunaler Ebene. \u201eDas Land macht dem Nordschwarzwald mit einem solchen Gutachten ein Angebot, bei der konkreten Ausgestaltung sind aber die Akteure vor Ort gefragt\u201c, so Bonde. In einem n\u00e4chsten Schritt wird es erste Informationsveranstaltungen f\u00fcr die Kommunen sowie die gewerbliche Wirtschaft, insbesondere die S\u00e4ge- und Holzwirtschaft, geben.<\/p>\n<p>Der weitere Prozess wird gesteuert von einem Lenkungskreis, dem die Landr\u00e4te, der Oberb\u00fcrgermeister der Stadt Baden-Baden und die beiden Regierungspr\u00e4sidenten angeh\u00f6ren. Der Vorsitzende des Naturparks Schwarzwald Mitte\/Nord, Landrat Dr. Klaus Michael R\u00fcckert sieht in Bondes Vorschlag eine gro\u00dfe Chance f\u00fcr die Raumschaft. \u201eMit diesem Vorgehen ist es uns vor Ort m\u00f6glich, alle betroffenen Bereiche und Belange zu identifizieren und dann in aller Ruhe und mit dem notwendigen Sachverstand einer ergebnisoffenen Bewertung zu unterziehen\u201c, sagte R\u00fcckert.<\/p>\n<p>\u201eMinisterpr\u00e4sident Winfried Kretschmann und die gr\u00fcn-rote Landesregierung stehen f\u00fcr eine Politik des Geh\u00f6rtwerdens. Ein Projekt wie ein Nationalpark kann nur dann erfolgreich sein, wenn er von der Region getragen wird\u201c, betonte Minister Bonde abschlie\u00dfend.<\/p>\n","protected":false},"excerpt":{"rendered":"<p>Diskussion zu m\u00f6glichem Nationalpark im Nordschwarzwald Naturschutz- und Forstminister Alexander Bonde: \u201eLand m\u00f6chte zur Versachlichung der Diskussion beitragen und Ber\u00fccksichtigung aller Interessen sicherstellen.\u201c Minister macht Region Verfahrensvorschlag &#8211; Land gibt Gutachten zu Vor- und Nachteilen eines Nationalparks in Auftrag.<\/p>\n","protected":false},"author":2,"featured_media":3130,"comment_status":"closed","ping_status":"closed","sticky":false,"template":"","format":"standard","meta":{"footnotes":""},"categories":[14,15],"tags":[],"class_list":["post-3128","post","type-post","status-publish","format-standard","has-post-thumbnail","hentry","category-naturschutz","category-politik"],"_links":{"self":[{"href":"https:\/\/www.biosphaere-alb.com\/wordpress\/index.php?rest_route=\/wp\/v2\/posts\/3128","targetHints":{"allow":["GET"]}}],"collection":[{"href":"https:\/\/www.biosphaere-alb.com\/wordpress\/index.php?rest_route=\/wp\/v2\/posts"}],"about":[{"href":"https:\/\/www.biosphaere-alb.com\/wordpress\/index.php?rest_route=\/wp\/v2\/types\/post"}],"author":[{"embeddable":true,"href":"https:\/\/www.biosphaere-alb.com\/wordpress\/index.php?rest_route=\/wp\/v2\/users\/2"}],"replies":[{"embeddable":true,"href":"https:\/\/www.biosphaere-alb.com\/wordpress\/index.php?rest_route=%2Fwp%2Fv2%2Fcomments&post=3128"}],"version-history":[{"count":6,"href":"https:\/\/www.biosphaere-alb.com\/wordpress\/index.php?rest_route=\/wp\/v2\/posts\/3128\/revisions"}],"predecessor-version":[{"id":3136,"href":"https:\/\/www.biosphaere-alb.com\/wordpress\/index.php?rest_route=\/wp\/v2\/posts\/3128\/revisions\/3136"}],"wp:featuredmedia":[{"embeddable":true,"href":"https:\/\/www.biosphaere-alb.com\/wordpress\/index.php?rest_route=\/wp\/v2\/media\/3130"}],"wp:attachment":[{"href":"https:\/\/www.biosphaere-alb.com\/wordpress\/index.php?rest_route=%2Fwp%2Fv2%2Fmedia&parent=3128"}],"wp:term":[{"taxonomy":"category","embeddable":true,"href":"https:\/\/www.biosphaere-alb.com\/wordpress\/index.php?rest_route=%2Fwp%2Fv2%2Fcategories&post=3128"},{"taxonomy":"post_tag","embeddable":true,"href":"https:\/\/www.biosphaere-alb.com\/wordpress\/index.php?rest_route=%2Fwp%2Fv2%2Ftags&post=3128"}],"curies":[{"name":"wp","href":"https:\/\/api.w.org\/{rel}","templated":true}]}}