{"id":3332,"date":"2011-08-16T16:03:10","date_gmt":"2011-08-16T14:03:10","guid":{"rendered":"http:\/\/www.biosphaere-alb.com\/wordpress\/?p=3332"},"modified":"2011-08-16T16:04:24","modified_gmt":"2011-08-16T14:04:24","slug":"schopfloch-bauernmarkt","status":"publish","type":"post","link":"https:\/\/www.biosphaere-alb.com\/wordpress\/?p=3332","title":{"rendered":"Schopfloch: Bauernmarkt"},"content":{"rendered":"<p><em>Bauermarkt am Naturschutzzentrum Schopflocher Alb<\/em><\/p>\n<p><strong>LIFE+-Projekt \u201eVogelschutz in Streuobstwiesen\u201c auf dem\u00a0Bauermarkt am Naturschutzzentrum Schopflocher Alb<\/strong><\/p>\n<p><strong> <\/strong><\/p>\n<p>Beim \u201eBauernmarkt\u201c am 18. September am Naturschutzzentrum Schopflocher Alb erwarten die Besucher dieses Jahr vielf\u00e4ltige Angebote rund um das Thema \u201eStreuobstwiesen\u201c. Regionale Verb\u00e4nde, Initiativen und Unternehmen laden ein zu Mitmach-Aktionen und pr\u00e4sentieren heimische Produkte vom Apfelsaft \u00fcber leckere Obstkuchen bis hin zu Wildbeerenweinen und Obstbr\u00e4nden. Matthias Berg, der Erste Landesbeamte im Landkreis Esslingen, wird die Veranstaltung um 11 Uhr er\u00f6ffnen. Bis 16 Uhr k\u00f6nnen die Besucher selbst Saft pressen, verschiedene Obstsorten sowie daraus gewonnenen S\u00e4fte und Destillate verkosten und ihre Geschicklichkeit beim Korb flechten unter Beweis stellen. Sieben Vogelweg-Stationen laden ein zum F\u00fchlen, Riechen, H\u00f6ren und Tasten: Wer erkennt, ob eine bestimmte Vogelstimme zu einer Art im Streuobstgebiet geh\u00f6rt oder wer kann einen Apfel- von einem Kirschbaum am Holz unterscheiden? Erwachsene und Schulkinder k\u00f6nnen bei den abwechslungsreichen Stationen mitmachen und beim Gl\u00fccksrad kleine Preise gewinnen. In einer Ausstellung und an St\u00e4nden gibt es weitere Informationen zum Thema Streuobstwiesen sowie zum europaweiten Schutzgebietsnetz NATURA 2000. Die Stiftung Naturschutzfonds Baden-W\u00fcrttemberg informiert mit Tafeln und Ausstellungsobjekten \u00fcber die FFH-Vogelarten, die Kulturlandschaftsf\u00fchrer \u201eDie Obstler\u201c zeigen ein vielf\u00e4ltiges Mitmach-Programm rund um die Streuobstwiesen.<\/p>\n<p>Die Aktion ist Teil des LIFE+-Projekts \u201eVogelschutz in Streuobstwiesen des Mittleren Albvorlandes und den Mittleren Remstales\u201c. Mit dieser Initiative will das Regierungspr\u00e4sidium Stuttgart die Bewirtschaftung von Streuobstwiesen f\u00f6rdern und einen Beitrag dazu leisten, diese \u00f6kologisch wertvollen Lebensr\u00e4ume zu erhalten.<\/p>\n<p>Die Gemeinde Lenningen geh\u00f6rt zu den Partner-Kommunen in diesem bis 2013 dauernden Projekt, das aus Mitteln des EU-Umweltprogramms LIFE+ unterst\u00fctzt wird.<\/p>\n<p>Ort: Naturschutzzentrum Schopflocher Alb, Vogelloch 1, Lenningen-Schopfloch\u2028(an der Stra\u00dfe zwischen Schopfloch und Ochsenwang)<\/p>\n<p>Mehr Informationen unter: <a href=\"http:\/\/www.life-vogelschutz-streuobst.de\" target=\"_blank\">www.life-vogelschutz-streuobst.de<\/a><\/p>\n","protected":false},"excerpt":{"rendered":"<p>Bauermarkt am Naturschutzzentrum Schopflocher Alb LIFE+-Projekt \u201eVogelschutz in Streuobstwiesen\u201c auf dem\u00a0Bauermarkt am Naturschutzzentrum Schopflocher Alb Beim \u201eBauernmarkt\u201c am 18. September am Naturschutzzentrum Schopflocher Alb erwarten die Besucher dieses Jahr vielf\u00e4ltige Angebote rund um das Thema \u201eStreuobstwiesen\u201c. Regionale Verb\u00e4nde, Initiativen und Unternehmen laden ein zu Mitmach-Aktionen und pr\u00e4sentieren heimische Produkte vom Apfelsaft \u00fcber leckere Obstkuchen bis [&hellip;]<\/p>\n","protected":false},"author":2,"featured_media":0,"comment_status":"closed","ping_status":"closed","sticky":false,"template":"","format":"standard","meta":{"footnotes":""},"categories":[1],"tags":[],"class_list":["post-3332","post","type-post","status-publish","format-standard","hentry","category-allgemein"],"_links":{"self":[{"href":"https:\/\/www.biosphaere-alb.com\/wordpress\/index.php?rest_route=\/wp\/v2\/posts\/3332","targetHints":{"allow":["GET"]}}],"collection":[{"href":"https:\/\/www.biosphaere-alb.com\/wordpress\/index.php?rest_route=\/wp\/v2\/posts"}],"about":[{"href":"https:\/\/www.biosphaere-alb.com\/wordpress\/index.php?rest_route=\/wp\/v2\/types\/post"}],"author":[{"embeddable":true,"href":"https:\/\/www.biosphaere-alb.com\/wordpress\/index.php?rest_route=\/wp\/v2\/users\/2"}],"replies":[{"embeddable":true,"href":"https:\/\/www.biosphaere-alb.com\/wordpress\/index.php?rest_route=%2Fwp%2Fv2%2Fcomments&post=3332"}],"version-history":[{"count":3,"href":"https:\/\/www.biosphaere-alb.com\/wordpress\/index.php?rest_route=\/wp\/v2\/posts\/3332\/revisions"}],"predecessor-version":[{"id":3334,"href":"https:\/\/www.biosphaere-alb.com\/wordpress\/index.php?rest_route=\/wp\/v2\/posts\/3332\/revisions\/3334"}],"wp:attachment":[{"href":"https:\/\/www.biosphaere-alb.com\/wordpress\/index.php?rest_route=%2Fwp%2Fv2%2Fmedia&parent=3332"}],"wp:term":[{"taxonomy":"category","embeddable":true,"href":"https:\/\/www.biosphaere-alb.com\/wordpress\/index.php?rest_route=%2Fwp%2Fv2%2Fcategories&post=3332"},{"taxonomy":"post_tag","embeddable":true,"href":"https:\/\/www.biosphaere-alb.com\/wordpress\/index.php?rest_route=%2Fwp%2Fv2%2Ftags&post=3332"}],"curies":[{"name":"wp","href":"https:\/\/api.w.org\/{rel}","templated":true}]}}