{"id":3337,"date":"2011-08-31T09:40:27","date_gmt":"2011-08-31T07:40:27","guid":{"rendered":"http:\/\/www.biosphaere-alb.com\/wordpress\/?p=3337"},"modified":"2011-09-05T12:09:51","modified_gmt":"2011-09-05T10:09:51","slug":"pferdeland-biospharengebiet","status":"publish","type":"post","link":"https:\/\/www.biosphaere-alb.com\/wordpress\/?p=3337","title":{"rendered":"Pferdeland Biosph\u00e4rengebiet"},"content":{"rendered":"<p style=\"text-align: left;\"><em>Minister f\u00fcr L\u00e4ndlichen Raum besucht Haupt- und Landgest\u00fct Marbach<\/em><\/p>\n<p style=\"text-align: left;\">\u201eDas Haupt- und Landgest\u00fct Marbach ist eine ganz besondere Einrichtung des Landes. Die Themenbereiche Bildung, Forschung, Beratung und Tourismus sind Zukunftsthemen, bei denen Marbach erhebliches Potenzial hat\u201c, sagte der Minister f\u00fcr L\u00e4ndlichen Raum und Verbraucherschutz, Alexander Bonde, am Dienstag (30.\u00a0August) bei einem Besuch des Haupt- und Landgest\u00fcts in Marbach (Landkreis Reutlingen). <!--more-->Mit einem fachlich gut aufgestellten Haupt- und Landgest\u00fct und in Zusammenarbeit mit den Partnern im Kompetenzzentrum Pferd leiste das Gest\u00fct einen wichtigen Beitrag zur St\u00e4rkung des Pferdelands Baden-W\u00fcrttemberg.<\/p>\n<p style=\"text-align: left;\"><img loading=\"lazy\" decoding=\"async\" class=\"alignnone size-full wp-image-3338\" title=\"marbach_bonde_IMG_6190\" src=\"https:\/\/www.biosphaere-alb.com\/wordpress\/wp-content\/uploads\/2011\/08\/marbach_bonde_IMG_6190.jpg\" alt=\"\" width=\"320\" height=\"229\" srcset=\"https:\/\/www.biosphaere-alb.com\/wordpress\/wp-content\/uploads\/2011\/08\/marbach_bonde_IMG_6190.jpg 320w, https:\/\/www.biosphaere-alb.com\/wordpress\/wp-content\/uploads\/2011\/08\/marbach_bonde_IMG_6190-160x114.jpg 160w, https:\/\/www.biosphaere-alb.com\/wordpress\/wp-content\/uploads\/2011\/08\/marbach_bonde_IMG_6190-140x100.jpg 140w\" sizes=\"auto, (max-width: 320px) 100vw, 320px\" \/><\/p>\n<p style=\"text-align: left;\">Landrat Thomas Reumann verwies w\u00e4hrend des Stipvisite beim gr\u00f6\u00dften Publikumsmagneten des Biosph\u00e4rengebietes Schw\u00e4bische Alb auf die wichtige Funktion des Job-Motors im Bereich Tourismus. Rund 500.ooo Touristen, so sch\u00e4tzt Astrid von\u00a0Velsen-Zerweck, Leiterin des Haupt- und Landgest\u00fcts\u00a0Marbach, besuchen das Gest\u00fct w\u00e4hrend eines Jahres. Alleine 10.000 Zuschauer bestaunen die Hengstparade, die traditionell am 3. Oktober auch dieses Jahr wieder stattfindet. W\u00e4hrend dieser Zeit sind alle Hotels ausgebucht.<\/p>\n<p style=\"text-align: left;\">\n<div id=\"attachment_3344\" style=\"width: 170px\" class=\"wp-caption alignright\"><a rel=\"attachment wp-att-3344\" href=\"https:\/\/www.biosphaere-alb.com\/wordpress\/?attachment_id=3344\"><img loading=\"lazy\" decoding=\"async\" aria-describedby=\"caption-attachment-3344\" class=\"size-medium wp-image-3344\" title=\"marbach_velsen_bonde_IMG_61\" src=\"https:\/\/www.biosphaere-alb.com\/wordpress\/wp-content\/uploads\/2011\/08\/marbach_velsen_bonde_IMG_61-160x92.jpg\" alt=\"\" width=\"160\" height=\"92\" srcset=\"https:\/\/www.biosphaere-alb.com\/wordpress\/wp-content\/uploads\/2011\/08\/marbach_velsen_bonde_IMG_61-160x92.jpg 160w, https:\/\/www.biosphaere-alb.com\/wordpress\/wp-content\/uploads\/2011\/08\/marbach_velsen_bonde_IMG_61-140x80.jpg 140w, https:\/\/www.biosphaere-alb.com\/wordpress\/wp-content\/uploads\/2011\/08\/marbach_velsen_bonde_IMG_61.jpg 320w\" sizes=\"auto, (max-width: 160px) 100vw, 160px\" \/><\/a><p id=\"caption-attachment-3344\" class=\"wp-caption-text\">Alexander Bonde (rechts): \u201eGest\u00fct leistet wertvollen Beitrag zur St\u00e4rkung des Pferdelands Baden-W\u00fcrttemberg. (Von links: Landrat Thomas Reumann, Astrid von Velsen-Zerweck, Leiterin des Haupt- und Landgest\u00fcts Marbach)<\/p><\/div>\n<p>Derzeit wird das Gest\u00fct mordernisiert. Das Land Baden-W\u00fcrttemberg investiert 7,3 Millionen Euro. Nicht zuletzt, weil der viel besuchte Landesbetrieb wichtiger Pfeiler des Informationsnetzwerk Biosph\u00e4re werden soll. Der Minister besuchte daher auch die Baustelle des k\u00fcnftigen Informationszentrum des Gest\u00fcts (siehe Foto). Dieses Geb\u00e4ude wird die wenig attraktive \u00a0Zeltkonstruktion \u2013 das \u201eProvisorium endlich abl\u00f6sen\u201c, erl\u00e4utert Velsen-Zerweck.<\/p>\n<p style=\"text-align: left;\">\u201ePferdezucht und Pferdehaltung haben in Baden-W\u00fcrttemberg einen hohen Stellenwert und eine lange Tradition\u201c, betonte Bonde. Dies stelle die 500-j\u00e4hrige Geschichte des Haupt- und Landgest\u00fcts Marbach eindrucksvoll unter Beweis. \u201eAls gr\u00f6\u00dfter Ausbildungsbetrieb f\u00fcr Pferdewirte gibt das Gest\u00fct zugleich seit Generationen seine Erfahrung und sein Wissen an angehende Pferdewirte weiter\u201c, so Bonde. Im neuen Ausbildungsjahr werden 37\u00a0Pferdewirte, 2\u00a0Landwirte und ein Hufbeschlagspraktikant in Marbach ausgebildet.<\/p>\n<p style=\"text-align: left;\">Auch die derzeitigen Bauma\u00dfnahmen im Gest\u00fct, die seit 2010 laufen, seien eine wertvolle Investition in die Zukunft, betonte der Minister: \u201eDa die Mittel in H\u00f6he von 7,3\u00a0Millionen Euro des Zukunftsinvestitionsprogramms direkt in den Bildungsbereich und in die energetische Sanierung des Gest\u00fcts, also in den Klimaschutz, flie\u00dfen, machen die Investitionen auch aus gesellschaftspolitischer und \u00f6kologischer Sicht Sinn.\u201c Begr\u00fc\u00dfenswert sei dar\u00fcber hinaus, dass das Land bei den Neubauten auf ein nachhaltiges Baukonzept mit vorrangig regionalen Materialien setze.<\/p>\n<p style=\"text-align: left;\"><span style=\"color: #800000;\">Termine der Hengstparade: <\/span><a href=\"https:\/\/www.biosphaere-alb.com\/wordpress\/?p=2741\" target=\"_blank\"><span style=\"color: #800000;\">hier &gt;&gt;<\/span><\/a><\/p>\n<p style=\"text-align: left;\"><img loading=\"lazy\" decoding=\"async\" title=\"marbach_velsen_bonde_3BFW73\" src=\"https:\/\/www.biosphaere-alb.com\/wordpress\/wp-content\/uploads\/2011\/08\/marbach_velsen_bonde_3BFW73-150x150.jpg\" alt=\"\" width=\"150\" height=\"150\" \/> <img loading=\"lazy\" decoding=\"async\" title=\"pferd_marbach_IMG_6184\" src=\"https:\/\/www.biosphaere-alb.com\/wordpress\/wp-content\/uploads\/2011\/08\/pferd_marbach_IMG_6184-150x150.jpg\" alt=\"\" width=\"150\" height=\"150\" \/> <img loading=\"lazy\" decoding=\"async\" title=\"marbach_besucherzentrum_umb\" src=\"https:\/\/www.biosphaere-alb.com\/wordpress\/wp-content\/uploads\/2011\/08\/marbach_besucherzentrum_umb-150x150.jpg\" alt=\"\" width=\"150\" height=\"150\" \/> <img loading=\"lazy\" decoding=\"async\" title=\"velsen_bonde_3BFW7331\" src=\"https:\/\/www.biosphaere-alb.com\/wordpress\/wp-content\/uploads\/2011\/08\/velsen_bonde_3BFW7331-150x150.jpg\" alt=\"\" width=\"150\" height=\"150\" \/><\/p>\n","protected":false},"excerpt":{"rendered":"<p>Minister f\u00fcr L\u00e4ndlichen Raum besucht Haupt- und Landgest\u00fct Marbach \u201eDas Haupt- und Landgest\u00fct Marbach ist eine ganz besondere Einrichtung des Landes. Die Themenbereiche Bildung, Forschung, Beratung und Tourismus sind Zukunftsthemen, bei denen Marbach erhebliches Potenzial hat\u201c, sagte der Minister f\u00fcr L\u00e4ndlichen Raum und Verbraucherschutz, Alexander Bonde, am Dienstag (30.\u00a0August) bei einem Besuch des Haupt- und [&hellip;]<\/p>\n","protected":false},"author":2,"featured_media":3338,"comment_status":"closed","ping_status":"closed","sticky":false,"template":"","format":"standard","meta":{"footnotes":""},"categories":[7],"tags":[],"class_list":["post-3337","post","type-post","status-publish","format-standard","has-post-thumbnail","hentry","category-biosphare-lebt"],"_links":{"self":[{"href":"https:\/\/www.biosphaere-alb.com\/wordpress\/index.php?rest_route=\/wp\/v2\/posts\/3337","targetHints":{"allow":["GET"]}}],"collection":[{"href":"https:\/\/www.biosphaere-alb.com\/wordpress\/index.php?rest_route=\/wp\/v2\/posts"}],"about":[{"href":"https:\/\/www.biosphaere-alb.com\/wordpress\/index.php?rest_route=\/wp\/v2\/types\/post"}],"author":[{"embeddable":true,"href":"https:\/\/www.biosphaere-alb.com\/wordpress\/index.php?rest_route=\/wp\/v2\/users\/2"}],"replies":[{"embeddable":true,"href":"https:\/\/www.biosphaere-alb.com\/wordpress\/index.php?rest_route=%2Fwp%2Fv2%2Fcomments&post=3337"}],"version-history":[{"count":13,"href":"https:\/\/www.biosphaere-alb.com\/wordpress\/index.php?rest_route=\/wp\/v2\/posts\/3337\/revisions"}],"predecessor-version":[{"id":3408,"href":"https:\/\/www.biosphaere-alb.com\/wordpress\/index.php?rest_route=\/wp\/v2\/posts\/3337\/revisions\/3408"}],"wp:featuredmedia":[{"embeddable":true,"href":"https:\/\/www.biosphaere-alb.com\/wordpress\/index.php?rest_route=\/wp\/v2\/media\/3338"}],"wp:attachment":[{"href":"https:\/\/www.biosphaere-alb.com\/wordpress\/index.php?rest_route=%2Fwp%2Fv2%2Fmedia&parent=3337"}],"wp:term":[{"taxonomy":"category","embeddable":true,"href":"https:\/\/www.biosphaere-alb.com\/wordpress\/index.php?rest_route=%2Fwp%2Fv2%2Fcategories&post=3337"},{"taxonomy":"post_tag","embeddable":true,"href":"https:\/\/www.biosphaere-alb.com\/wordpress\/index.php?rest_route=%2Fwp%2Fv2%2Ftags&post=3337"}],"curies":[{"name":"wp","href":"https:\/\/api.w.org\/{rel}","templated":true}]}}