{"id":3381,"date":"2011-08-29T11:11:18","date_gmt":"2011-08-29T09:11:18","guid":{"rendered":"http:\/\/www.biosphaere-alb.com\/wordpress\/?p=3381"},"modified":"2011-08-31T11:16:51","modified_gmt":"2011-08-31T09:16:51","slug":"waschekrone-denkt-global","status":"publish","type":"post","link":"https:\/\/www.biosphaere-alb.com\/wordpress\/?p=3381","title":{"rendered":"W\u00e4schekrone denkt global"},"content":{"rendered":"<p><em>Hotelw\u00e4sche-Profis\u00a0W\u00e4schekrone und Eccel b\u00fcndeln Kr\u00e4fte in S\u00fcdtirol<\/em><\/p>\n<p>Bozen \/ Laichingen, 29. August 2011 \u2013 Der Laichinger Hotelw\u00e4scheprofi W\u00e4schekrone und der S\u00fcdtiroler Hotelausstatter Eccel haben eine gemeinsame Tochtergesellschaft gegr\u00fcndet und ihre Vertriebsaktivit\u00e4ten im S\u00fcdtiroler und italienischen Hoteltextilsektor geb\u00fcndelt. Zum 31. August 2011 werden in der Eccel Professional GmbH die Kollektionen<!--more--> der zwei Hotelw\u00e4scheprofis zusammengef\u00fchrt und gemeinsam in S\u00fcdtirol und im Trentino vermarktet. Damit entsteht ein schlagkr\u00e4ftiges Unternehmen, mit dem die Marktanteile kr\u00e4ftig ausgebaut werden sollen. Der entscheidende Vorteil f\u00fcr die Kunden in Hotellerie und Gastronomie: Sie erhalten aus einer professionellen Hand breit gef\u00e4cherte, zukunftsorientierte W\u00e4sche-L\u00f6sungen mit fachkundiger Beratung vor Ort.<\/p>\n<p><img loading=\"lazy\" decoding=\"async\" class=\"alignleft size-medium wp-image-3382\" title=\"waeschekrone\" src=\"https:\/\/www.biosphaere-alb.com\/wordpress\/wp-content\/uploads\/2011\/08\/waeschekrone-160x98.jpg\" alt=\"\" width=\"160\" height=\"98\" srcset=\"https:\/\/www.biosphaere-alb.com\/wordpress\/wp-content\/uploads\/2011\/08\/waeschekrone-160x98.jpg 160w, https:\/\/www.biosphaere-alb.com\/wordpress\/wp-content\/uploads\/2011\/08\/waeschekrone-140x85.jpg 140w, https:\/\/www.biosphaere-alb.com\/wordpress\/wp-content\/uploads\/2011\/08\/waeschekrone.jpg 320w\" sizes=\"auto, (max-width: 160px) 100vw, 160px\" \/>\u201eEccel ist f\u00fcr uns ein Wunschpartner. Wir sind beide gesund in der Branche gewachsen, haben beide eine \u00fcber hundertj\u00e4hrige Textil-Tradition und passen deshalb sehr gut zusammen. \u00dcber die gemeinsame Tochter hat W\u00e4schekrone einen sofortigen Markteintritt in S\u00fcdtirol und wir k\u00f6nnen unsere Kollektionen \u00fcber etablierte Vertriebswege hervorragend bis nach Italien vermarkten\u201c, erl\u00e4utert Hans-Werner Gro\u00df, Gesch\u00e4ftsf\u00fchrender Gesellschafter von W\u00e4schekrone, die gemeinsame Strategie.<\/p>\n<p>Auch Kurt Eccel, Chef der Eccel-Firmengruppe, unterstreicht die Vorteile des Zusammenschlusses: \u201eDadurch ist es uns gelungen, unsere Hotelw\u00e4sche-Aktivit\u00e4ten neu zu strukturieren und in einem serviceorientierten Unternehmen kraftvoll zusammen zu f\u00fchren. Mit W\u00e4schekrone haben wir einen Partner an der Seite, mit dessen umfangreichen Hotelw\u00e4sche-L\u00f6sungen wir unsere Kunden noch professioneller bedienen und unsere Marktpr\u00e4senz ausbauen k\u00f6nnen.\u201c<\/p>\n<p>Alle zw\u00f6lf Mitarbeiter der bisherigen Eccel-Tochter Lavarent werden am bestehenden Standort in Bozen in die neue Firma \u00fcbernommen und zum Jahresende neue Gesch\u00e4ftsr\u00e4ume in Bozen beziehen. Gesch\u00e4ftsf\u00fchrer der Eccel Professional GmbH wird Hans-Werner Gro\u00df. Auf der Fachmesse \u201eHotel\u201c, die vom 17. \u2013 20. Oktober 2011 in Bozen stattfindet, wird sich Eccel Professional erstmals den Kunden pr\u00e4sentieren und die Besucher am Messestand (D 23\/28) mit einem \u00dcberraschungsgeschenk begr\u00fc\u00dfen.<\/p>\n","protected":false},"excerpt":{"rendered":"<p>Hotelw\u00e4sche-Profis\u00a0W\u00e4schekrone und Eccel b\u00fcndeln Kr\u00e4fte in S\u00fcdtirol Bozen \/ Laichingen, 29. August 2011 \u2013 Der Laichinger Hotelw\u00e4scheprofi W\u00e4schekrone und der S\u00fcdtiroler Hotelausstatter Eccel haben eine gemeinsame Tochtergesellschaft gegr\u00fcndet und ihre Vertriebsaktivit\u00e4ten im S\u00fcdtiroler und italienischen Hoteltextilsektor geb\u00fcndelt. Zum 31. August 2011 werden in der Eccel Professional GmbH die Kollektionen<\/p>\n","protected":false},"author":2,"featured_media":0,"comment_status":"closed","ping_status":"closed","sticky":false,"template":"","format":"standard","meta":{"footnotes":""},"categories":[11,10],"tags":[],"class_list":["post-3381","post","type-post","status-publish","format-standard","hentry","category-gastronomie","category-wirtschaft"],"_links":{"self":[{"href":"https:\/\/www.biosphaere-alb.com\/wordpress\/index.php?rest_route=\/wp\/v2\/posts\/3381","targetHints":{"allow":["GET"]}}],"collection":[{"href":"https:\/\/www.biosphaere-alb.com\/wordpress\/index.php?rest_route=\/wp\/v2\/posts"}],"about":[{"href":"https:\/\/www.biosphaere-alb.com\/wordpress\/index.php?rest_route=\/wp\/v2\/types\/post"}],"author":[{"embeddable":true,"href":"https:\/\/www.biosphaere-alb.com\/wordpress\/index.php?rest_route=\/wp\/v2\/users\/2"}],"replies":[{"embeddable":true,"href":"https:\/\/www.biosphaere-alb.com\/wordpress\/index.php?rest_route=%2Fwp%2Fv2%2Fcomments&post=3381"}],"version-history":[{"count":2,"href":"https:\/\/www.biosphaere-alb.com\/wordpress\/index.php?rest_route=\/wp\/v2\/posts\/3381\/revisions"}],"predecessor-version":[{"id":3384,"href":"https:\/\/www.biosphaere-alb.com\/wordpress\/index.php?rest_route=\/wp\/v2\/posts\/3381\/revisions\/3384"}],"wp:attachment":[{"href":"https:\/\/www.biosphaere-alb.com\/wordpress\/index.php?rest_route=%2Fwp%2Fv2%2Fmedia&parent=3381"}],"wp:term":[{"taxonomy":"category","embeddable":true,"href":"https:\/\/www.biosphaere-alb.com\/wordpress\/index.php?rest_route=%2Fwp%2Fv2%2Fcategories&post=3381"},{"taxonomy":"post_tag","embeddable":true,"href":"https:\/\/www.biosphaere-alb.com\/wordpress\/index.php?rest_route=%2Fwp%2Fv2%2Ftags&post=3381"}],"curies":[{"name":"wp","href":"https:\/\/api.w.org\/{rel}","templated":true}]}}