{"id":3441,"date":"2011-09-16T11:20:19","date_gmt":"2011-09-16T09:20:19","guid":{"rendered":"http:\/\/www.biosphaere-alb.com\/wordpress\/?p=3441"},"modified":"2011-09-08T11:22:03","modified_gmt":"2011-09-08T09:22:03","slug":"buchvorstellung-baumpflege","status":"publish","type":"post","link":"https:\/\/www.biosphaere-alb.com\/wordpress\/?p=3441","title":{"rendered":"Buchvorstellung: Baumpflege"},"content":{"rendered":"<p><em>Buchvorstellung: Mit dem Remstal-Rebell schneiden Obstbauern gut ab<\/em><\/p>\n<p>Mit der Devise \u201eWenig \u00c4ste, viel Licht, viel Qualit\u00e4t\u201c l\u00f6ste der Remstal-Rebell\u00a0Helmut Palmer den \u201eW\u00fcrttembergischen Obstbaukrieg\u201c aus. L\u00e4ngst hat der von\u00a0Palmer propagierte \u201eOeschberg-Schnitt\u201c Schule gemacht. Denn der Erfolg dieses\u00a0Schnittes hat\u00a0 ihm recht gegeben: Die Fr\u00fcchte werden gro\u00df und zuckerreich, <!--more-->Schattenfr\u00fcchte gibt es so gut wie keine. Kernst\u00fcck des Buches <strong>Der Palmer-<\/strong><strong>Schnitt<\/strong> von Gudrun Mangold<strong> <\/strong>ist eine leicht verst\u00e4ndliche Anleitung f\u00fcr Palmers\u00a0Kronenaufbau in Wort und Bild. So k\u00f6nnen Fachleute wie Laien eine erfolgreiche\u00a0Baumpflege betreiben und ihren Obstb\u00e4umen Spitzenertr\u00e4ge entlocken.<\/p>\n<p>Angereichert ist das Buch zudem mit am\u00fcsanten Geschichten von und \u00fcber den\u00a0ungest\u00fcmen Remst\u00e4ler.<\/p>\n<p><img loading=\"lazy\" decoding=\"async\" class=\"alignnone size-full wp-image-3442\" title=\"Buch_Palmer_Schnitt\" src=\"https:\/\/www.biosphaere-alb.com\/wordpress\/wp-content\/uploads\/2011\/09\/Buch_Palmer_Schnitt.jpg\" alt=\"\" width=\"432\" height=\"281\" srcset=\"https:\/\/www.biosphaere-alb.com\/wordpress\/wp-content\/uploads\/2011\/09\/Buch_Palmer_Schnitt.jpg 432w, https:\/\/www.biosphaere-alb.com\/wordpress\/wp-content\/uploads\/2011\/09\/Buch_Palmer_Schnitt-160x104.jpg 160w, https:\/\/www.biosphaere-alb.com\/wordpress\/wp-content\/uploads\/2011\/09\/Buch_Palmer_Schnitt-140x91.jpg 140w\" sizes=\"auto, (max-width: 432px) 100vw, 432px\" \/><\/p>\n<p><strong>Gudrun Mangold <\/strong>ist Journalistin, Autorin und Filmemacherin. Zu ihren\u00a0Auftraggebern geh\u00f6ren u.a. ZDF, SWR, Stern und verschiedene Tageszeitungen.\u00a0Daneben leitet sie Seminare an der Universit\u00e9 du Vin im s\u00fcdlichen Rh\u00f4netal.<\/p>\n","protected":false},"excerpt":{"rendered":"<p>Buchvorstellung: Mit dem Remstal-Rebell schneiden Obstbauern gut ab Mit der Devise \u201eWenig \u00c4ste, viel Licht, viel Qualit\u00e4t\u201c l\u00f6ste der Remstal-Rebell\u00a0Helmut Palmer den \u201eW\u00fcrttembergischen Obstbaukrieg\u201c aus. L\u00e4ngst hat der von\u00a0Palmer propagierte \u201eOeschberg-Schnitt\u201c Schule gemacht. Denn der Erfolg dieses\u00a0Schnittes hat\u00a0 ihm recht gegeben: Die Fr\u00fcchte werden gro\u00df und zuckerreich,<\/p>\n","protected":false},"author":2,"featured_media":0,"comment_status":"closed","ping_status":"closed","sticky":false,"template":"","format":"standard","meta":{"footnotes":""},"categories":[23],"tags":[],"class_list":["post-3441","post","type-post","status-publish","format-standard","hentry","category-ernahrung"],"_links":{"self":[{"href":"https:\/\/www.biosphaere-alb.com\/wordpress\/index.php?rest_route=\/wp\/v2\/posts\/3441","targetHints":{"allow":["GET"]}}],"collection":[{"href":"https:\/\/www.biosphaere-alb.com\/wordpress\/index.php?rest_route=\/wp\/v2\/posts"}],"about":[{"href":"https:\/\/www.biosphaere-alb.com\/wordpress\/index.php?rest_route=\/wp\/v2\/types\/post"}],"author":[{"embeddable":true,"href":"https:\/\/www.biosphaere-alb.com\/wordpress\/index.php?rest_route=\/wp\/v2\/users\/2"}],"replies":[{"embeddable":true,"href":"https:\/\/www.biosphaere-alb.com\/wordpress\/index.php?rest_route=%2Fwp%2Fv2%2Fcomments&post=3441"}],"version-history":[{"count":4,"href":"https:\/\/www.biosphaere-alb.com\/wordpress\/index.php?rest_route=\/wp\/v2\/posts\/3441\/revisions"}],"predecessor-version":[{"id":3446,"href":"https:\/\/www.biosphaere-alb.com\/wordpress\/index.php?rest_route=\/wp\/v2\/posts\/3441\/revisions\/3446"}],"wp:attachment":[{"href":"https:\/\/www.biosphaere-alb.com\/wordpress\/index.php?rest_route=%2Fwp%2Fv2%2Fmedia&parent=3441"}],"wp:term":[{"taxonomy":"category","embeddable":true,"href":"https:\/\/www.biosphaere-alb.com\/wordpress\/index.php?rest_route=%2Fwp%2Fv2%2Fcategories&post=3441"},{"taxonomy":"post_tag","embeddable":true,"href":"https:\/\/www.biosphaere-alb.com\/wordpress\/index.php?rest_route=%2Fwp%2Fv2%2Ftags&post=3441"}],"curies":[{"name":"wp","href":"https:\/\/api.w.org\/{rel}","templated":true}]}}