{"id":3535,"date":"2011-09-27T11:22:06","date_gmt":"2011-09-27T09:22:06","guid":{"rendered":"http:\/\/www.biosphaere-alb.com\/wordpress\/?p=3535"},"modified":"2011-10-06T15:19:17","modified_gmt":"2011-10-06T13:19:17","slug":"nationalpark-ja-oder-nein","status":"publish","type":"post","link":"https:\/\/www.biosphaere-alb.com\/wordpress\/?p=3535","title":{"rendered":"Nationalpark ja oder nein?"},"content":{"rendered":"<p><em>Fachtagung in Bad Wildbad er\u00f6rtert Machbarkeit eines Nationalparks<\/em><\/p>\n<ul>\n<li>350 Teilnehmer debattierten<\/li>\n<li>100 Teilnehmer demonstrierten<\/li>\n<\/ul>\n<p>Arbeitstagung zum Nationalpark Nordschwarzwald in Bad Wildbad als Startschuss eines langen Diskussionsprozesses in der Region.<!--more--><\/p>\n<p><img loading=\"lazy\" decoding=\"async\" class=\"alignnone size-full wp-image-2670\" title=\"rad_schwarzwald_IMG_1798\" src=\"https:\/\/www.biosphaere-alb.com\/wordpress\/wp-content\/uploads\/2011\/05\/rad_schwarzwald_IMG_1798.jpg\" alt=\"\" width=\"320\" height=\"240\" srcset=\"https:\/\/www.biosphaere-alb.com\/wordpress\/wp-content\/uploads\/2011\/05\/rad_schwarzwald_IMG_1798.jpg 320w, https:\/\/www.biosphaere-alb.com\/wordpress\/wp-content\/uploads\/2011\/05\/rad_schwarzwald_IMG_1798-160x120.jpg 160w, https:\/\/www.biosphaere-alb.com\/wordpress\/wp-content\/uploads\/2011\/05\/rad_schwarzwald_IMG_1798-140x105.jpg 140w\" sizes=\"auto, (max-width: 320px) 100vw, 320px\" \/><\/p>\n<p><em><span style=\"color: #888888;\">Bev\u00f6lkerung sorgt sich, dass Touristen durch den geplanten Nationalpark-Status im Nordschwarzwald eingeschr\u00e4nkt werden.<\/span><\/em><\/p>\n<p>\u201eWir haben heute ein Experiment in Sachen Politik des Zuh\u00f6rens erlebt, mit dem die Diskussion \u00fcber einen Nationalpark im Nordschwarzwald auf beeindruckende und \u00e4u\u00dferst konstruktive Art und Weise versachlicht worden ist&#8220;, sagte der Minister f\u00fcr L\u00e4ndlichen Raum und Verbraucherschutz, Alexander Bonde, am Samstag (24. September) zum Abschluss einer ganzt\u00e4gigen Fachtagung in Bad Wildbad (Landkreis Calw). Bei der Veranstaltung, die auch live im Internet \u00fcbertragen wurde, diskutierten die rund 350 Teilnehmerinnen und Teilnehmer aus der Region Nordschwarzwald in zahlreichen moderierten offenen Foren und themenorientierten Arbeitskreisen \u00fcber Fragen und Anregungen aus der regionalen Wirtschaft, der S\u00e4ge- und Holzindustrie, Forstwirtschaft, Jagd und Landwirtschaft sowie den Bereichen Naturschutz, Tourismus, gesellschaftliche Interessen und Kommunalentwicklung.<\/p>\n<p>&#8222;Es war gut, bereits zu einem sehr fr\u00fchen Zeitpunkt der Debatte ein solch aufw\u00e4ndiges Verfahren gew\u00e4hlt zu haben&#8220;, zeigte sich Minister Bonde beeindruckt von dem breit angelegten Diskussionsprozess unter Leitung des erfahrenen Moderationsexperten und Soziologen Professor Ortwin Renn von der Universit\u00e4t Stuttgart. &#8222;Das war heute der Auftakt f\u00fcr einen langen Prozess der Diskussion und der B\u00fcrgerbeteiligung&#8220;, sagte Bonde. Dass es vor der Halle Pro- und Gegendemonstrationen gegeben habe, zeige, wie wichtig es sei, die Debatte zu versachlichen. Der Minister bedauerte zugleich, dass nicht noch mehr Gegendemonstranten vor der Halle sein Angebot angenommen h\u00e4tten, sich an der Tagung zu beteiligen und sich in den Diskussionen einzubringen. Dort habe sich n\u00e4mlich bereits gezeigt, dass viele der von den Nationalpark-Gegnern vorgebrachten \u00c4ngste und Sorgen unbegr\u00fcndet seien: &#8222;So ist in der auf der Tagung vorgestellten Suchkulisse f\u00fcr einen Nationalpark nicht ein einziger Skihang enthalten, und s\u00e4mtliche Langlaufloipen haben Bestandschutz&#8220;, sagte Bonde.<\/p>\n<p>Der f\u00fcr Forst, Tourismus und Naturschutz zust\u00e4ndige Minister k\u00fcndigte an, dass die vielen mit gro\u00dfem Sachverstand auf der Tagung erarbeiteten Fragen und Anregungen Grundlage f\u00fcr ein Gutachten unabh\u00e4ngiger Pr\u00fcfer sein w\u00fcrden, das die Landesregierung finanzieren werde. Alle Akteure und Interessierten aus der Region w\u00fcrden auch weiter eng in den Diskussionsprozess eingebunden. Vorschl\u00e4ge aus den moderierten Gruppen, wonach einzelne Themenbereiche in regional verankerten Arbeitsgruppen weiter vertieft werden m\u00fcssten, um vorhandenes Expertenwissen und die Sachkenntnis vor Ort ausgiebig zu nutzen, bezeichnete Bonde als &#8222;sehr sinnvolle Anregung, die wir aufgreifen sollten&#8220;.<\/p>\n<p>Dar\u00fcber hinaus k\u00f6nnten im Rahmen von Regionalkonferenzen weiter Hintergrundinformationen zu den einzelnen Themenfeldern diskutiert und Erfahrungen aus anderen Nationalparken gesammelt werden. Au\u00dferdem schlug der Minister etwa von F\u00f6rstern und Biologen gef\u00fchrte Fachwanderungen in Bannw\u00e4ldern vor, auf denen interessierte B\u00fcrgerinnen und B\u00fcrger die Auswirkungen wirtschaftlich nicht mehr genutzter W\u00e4lder unmittelbar beobachten und erleben k\u00f6nnten.<\/p>\n<p>&#8222;Ein Nationalpark im Nordschwarzwald bringt einen positiven Strukturimpuls, wenn er aus der Region mitgetragen wird&#8220;, sagte Bonde abschlie\u00dfend. Deshalb werde der weitere Prozess &#8222;mit gr\u00f6\u00dftm\u00f6glicher Transparenz&#8220; durchgef\u00fchrt werden. Alle R\u00fcckmeldungen und Anregungen aus der Region, die auch nach der Tagung in Bad Wildbad im Ministerium f\u00fcr L\u00e4ndlichen Raum und Verbraucherschutz eingingen, fl\u00f6ssen deshalb selbstverst\u00e4ndlich weiter in das unabh\u00e4ngige Gutachten mit ein.<\/p>\n<p>Weitere Informationen zur Diskussion um einen Nationalpark im Nordschwarzwald: <a href=\"http:\/\/www.mlr.baden-wuerttemberg.de\/nationalpark\" target=\"_blank\">www.mlr.baden-wuerttemberg.de\/nationalpark<\/a>. Hier finden Sie in K\u00fcrze auch Videos und die Abschlussdokumentation der Fachtagung in Bad Wildbad, die von Professor Renn und seinem Team derzeit zusammengestellt wird.<\/p>\n","protected":false},"excerpt":{"rendered":"<p>Fachtagung in Bad Wildbad er\u00f6rtert Machbarkeit eines Nationalparks 350 Teilnehmer debattierten 100 Teilnehmer demonstrierten Arbeitstagung zum Nationalpark Nordschwarzwald in Bad Wildbad als Startschuss eines langen Diskussionsprozesses in der Region.<\/p>\n","protected":false},"author":2,"featured_media":2670,"comment_status":"closed","ping_status":"closed","sticky":false,"template":"","format":"standard","meta":{"footnotes":""},"categories":[14,15],"tags":[],"class_list":["post-3535","post","type-post","status-publish","format-standard","has-post-thumbnail","hentry","category-naturschutz","category-politik"],"_links":{"self":[{"href":"https:\/\/www.biosphaere-alb.com\/wordpress\/index.php?rest_route=\/wp\/v2\/posts\/3535","targetHints":{"allow":["GET"]}}],"collection":[{"href":"https:\/\/www.biosphaere-alb.com\/wordpress\/index.php?rest_route=\/wp\/v2\/posts"}],"about":[{"href":"https:\/\/www.biosphaere-alb.com\/wordpress\/index.php?rest_route=\/wp\/v2\/types\/post"}],"author":[{"embeddable":true,"href":"https:\/\/www.biosphaere-alb.com\/wordpress\/index.php?rest_route=\/wp\/v2\/users\/2"}],"replies":[{"embeddable":true,"href":"https:\/\/www.biosphaere-alb.com\/wordpress\/index.php?rest_route=%2Fwp%2Fv2%2Fcomments&post=3535"}],"version-history":[{"count":4,"href":"https:\/\/www.biosphaere-alb.com\/wordpress\/index.php?rest_route=\/wp\/v2\/posts\/3535\/revisions"}],"predecessor-version":[{"id":3568,"href":"https:\/\/www.biosphaere-alb.com\/wordpress\/index.php?rest_route=\/wp\/v2\/posts\/3535\/revisions\/3568"}],"wp:featuredmedia":[{"embeddable":true,"href":"https:\/\/www.biosphaere-alb.com\/wordpress\/index.php?rest_route=\/wp\/v2\/media\/2670"}],"wp:attachment":[{"href":"https:\/\/www.biosphaere-alb.com\/wordpress\/index.php?rest_route=%2Fwp%2Fv2%2Fmedia&parent=3535"}],"wp:term":[{"taxonomy":"category","embeddable":true,"href":"https:\/\/www.biosphaere-alb.com\/wordpress\/index.php?rest_route=%2Fwp%2Fv2%2Fcategories&post=3535"},{"taxonomy":"post_tag","embeddable":true,"href":"https:\/\/www.biosphaere-alb.com\/wordpress\/index.php?rest_route=%2Fwp%2Fv2%2Ftags&post=3535"}],"curies":[{"name":"wp","href":"https:\/\/api.w.org\/{rel}","templated":true}]}}