{"id":3630,"date":"2011-10-17T18:38:55","date_gmt":"2011-10-17T16:38:55","guid":{"rendered":"http:\/\/www.biosphaere-alb.com\/wordpress\/?p=3630"},"modified":"2011-10-17T18:41:14","modified_gmt":"2011-10-17T16:41:14","slug":"auch-cdu-will-windkraft","status":"publish","type":"post","link":"https:\/\/www.biosphaere-alb.com\/wordpress\/?p=3630","title":{"rendered":"Auch CDU will regenerative Energien"},"content":{"rendered":"<p><em>Reutlingen: CDU-Fraktionschef Peter Hauk als Gast beim IHK-Wirtschaftsgespr\u00e4ch<\/em><\/p>\n<p>Auch die Christdemokraten wollen k\u00fcnftig einen h\u00f6heren Anteil an erneuerbaren Energien im Energiemix erreichen, erl\u00e4uterte Hauk vor Spitzenvertretern der regionalen Wirtschaft. <!--more-->Dazu m\u00fcssten allerdings die Netze ausgebaut werden, um eine sichere wie stabile \u00dcbertragung von der Nordsee ins Land sicherzustellen. \u201eDie Netze sind mittlerweile an ihrer Belastungsgrenze angekommen\u201c, sagte der Oppositionsf\u00fchrer im Landtag.<\/p>\n<p><a href=\"https:\/\/www.biosphaere-alb.com\/wordpress\/wp-content\/uploads\/2010\/12\/Energie_Windkraft_aufmacher.jpg\"><img loading=\"lazy\" decoding=\"async\" class=\"alignnone size-full wp-image-1297\" title=\"Energie_Windkraft_aufmacher\" src=\"https:\/\/www.biosphaere-alb.com\/wordpress\/wp-content\/uploads\/2010\/12\/Energie_Windkraft_aufmacher.jpg\" alt=\"\" width=\"320\" height=\"208\" srcset=\"https:\/\/www.biosphaere-alb.com\/wordpress\/wp-content\/uploads\/2010\/12\/Energie_Windkraft_aufmacher.jpg 320w, https:\/\/www.biosphaere-alb.com\/wordpress\/wp-content\/uploads\/2010\/12\/Energie_Windkraft_aufmacher-160x104.jpg 160w, https:\/\/www.biosphaere-alb.com\/wordpress\/wp-content\/uploads\/2010\/12\/Energie_Windkraft_aufmacher-140x91.jpg 140w\" sizes=\"auto, (max-width: 320px) 100vw, 320px\" \/><\/a><\/p>\n<p><strong>Auf Windkraft setzen? <\/strong><\/p>\n<p>Peter Hauk warnte davor, in Baden-W\u00fcrttemberg einseitig auf Windkraft zu setzen. Standorte an der K\u00fcste seien \u00f6konomisch deutlich g\u00fcnstiger. Stattdessen sollten Pumpspeicherkraftwerke gebaut werden, die Strom aus Wind und Sonne aus anderen Regionen aufnehmen k\u00f6nnen. \u201eAm Ende werden wir auf konventionelle Energie nicht verzichten k\u00f6nnen und in den n\u00e4chsten Jahren von Importen abh\u00e4ngig bleiben.\u201c IHK-Pr\u00e4sident Christian O. Erbe brachte die Sorgen der regionalen Wirtschaft zum Ausdruck. \u201eEnergie muss bezahlbar bleiben.\u201c Deutliche Preissteigerungen bei Strom und W\u00e4rme sind aus seiner Sicht \u201eGift f\u00fcr die wirtschaftliche Entwicklung.\u201c<\/p>\n<p><strong>Qualit\u00e4t muss stimmen <\/strong><\/p>\n<p>Wenig Hoffnung machte der Gast aus Stuttgart den regionalen Unternehmern bei der weiteren Entwicklung der dualen Berufsausbildung. \u201eDa wird Gr\u00fcn-Rot in den n\u00e4chsten Jahren nicht viel machen\u201c, mutma\u00dfte Hauk. Vor allem das Lehrerdefizit an der klassischen Berufsschule werde sicher nicht abgebaut. \u201eDie Landesregierung wird in die neue Gemeinschaftsschule investieren.\u201c Das sieht die regionale Wirtschaft kritisch. Sie fordert, dass \u201edie Qualit\u00e4t stimmen muss. Junge Menschen m\u00fcssen ausbildungsf\u00e4hig sein, wenn sie in die Betriebe kommen\u201c, sagte Christian O. Erbe. Aus diesem Grund hat die IHK-Vollversammlung im Sommer beschlossen, die Aktivit\u00e4ten der IHK bei Vermittlung und F\u00f6rderung von angehenden Azubis noch einmal auszuweiten.<\/p>\n","protected":false},"excerpt":{"rendered":"<p>Reutlingen: CDU-Fraktionschef Peter Hauk als Gast beim IHK-Wirtschaftsgespr\u00e4ch Auch die Christdemokraten wollen k\u00fcnftig einen h\u00f6heren Anteil an erneuerbaren Energien im Energiemix erreichen, erl\u00e4uterte Hauk vor Spitzenvertretern der regionalen Wirtschaft.<\/p>\n","protected":false},"author":2,"featured_media":1297,"comment_status":"closed","ping_status":"closed","sticky":false,"template":"","format":"standard","meta":{"footnotes":""},"categories":[15],"tags":[],"class_list":["post-3630","post","type-post","status-publish","format-standard","has-post-thumbnail","hentry","category-politik"],"_links":{"self":[{"href":"https:\/\/www.biosphaere-alb.com\/wordpress\/index.php?rest_route=\/wp\/v2\/posts\/3630","targetHints":{"allow":["GET"]}}],"collection":[{"href":"https:\/\/www.biosphaere-alb.com\/wordpress\/index.php?rest_route=\/wp\/v2\/posts"}],"about":[{"href":"https:\/\/www.biosphaere-alb.com\/wordpress\/index.php?rest_route=\/wp\/v2\/types\/post"}],"author":[{"embeddable":true,"href":"https:\/\/www.biosphaere-alb.com\/wordpress\/index.php?rest_route=\/wp\/v2\/users\/2"}],"replies":[{"embeddable":true,"href":"https:\/\/www.biosphaere-alb.com\/wordpress\/index.php?rest_route=%2Fwp%2Fv2%2Fcomments&post=3630"}],"version-history":[{"count":5,"href":"https:\/\/www.biosphaere-alb.com\/wordpress\/index.php?rest_route=\/wp\/v2\/posts\/3630\/revisions"}],"predecessor-version":[{"id":3634,"href":"https:\/\/www.biosphaere-alb.com\/wordpress\/index.php?rest_route=\/wp\/v2\/posts\/3630\/revisions\/3634"}],"wp:featuredmedia":[{"embeddable":true,"href":"https:\/\/www.biosphaere-alb.com\/wordpress\/index.php?rest_route=\/wp\/v2\/media\/1297"}],"wp:attachment":[{"href":"https:\/\/www.biosphaere-alb.com\/wordpress\/index.php?rest_route=%2Fwp%2Fv2%2Fmedia&parent=3630"}],"wp:term":[{"taxonomy":"category","embeddable":true,"href":"https:\/\/www.biosphaere-alb.com\/wordpress\/index.php?rest_route=%2Fwp%2Fv2%2Fcategories&post=3630"},{"taxonomy":"post_tag","embeddable":true,"href":"https:\/\/www.biosphaere-alb.com\/wordpress\/index.php?rest_route=%2Fwp%2Fv2%2Ftags&post=3630"}],"curies":[{"name":"wp","href":"https:\/\/api.w.org\/{rel}","templated":true}]}}