{"id":3699,"date":"2011-10-30T08:41:49","date_gmt":"2011-10-30T07:41:49","guid":{"rendered":"http:\/\/www.biosphaere-alb.com\/wordpress\/?p=3699"},"modified":"2013-05-02T10:19:18","modified_gmt":"2013-05-02T08:19:18","slug":"burgermeister-machen-mobil","status":"publish","type":"post","link":"https:\/\/www.biosphaere-alb.com\/wordpress\/?p=3699","title":{"rendered":"B\u00fcrgermeister machen mobil"},"content":{"rendered":"<p style=\"text-align: left;\"><span style=\"font-style: normal;\"><em>Neue Mobilit\u00e4t: B\u00fcrgermeister gehen mit gutem Beispiel voran<\/em><\/span><\/p>\n<p style=\"text-align: left;\"><span style=\"font-style: normal;\"><em><!--more--><\/em><\/span><\/p>\n<p style=\"text-align: left;\"><em><a href=\"https:\/\/www.biosphaere-alb.com\/wordpress\/wp-content\/uploads\/2010\/12\/biosphaerenbus_verkehr_rada.jpg\"><img loading=\"lazy\" decoding=\"async\" class=\"alignnone size-full wp-image-1356\" title=\"biosphaerenbus_verkehr_rada\" src=\"https:\/\/www.biosphaere-alb.com\/wordpress\/wp-content\/uploads\/2010\/12\/biosphaerenbus_verkehr_rada.jpg\" alt=\"\" width=\"320\" height=\"213\" srcset=\"https:\/\/www.biosphaere-alb.com\/wordpress\/wp-content\/uploads\/2010\/12\/biosphaerenbus_verkehr_rada.jpg 320w, https:\/\/www.biosphaere-alb.com\/wordpress\/wp-content\/uploads\/2010\/12\/biosphaerenbus_verkehr_rada-160x106.jpg 160w, https:\/\/www.biosphaere-alb.com\/wordpress\/wp-content\/uploads\/2010\/12\/biosphaerenbus_verkehr_rada-140x93.jpg 140w\" sizes=\"auto, (max-width: 320px) 100vw, 320px\" \/><\/a><\/em><\/p>\n<p style=\"text-align: left;\">\n<ul>\n<li><a href=\"https:\/\/www.biosphaere-alb.com\/wordpress\/?p=4050\" target=\"_blank\">Artikel: Vorleben statt reden (Gute Beispiele im Biosph\u00e4rengebiet gesucht)<\/a><\/li>\n<li><a href=\"https:\/\/www.biosphaere-alb.com\/wordpress\/?p=5610\" target=\"_blank\">Artikel: Startveranstaltung des Ideenwettbewerbs in Dettingen Erms (bei Elring-Klinger im Biosph\u00e4rengebiet Schw\u00e4bische Alb)<\/a><\/li>\n<\/ul>\n<p><strong>Oktober 2011: <\/strong>Das Biosph\u00e4rengebiet als Modellregion denkt derzeit auch\u00a0\u00fcber das Thema umweltfreundlicher Verkehr nach.\u00a0Bei einer \u00f6ffentlichen Veranstaltung der Biosph\u00e4renverwaltung hierzu\u00a0in Bad Urach wurde \u00fcber Verbesserungen des \u00f6ffentlichen Nahverkehrs\u00a0genauso debattiert, wie \u00fcber Elektromobilit\u00e4t und E-Bike.<\/p>\n<p>Doch reden alleine gen\u00fcgt nicht, man m\u00fcsse es auch (vor)leben.\u00a0Darum ging Sph\u00e4re f\u00fcr einen Artikel in der Printausgabe 3\/2011 auf die Suche nach positiven Beispielen\u00a0bekannter Pers\u00f6nlichkeiten, die nach dem Motto\u00a0\u201eWirkungsgrad ist die L\u00f6sung der Energiedebatte\u201c mit dem E-Bike\u00a0oder dem Fahrrad tats\u00e4chlich kurze Wege vorbildhaft bew\u00e4ltigen.<\/p>\n<p><strong> Die Fragen an die 29 Biosph\u00e4renb\u00fcrgermeister lautete:<\/strong><\/p>\n<ol>\n<li style=\"text-align: left;\">Nutzen Sie f\u00fcr Ihren Arbeitsweg den \u00d6PNV oder sind Sie per E-Bike \/ Fahrrad \/ zu Fu\u00df unterwegs? Wenn ja, wie oft.<\/li>\n<li style=\"text-align: left;\">Wie lang ist Ihr Arbeitsweg (einfache Strecke in Kilometer)?<\/li>\n<li style=\"text-align: left;\">Gibt es ein Dienstfahrrad in der Verwaltung (Beispiel f\u00fcr Gemeindeboten oder \u00e4hnliches)?<\/li>\n<li style=\"text-align: left;\">Freizeit-mobil \u2013 sind Sie als Freizeitsportler regelm\u00e4\u00dfig mit dem Rad und oder zu Fu\u00df (wandern, joggen) unterwegs?<\/li>\n<li style=\"text-align: left;\">Falls Sie derzeit noch kein alternatives Verkehrsmittel benutzen, planen Sie, in Vorbildfunktion die f\u00fcr das Rahmenkonzept formulierten Leitlinien zu unterst\u00fctzen? Gibt es vielleicht sogar schon eine Projektidee zu diesem Thema?<\/li>\n<\/ol>\n<p><strong><span style=\"color: #800000;\">Hinweis: Sie k\u00f6nnen die Tabelle per Mausklick sortieren<\/span><\/strong><\/p>\n<p><strong><\/strong><strong>\n<table id=\"wp-table-reloaded-id-13-no-1\" class=\"wp-table-reloaded wp-table-reloaded-id-13\">\n<thead>\n\t<tr class=\"row-1 odd\">\n\t\t<th class=\"column-1\">Gemeinde\/<br \/>\r\nB\u00fcrgermeister<\/th><th class=\"column-2\">Arbeitsweg <br \/>\r\nmit \u00d6PNV\/<br \/>\r\nE-Bike\/Rad\/<br \/>\r\nzu Fu\u00df<\/th><th class=\"column-3\">Wenn ja,<br \/>\r\nwie oft<\/th><th class=\"column-4\">Weg zur<br \/>\r\nArbeit<br \/>\r\n(einfach)<br \/>\r\nin km<\/th><th class=\"column-5\">Dienstrad<br \/>\r\nvorhanden<\/th><th class=\"column-6\">Sind B\u00fcrger-<br \/>\r\nmeister<br \/>\r\nbeim Sport<br \/>\r\nmobil?<\/th>\n\t<\/tr>\n<\/thead>\n<tbody>\n\t<tr class=\"row-2 even\">\n\t\t<td class=\"column-1\">Bad Urach<br \/>\r\nE. Rebmann<\/td><td class=\"column-2\">Nein<\/td><td class=\"column-3\">--<\/td><td class=\"column-4\">1,5 km<\/td><td class=\"column-5\">Dienstrad<\/td><td class=\"column-6\">Nein<\/td>\n\t<\/tr>\n\t<tr class=\"row-3 odd\">\n\t\t<td class=\"column-1\">Beuren<br \/>\r\nE. Hartmann<\/td><td class=\"column-2\">Ja<\/td><td class=\"column-3\">sehr selten<\/td><td class=\"column-4\">0,5 km<\/td><td class=\"column-5\">Dienstrad<\/td><td class=\"column-6\">Gelegentlich<\/td>\n\t<\/tr>\n\t<tr class=\"row-4 even\">\n\t\t<td class=\"column-1\">Bissingen Teck<br \/>\r\nM. Musolf<\/td><td class=\"column-2\">Ja,<br \/>\r\nRad \/ zu Fu\u00df<\/td><td class=\"column-3\">t\u00e4glich<\/td><td class=\"column-4\">0,8 km<\/td><td class=\"column-5\">E-Bike f\u00fcr<br \/>\r\nAmtsbotin<\/td><td class=\"column-6\">Ja<\/td>\n\t<\/tr>\n\t<tr class=\"row-5 odd\">\n\t\t<td class=\"column-1\">Ehingen<br \/>\r\nA. Baumann<\/td><td class=\"column-2\">Ja, Bus \/<br \/>\r\nRad \/ zu Fu\u00df<\/td><td class=\"column-3\">1 x pro<br \/>\r\nMonat<\/td><td class=\"column-4\">3 km<\/td><td class=\"column-5\">E-Bike, Dienst-<br \/>\r\nfahrr\u00e4der<\/td><td class=\"column-6\">Ja - Rad<br \/>\r\nsehr gerne<\/td>\n\t<\/tr>\n\t<tr class=\"row-6 even\">\n\t\t<td class=\"column-1\">Eningen<br \/>\r\nA. Schweizer<\/td><td class=\"column-2\">Ja<\/td><td class=\"column-3\">mehrmals<br \/>\r\npro Woche<\/td><td class=\"column-4\">1 km<\/td><td class=\"column-5\">Nein, aber f\u00fcr<br \/>\r\n2012 geplant<\/td><td class=\"column-6\">Ja<\/td>\n\t<\/tr>\n\t<tr class=\"row-7 odd\">\n\t\t<td class=\"column-1\">Erkenbrechts-<br \/>\r\nweiler <br \/>\r\nR. Wei\u00df<\/td><td class=\"column-2\">Ja, <br \/>\r\nRad \/ zu Fu\u00df<\/td><td class=\"column-3\">t\u00e4glich<\/td><td class=\"column-4\">0,4 km<\/td><td class=\"column-5\">Privatr\u00e4der<\/td><td class=\"column-6\">Ja - Wandern<br \/>\r\nmit Hund<\/td>\n\t<\/tr>\n\t<tr class=\"row-8 even\">\n\t\t<td class=\"column-1\">Grabenstetten<br \/>\r\nH. Steidl<\/td><td class=\"column-2\">Ja, <br \/>\r\nRad<\/td><td class=\"column-3\">t\u00e4glich<\/td><td class=\"column-4\">1 km<\/td><td class=\"column-5\">Nein, Privat-<br \/>\r\nradnutzung<\/td><td class=\"column-6\">Gelegentlich<br \/>\r\nRad<\/td>\n\t<\/tr>\n\t<tr class=\"row-9 odd\">\n\t\t<td class=\"column-1\"><\/td><td class=\"column-2\">Nein<\/td><td class=\"column-3\">--<\/td><td class=\"column-4\">5 km<\/td><td class=\"column-5\">Nein<\/td><td class=\"column-6\">--<\/td>\n\t<\/tr>\n\t<tr class=\"row-10 even\">\n\t\t<td class=\"column-1\">Lauterach<br \/>\r\nB. Ritzler<\/td><td class=\"column-2\">Nein<\/td><td class=\"column-3\">--<\/td><td class=\"column-4\">0,5 km<\/td><td class=\"column-5\">Nein<\/td><td class=\"column-6\">Gelegentlich<br \/>\r\nleider<\/td>\n\t<\/tr>\n\t<tr class=\"row-11 odd\">\n\t\t<td class=\"column-1\">Lichtenstein<br \/>\r\nP. Nussbaum<\/td><td class=\"column-2\">Ja, <br \/>\r\nzu Fu\u00df<\/td><td class=\"column-3\">t\u00e4glich<\/td><td class=\"column-4\">1,5 km<\/td><td class=\"column-5\">E-Bike<br \/>\r\nbestellt<\/td><td class=\"column-6\">Ja- Wandern,<br \/>\r\nRad, Joggen<\/td>\n\t<\/tr>\n\t<tr class=\"row-12 even\">\n\t\t<td class=\"column-1\">Metzingen<br \/>\r\nU. Fiedler<\/td><td class=\"column-2\">Ja, <br \/>\r\nRad<\/td><td class=\"column-3\">t\u00e4glich<\/td><td class=\"column-4\">1,5 km<\/td><td class=\"column-5\">Dienstrad<br \/>\r\nmehrere<\/td><td class=\"column-6\">Ja - sehr<br \/>\r\nvielf\u00e4ltig<\/td>\n\t<\/tr>\n\t<tr class=\"row-13 odd\">\n\t\t<td class=\"column-1\">M\u00fcnsingen<br \/>\r\nM. M\u00fcnzing<\/td><td class=\"column-2\">Ja, <br \/>\r\nzu Fu\u00df<\/td><td class=\"column-3\">t\u00e4glich<br \/>\r\n2 mal<\/td><td class=\"column-4\">0,3 km<\/td><td class=\"column-5\">Dienstfahrrad<\/td><td class=\"column-6\">Ja<\/td>\n\t<\/tr>\n\t<tr class=\"row-14 even\">\n\t\t<td class=\"column-1\">Neidlingen<br \/>\r\nR. Kammerlander<\/td><td class=\"column-2\">Ja, <br \/>\r\nzu Fu\u00df<\/td><td class=\"column-3\">t\u00e4glich,<br \/>\r\nmehrmals<\/td><td class=\"column-4\">0,15 km<\/td><td class=\"column-5\">Pedelec f\u00fcr<br \/>\r\nAmtsbotin<\/td><td class=\"column-6\">Gelegentlich<\/td>\n\t<\/tr>\n\t<tr class=\"row-15 odd\">\n\t\t<td class=\"column-1\">Owen<br \/>\r\nV. Gr\u00f6tzinger<\/td><td class=\"column-2\">Ja, <br \/>\r\nzu Fu\u00df<\/td><td class=\"column-3\">t\u00e4glich<\/td><td class=\"column-4\">0,01 km<\/td><td class=\"column-5\">Nein<\/td><td class=\"column-6\">Nein<\/td>\n\t<\/tr>\n\t<tr class=\"row-16 even\">\n\t\t<td class=\"column-1\">Pfullingen<br \/>\r\nR. Hess<\/td><td class=\"column-2\">Ja, <br \/>\r\nzu Fu\u00df<\/td><td class=\"column-3\">t\u00e4glich<\/td><td class=\"column-4\">0,7 km<\/td><td class=\"column-5\">Dienstrad<\/td><td class=\"column-6\">Ja - Rad<br \/>\r\nWandern<\/td>\n\t<\/tr>\n\t<tr class=\"row-17 odd\">\n\t\t<td class=\"column-1\">R\u00f6merstein<br \/>\r\nM. Donth<\/td><td class=\"column-2\">Nein<\/td><td class=\"column-3\">--<\/td><td class=\"column-4\">3 km, 100 Hm<\/td><td class=\"column-5\">Amtsboten per<br \/>\r\nPrivatrad<\/td><td class=\"column-6\">Nein<\/td>\n\t<\/tr>\n\t<tr class=\"row-18 even\">\n\t\t<td class=\"column-1\">Westerheim<br \/>\r\nH. Walz<\/td><td class=\"column-2\">Ja, <\/td><td class=\"column-3\">1 x pro<br \/>\r\nMonat<\/td><td class=\"column-4\">0,5 km<\/td><td class=\"column-5\">Nein<\/td><td class=\"column-6\">Ja<br \/>\r\nRad\/zu Fu\u00df<\/td>\n\t<\/tr>\n\t<tr class=\"row-19 odd\">\n\t\t<td class=\"column-1\">Zwiefalten<br \/>\r\nH-J. Riedlinger<\/td><td class=\"column-2\">Nein<\/td><td class=\"column-3\">--<\/td><td class=\"column-4\">3 km<\/td><td class=\"column-5\">Nein<\/td><td class=\"column-6\">Gelegentlich<br \/>\r\nleider<\/td>\n\t<\/tr>\n<\/tbody>\n<\/table>\n<\/strong><\/p>\n<p><a href=\"https:\/\/www.biosphaere-alb.com\/wordpress\/wp-content\/uploads\/2010\/12\/Energie_e-bike3BFW8118.jpg\"><img loading=\"lazy\" decoding=\"async\" class=\"alignnone size-thumbnail wp-image-1282\" title=\"Energie_e-bike3BFW8118\" src=\"https:\/\/www.biosphaere-alb.com\/wordpress\/wp-content\/uploads\/2010\/12\/Energie_e-bike3BFW8118-150x150.jpg\" alt=\"\" width=\"150\" height=\"150\" srcset=\"https:\/\/www.biosphaere-alb.com\/wordpress\/wp-content\/uploads\/2010\/12\/Energie_e-bike3BFW8118-150x150.jpg 150w, https:\/\/www.biosphaere-alb.com\/wordpress\/wp-content\/uploads\/2010\/12\/Energie_e-bike3BFW8118-92x92.jpg 92w\" sizes=\"auto, (max-width: 150px) 100vw, 150px\" \/><\/a><\/p>\n<p><strong>Fazit und Ergebnis der Umfrage<\/strong><\/p>\n<blockquote><p>Die Redaktion ging per Blitzumfrage in den 29 Amtsstuben auf die Suche nach Vorreitern der Modellregion. 18 B\u00fcrgermeister haben geantwortet, zwei wollten an der Umfrage nicht teilnehmen, von neun kam keine Antwort auch nicht nach zweimaligem Nachhaken.<\/p>\n<p><span style=\"color: #800000;\"><strong>Das Ergebnis:<\/strong><\/span> Viele Amts\u00adchefs sind zu Fu\u00df oder mit dem Rad zur Arbeit unterwegs, n\u00e4mlich satte 44,8 Prozent \u2013 das \u00fcberrascht. Um kein zu euphorisches Ergebnis zu produzieren, hat die Redaktion unbeantwortete Anfragen mit PKW-Arbeitsweg gleichgesetzt.<\/p>\n<p>Die Umfrage ergibt, dass alle B\u00fcrgermeister dort wohnen, wo sie arbeiten, zwischen 0,1 und drei, maximal f\u00fcnf Kilometer entfernt \u2013 das ist beispielhaft und effizient. Ordentlich Muskelenergie verbraucht der Metzinger Oberb\u00fcrgermeister: Dr. Ulrich Fiedler bew\u00e4ltigt mit dem Rad im Vergleich zu seinen Amtskollegen rekordverd\u00e4chtige 1,5 Kilometer. Da k\u00f6nnten sich Schulkindeltern eine Scheibe abschneiden.<\/p><\/blockquote>\n<p><strong>Besondere Zitate<\/strong><\/p>\n<blockquote><p>Alexander Baumann, Ehingen: \u201eIch fahre in der Freizeit regelm\u00e4\u00dfig sehr gerne mit dem Rad. \u00dcbrigens auch auf den Wegen im Biosph\u00e4rengebiet. Einen Teil dieser Wege erlebe ich heute v\u00f6llig anders, als zu der Zeit bei der Bundeswehr in M\u00fcnsingen. Damals habe ich die Wege und Stra\u00dfen unter anderen Gesichtspunkten erlebt.&#8220;<\/p><\/blockquote>\n<p><strong>Besondere Ideen<\/strong><\/p>\n<blockquote><p>Michael Donth, R\u00f6merstein: \u201eWir haben\u00a0bereits mit der EnBW an einem Versuch teilgenommen , ob die Dienstwagennutzung Elektroauto-tauglich ist. Wir werden deshalb bei der n\u00e4chsten Ersatzbeschaffung ein E-Mobil in die Abw\u00e4gung aufnehmen.<\/p><\/blockquote>\n<blockquote><p>Alexander Schweizer, Eningen: \u201eJa, wir nutzen das \u201eteilAuto\u201c von \u00d6kostadt Reutlingen, das am Rathaus stationiert ist, regelm\u00e4\u00dfig.\u201c<\/p><\/blockquote>\n<blockquote><p>Rolf Kammerlander, Neidlingen:\u00a0\u201eDie Ausstattung eines\u00a0\u00f6ffentlichen Parkplatzes (z.B. beim Sportgel\u00e4nde) mit Stromzapfs\u00e4ulen, w\u00e4re eine solche Idee, die ich mir gut vorstellen k\u00f6nnte.\u201c<\/p><\/blockquote>\n<blockquote><p>Peter Nu\u00dfbaum,\u00a0Lichtenstein: \u201eJa. Der sanfte Einstieg in die Elektromobilit\u00e4t mit der Beschaffung\u00a0eines E-Bike soll weiter ausgebaut werden.\u201c<\/p><\/blockquote>\n","protected":false},"excerpt":{"rendered":"<p>Neue Mobilit\u00e4t: B\u00fcrgermeister gehen mit gutem Beispiel voran<\/p>\n","protected":false},"author":2,"featured_media":0,"comment_status":"closed","ping_status":"closed","sticky":false,"template":"","format":"standard","meta":{"footnotes":""},"categories":[50,15],"tags":[],"class_list":["post-3699","post","type-post","status-publish","format-standard","hentry","category-energie","category-politik"],"_links":{"self":[{"href":"https:\/\/www.biosphaere-alb.com\/wordpress\/index.php?rest_route=\/wp\/v2\/posts\/3699","targetHints":{"allow":["GET"]}}],"collection":[{"href":"https:\/\/www.biosphaere-alb.com\/wordpress\/index.php?rest_route=\/wp\/v2\/posts"}],"about":[{"href":"https:\/\/www.biosphaere-alb.com\/wordpress\/index.php?rest_route=\/wp\/v2\/types\/post"}],"author":[{"embeddable":true,"href":"https:\/\/www.biosphaere-alb.com\/wordpress\/index.php?rest_route=\/wp\/v2\/users\/2"}],"replies":[{"embeddable":true,"href":"https:\/\/www.biosphaere-alb.com\/wordpress\/index.php?rest_route=%2Fwp%2Fv2%2Fcomments&post=3699"}],"version-history":[{"count":25,"href":"https:\/\/www.biosphaere-alb.com\/wordpress\/index.php?rest_route=\/wp\/v2\/posts\/3699\/revisions"}],"predecessor-version":[{"id":3702,"href":"https:\/\/www.biosphaere-alb.com\/wordpress\/index.php?rest_route=\/wp\/v2\/posts\/3699\/revisions\/3702"}],"wp:attachment":[{"href":"https:\/\/www.biosphaere-alb.com\/wordpress\/index.php?rest_route=%2Fwp%2Fv2%2Fmedia&parent=3699"}],"wp:term":[{"taxonomy":"category","embeddable":true,"href":"https:\/\/www.biosphaere-alb.com\/wordpress\/index.php?rest_route=%2Fwp%2Fv2%2Fcategories&post=3699"},{"taxonomy":"post_tag","embeddable":true,"href":"https:\/\/www.biosphaere-alb.com\/wordpress\/index.php?rest_route=%2Fwp%2Fv2%2Ftags&post=3699"}],"curies":[{"name":"wp","href":"https:\/\/api.w.org\/{rel}","templated":true}]}}