{"id":465,"date":"2022-08-22T09:33:09","date_gmt":"2022-08-22T07:33:09","guid":{"rendered":"http:\/\/www.biosphaere-alb.com\/wordpress\/?p=465"},"modified":"2022-08-17T09:00:52","modified_gmt":"2022-08-17T07:00:52","slug":"24-stundenwanderung-etabliert","status":"publish","type":"post","link":"https:\/\/www.biosphaere-alb.com\/wordpress\/?p=465","title":{"rendered":"GPS-Tour (Fernwanderung): Von Nord nach S\u00fcd"},"content":{"rendered":"<div>\n<p><!--more-->\t\t<div id=\"maps-marker-pro-ae9568c3\" class=\"maps-marker-pro\" style=\"width: 100%;\">\n\t\t\t<div id=\"mmp-map-wrap-ae9568c3\" class=\"mmp-map-wrap\">\n\t\t\t\t\t\t\t\t\t<div id=\"mmp-panel-ae9568c3\" class=\"mmp-panel\"><\/div>\n\t\t\t\t\t\t\t\t<div id=\"mmp-map-ae9568c3\" class=\"mmp-map\" style=\"height: 400px;\"><\/div>\n\t\t\t\t\t\t\t\t\t<div id=\"mmp-chart-wrap-ae9568c3\" class=\"mmp-gpx-chart-wrap\" style=\"height: 120px;\"><\/div>\n\t\t\t\t\t\t\t<\/div>\n\t\t\t\t\t<\/div>\n\t\t<\/p>\n<div class=\"table-wrapper\"><span class=\"wp-table-reloaded-table-description-id-19 wp-table-reloaded-table-description\"><strong>Zahl der sichtbaren Tourenvorschl\u00e4ge im Pulldown-Men\u00fc einstellen<\/strong><\/span>\n\n<table id=\"wp-table-reloaded-id-19-no-1\" class=\"wp-table-reloaded wp-table-reloaded-id-19\">\n<thead>\n\t<tr class=\"row-1 odd\">\n\t\t<th class=\"column-1\">GPS-Top-Touren<\/th><th class=\"column-2\">Gemeindeportraits<\/th>\n\t<\/tr>\n<\/thead>\n<tbody>\n\t<tr class=\"row-2 even\">\n\t\t<td class=\"column-1\"><\/td><td class=\"column-2\"><\/td>\n\t<\/tr>\n\t<tr class=\"row-3 odd\">\n\t\t<td class=\"column-1\"><a href=\"https:\/\/www.biosphaere-alb.com\/wordpress\/?p=453\">Gruibingen - Lichtenstein (Fernwanderung): Albsteig (HW1)<\/a><\/td><td class=\"column-2\">M\u00fcnsingen: <a href=\"https:\/\/www.biosphaere-alb.com\/wordpress\/?p=11279\"> GPS-Urlaubsinfo<\/a> und <a href=\"https:\/\/www.biosphaere-alb.com\/wordpress\/?p=11299\"> GPS-Loipenkarte<\/a><\/td>\n\t<\/tr>\n\t<tr class=\"row-4 even\">\n\t\t<td class=\"column-1\"><a href=\"https:\/\/www.biosphaere-alb.com\/wordpress\/?p=465\">Achalm-Urspring (Fernwanderung): Von Nord nach S\u00fcd<\/a><\/td><td class=\"column-2\">Laichingen: <a href=\"https:\/\/www.biosphaere-alb.com\/wordpress\/?p=15106\"> GPS-Loipenkarte<\/a><\/td>\n\t<\/tr>\n\t<tr class=\"row-5 odd\">\n\t\t<td class=\"column-1\"><a href=\"https:\/\/www.biosphaere-alb.com\/wordpress\/?p=717\">Ehem. Truppen\u00fcbungsplatz: Alle offenen Wege<\/a><\/td><td class=\"column-2\">R\u00f6merstein: <a href=\"https:\/\/www.biosphaere-alb.com\/wordpress\/?p=8652\"> GPS-Urlaubsinfo<\/a> und <a href=\"https:\/\/www.biosphaere-alb.com\/wordpress\/?p=8611\"> GPS-Loipenkarte<\/a><\/td>\n\t<\/tr>\n\t<tr class=\"row-6 even\">\n\t\t<td class=\"column-1\"><a href=\"https:\/\/www.biosphaere-alb.com\/wordpress\/?p=7924\">Ehem. Truppen\u00fcbungsplatz: \u201eTour de SPH\u00c4RE\u201c<\/a><\/td><td class=\"column-2\">St. Johann: <a href=\"https:\/\/www.biosphaere-alb.com\/wordpress\/?p=8632\"> GPS-Urlaubsinfo<\/a><\/td>\n\t<\/tr>\n\t<tr class=\"row-7 odd\">\n\t\t<td class=\"column-1\"><a href=\"https:\/\/www.biosphaere-alb.com\/wordpress\/?p=5689\">Ehem. Truppen\u00fcbungsplatz: Drei Schneetouren<\/a><\/td><td class=\"column-2\">Westerheim: <a href=\"https:\/\/www.biosphaere-alb.com\/wordpress\/?p=13792\"> GPS-Loipenkarte<\/a><\/td>\n\t<\/tr>\n\t<tr class=\"row-8 even\">\n\t\t<td class=\"column-1\"><a href=\"https:\/\/www.biosphaere-alb.com\/wordpress\/?p=4384\">Mit dem<font color=\"ff0000\"> Mountainbike, Rennrad<\/font> oder Motorrad die Schw\u00e4bische Alb erfahren<\/a><\/td><td class=\"column-2\">Reutlingen: <a href=\"https:\/\/www.biosphaere-alb.com\/wordpress\/?p=8670\"> GPS-Urlaubsinfo<\/a><\/td>\n\t<\/tr>\n\t<tr class=\"row-9 odd\">\n\t\t<td class=\"column-1\"><\/td><td class=\"column-2\"><\/td>\n\t<\/tr>\n\t<tr class=\"row-10 even\">\n\t\t<td class=\"column-1\"><a href=\"https:\/\/www.biosphaere-alb.com\/wordpress\/?p=19342\">Die sch\u00f6nsten Albaufstiege<font color=\"ff0000\"> (Bike-Tour) <\/font><\/a><\/td><td class=\"column-2\"><\/td>\n\t<\/tr>\n\t<tr class=\"row-11 odd\">\n\t\t<td class=\"column-1\"><a href=\"https:\/\/www.biosphaere-alb.com\/wordpress\/?p=17105\">Albstadt: Gonso-Trail<font color=\"ff0000\"> (Bike-Tour) <\/font><\/a><\/td><td class=\"column-2\"><\/td>\n\t<\/tr>\n\t<tr class=\"row-12 even\">\n\t\t<td class=\"column-1\"><a href=\"https:\/\/www.biosphaere-alb.com\/wordpress\/?p=17954\">Albstadt: Singletrail Tour<font color=\"ff0000\"> (Bike-Tour) <\/font><\/a><\/td><td class=\"column-2\"><\/td>\n\t<\/tr>\n\t<tr class=\"row-13 odd\">\n\t\t<td class=\"column-1\"><a href=\"https:\/\/www.biosphaere-alb.com\/wordpress\/?p=18152\">Amstetten: Lonetal-Runde<font color=\"ff0000\"> (Bike-Tour) <\/font><\/a><\/td><td class=\"column-2\"><\/td>\n\t<\/tr>\n\t<tr class=\"row-14 even\">\n\t\t<td class=\"column-1\"><a href=\"https:\/\/www.biosphaere-alb.com\/wordpress\/?p=9639 \">Bad Boll: Sinneswandel \/ H\u00f6henweg<\/a><\/td><td class=\"column-2\"><\/td>\n\t<\/tr>\n\t<tr class=\"row-15 odd\">\n\t\t<td class=\"column-1\"><a href=\"https:\/\/www.biosphaere-alb.com\/wordpress\/?p=18704\">Bad Ditzenbach: L\u00f6wenpfad-H\u00f6henrunde<\/a><\/td><td class=\"column-2\"><\/td>\n\t<\/tr>\n\t<tr class=\"row-16 even\">\n\t\t<td class=\"column-1\"><a href=\"https:\/\/www.biosphaere-alb.com\/wordpress\/?p=7982\">Bad Ditzenbach \/ Filstal: Albtrauftrail<\/a><\/td><td class=\"column-2\"><\/td>\n\t<\/tr>\n\t<tr class=\"row-17 odd\">\n\t\t<td class=\"column-1\"><a href=\"https:\/\/www.biosphaere-alb.com\/wordpress\/?p=9810\">Bad Urach: Hanner Fels<\/a><\/td><td class=\"column-2\"><\/td>\n\t<\/tr>\n\t<tr class=\"row-18 even\">\n\t\t<td class=\"column-1\"><a href=\"https:\/\/www.biosphaere-alb.com\/wordpress\/?p=19715\">Bad Urach: Bauernkriegstour&nbsp;<font color=\"ff0000\"> (Bike-Tour) <\/font><\/a><\/td><td class=\"column-2\"><\/td>\n\t<\/tr>\n\t<tr class=\"row-19 odd\">\n\t\t<td class=\"column-1\"><a href=\"https:\/\/www.biosphaere-alb.com\/wordpress\/?p=506\">Bad Urach \/ Seeburg: Die Schatzinsel<\/a><\/td><td class=\"column-2\"><\/td>\n\t<\/tr>\n\t<tr class=\"row-20 even\">\n\t\t<td class=\"column-1\"><a href=\"https:\/\/www.biosphaere-alb.com\/wordpress\/?p=18152\">Bernstadt: Lonetal-Wanderung<\/a><\/td><td class=\"column-2\"><\/td>\n\t<\/tr>\n\t<tr class=\"row-21 odd\">\n\t\t<td class=\"column-1\"><a href=\"https:\/\/www.biosphaere-alb.com\/wordpress\/?p=17245\">Bissingen \/ Ochsenwang: hochgehadelt<\/a><\/td><td class=\"column-2\"><\/td>\n\t<\/tr>\n\t<tr class=\"row-22 even\">\n\t\t<td class=\"column-1\"><a href=\"https:\/\/www.biosphaere-alb.com\/wordpress\/?p=14654\">Blaubeuren: Felsenstieg<\/a><\/td><td class=\"column-2\"><\/td>\n\t<\/tr>\n\t<tr class=\"row-23 odd\">\n\t\t<td class=\"column-1\"><a href=\"https:\/\/www.biosphaere-alb.com\/wordpress\/?p=16364\">Blaustein: Trockentaelertour, Kleines Lautertal&nbsp;<font color=\"ff0000\"> (Bike-Tour) <\/font><\/a><\/td><td class=\"column-2\"><\/td>\n\t<\/tr>\n\t<tr class=\"row-24 even\">\n\t\t<td class=\"column-1\"><a href=\"https:\/\/www.biosphaere-alb.com\/wordpress\/?p=4668\">Dettingen-Erms: Calverb\u00fchl - H\u00f6llenl\u00f6cher<\/a><\/td><td class=\"column-2\"><\/td>\n\t<\/tr>\n\t<tr class=\"row-25 odd\">\n\t\t<td class=\"column-1\"><a href=\"https:\/\/www.biosphaere-alb.com\/wordpress\/?p=17127\">Ehingen: Oberschw\u00e4bisches H\u00fcgelland&nbsp;<font color=\"ff0000\"> (Bike-Tour) <\/font><\/a><\/td><td class=\"column-2\"><\/td>\n\t<\/tr>\n\t<tr class=\"row-26 even\">\n\t\t<td class=\"column-1\"><a href=\"https:\/\/www.biosphaere-alb.com\/wordpress\/?p=13567\">Ehingen: Bierwanderweg bei Nacht<\/a><\/td><td class=\"column-2\"><\/td>\n\t<\/tr>\n\t<tr class=\"row-27 odd\">\n\t\t<td class=\"column-1\"><a href=\"https:\/\/www.biosphaere-alb.com\/wordpress\/?p=503\">Ehingen-Erbstetten: Quer zum Lautertal<\/a><\/td><td class=\"column-2\"><\/td>\n\t<\/tr>\n\t<tr class=\"row-28 even\">\n\t\t<td class=\"column-1\"><a href=\"https:\/\/www.biosphaere-alb.com\/wordpress\/?p=3094\">Ehingen: Rund um Briel<\/a><\/td><td class=\"column-2\"><\/td>\n\t<\/tr>\n\t<tr class=\"row-29 odd\">\n\t\t<td class=\"column-1\"><a href=\"https:\/\/www.biosphaere-alb.com\/wordpress\/?p=19065\">Emeringen: Wassermarsch \u2013 zur Braunsel und Donau<\/a><\/td><td class=\"column-2\"><\/td>\n\t<\/tr>\n\t<tr class=\"row-30 even\">\n\t\t<td class=\"column-1\"><a href=\"https:\/\/www.biosphaere-alb.com\/wordpress\/?p=10999\">Geislingen: Albtraufg\u00e4nger \u2013 Runde Sache<\/a><\/td><td class=\"column-2\"><\/td>\n\t<\/tr>\n\t<tr class=\"row-31 odd\">\n\t\t<td class=\"column-1\"><a href=\"https:\/\/www.biosphaere-alb.com\/wordpress\/?p=19180\">Grabenstetten: 3 Touren am Heidengrabenzentrum<\/a><\/td><td class=\"column-2\"><\/td>\n\t<\/tr>\n\t<tr class=\"row-32 even\">\n\t\t<td class=\"column-1\"><a href=\"https:\/\/www.biosphaere-alb.com\/wordpress\/?p=12667\">Grabenstetten: Albrandtour<\/a><\/td><td class=\"column-2\"><\/td>\n\t<\/tr>\n\t<tr class=\"row-33 odd\">\n\t\t<td class=\"column-1\"><a href=\"https:\/\/www.biosphaere-alb.com\/wordpress\/?p=490\">Grabenstetten: Kelten am Heidengraben<\/a><\/td><td class=\"column-2\"><\/td>\n\t<\/tr>\n\t<tr class=\"row-34 even\">\n\t\t<td class=\"column-1\"><a href=\"https:\/\/www.biosphaere-alb.com\/wordpress\/?p=14652\">Hechingen-Schlatt: Kirchenk\u00f6pfletour<\/a><\/td><td class=\"column-2\"><\/td>\n\t<\/tr>\n\t<tr class=\"row-35 odd\">\n\t\t<td class=\"column-1\"><a href=\"https:\/\/www.biosphaere-alb.com\/wordpress\/?p=16388\">Hechingen-Stein: R\u00f6mertour<\/a><\/td><td class=\"column-2\"><\/td>\n\t<\/tr>\n\t<tr class=\"row-36 even\">\n\t\t<td class=\"column-1\"><a href=\"https:\/\/www.biosphaere-alb.com\/wordpress\/?p=15704\">Hayingen: hochgehlautert<\/a><\/td><td class=\"column-2\"><\/td>\n\t<\/tr>\n\t<tr class=\"row-37 odd\">\n\t\t<td class=\"column-1\"><a href=\"https:\/\/www.biosphaere-alb.com\/wordpress\/?p=2219\">Hayingen-Zwiefalten: Achtal - Wimser H\u00f6hle - Glastal<\/a><\/td><td class=\"column-2\"><\/td>\n\t<\/tr>\n\t<tr class=\"row-38 even\">\n\t\t<td class=\"column-1\"><a href=\"https:\/\/www.biosphaere-alb.com\/wordpress\/?p=19615\">Hohenstadt: Rund um die A8-Autobahn Alb-Steigen&nbsp;<font color=\"ff0000\"> (Bike-Tour) <\/font><\/a><\/td><td class=\"column-2\"><\/td>\n\t<\/tr>\n\t<tr class=\"row-39 odd\">\n\t\t<td class=\"column-1\"><a href=\"https:\/\/www.biosphaere-alb.com\/wordpress\/?p=12970\">Immendingen: Donauversinkung<\/a><\/td><td class=\"column-2\"><\/td>\n\t<\/tr>\n\t<tr class=\"row-40 even\">\n\t\t<td class=\"column-1\"><a href=\"https:\/\/www.biosphaere-alb.com\/wordpress\/?p=15106\">Laichingen: <font color=\"0000ff\"> Skilanglaufnetz <\/font><\/a><\/td><td class=\"column-2\"><\/td>\n\t<\/tr>\n\t<tr class=\"row-41 odd\">\n\t\t<td class=\"column-1\"><a href=\"https:\/\/www.biosphaere-alb.com\/wordpress\/?p=19340\">Laichingen: <font color=\"0000ff\"> Snowbike <\/font> von M\u00fcnsingen nach Laichingen&nbsp;<font color=\"ff0000\"> (Bike-Tour) <\/font><\/a><\/td><td class=\"column-2\"><\/td>\n\t<\/tr>\n\t<tr class=\"row-42 even\">\n\t\t<td class=\"column-1\"><a href=\"https:\/\/www.biosphaere-alb.com\/wordpress\/?p=16185\">Laichingen: Leinenwebertour&nbsp;<font color=\"ff0000\"> (E-Bike-Tour) <\/font><\/a><\/td><td class=\"column-2\"><\/td>\n\t<\/tr>\n\t<tr class=\"row-43 odd\">\n\t\t<td class=\"column-1\"><a href=\"https:\/\/www.biosphaere-alb.com\/wordpress\/?p=8047\">Lauterach: Tal ohne Fluss<\/a><\/td><td class=\"column-2\"><\/td>\n\t<\/tr>\n\t<tr class=\"row-44 even\">\n\t\t<td class=\"column-1\"><a href=\"https:\/\/www.biosphaere-alb.com\/wordpress\/?p=17557\">Lenninger Tal: Langesteige-Donntal<\/a><\/td><td class=\"column-2\"><\/td>\n\t<\/tr>\n\t<tr class=\"row-45 odd\">\n\t\t<td class=\"column-1\"><a href=\"https:\/\/www.biosphaere-alb.com\/wordpress\/?p=19932\">Lenninger Tal: Gutenberger Alpin-Trail<\/a><\/td><td class=\"column-2\"><\/td>\n\t<\/tr>\n\t<tr class=\"row-46 even\">\n\t\t<td class=\"column-1\"><a href=\"https:\/\/www.biosphaere-alb.com\/wordpress\/?p=11893\">Lenninger Tal: Gutenberger H\u00f6hle<\/a><\/td><td class=\"column-2\"><\/td>\n\t<\/tr>\n\t<tr class=\"row-47 odd\">\n\t\t<td class=\"column-1\"><a href=\"https:\/\/www.biosphaere-alb.com\/wordpress\/?p=11097\">Lenninger Tal: Hexensprung Owen<\/a><\/td><td class=\"column-2\"><\/td>\n\t<\/tr>\n\t<tr class=\"row-48 even\">\n\t\t<td class=\"column-1\"><a href=\"https:\/\/www.biosphaere-alb.com\/wordpress\/?p=4480\">Lenninger Tal: Streuobstland Owen<\/a><\/td><td class=\"column-2\"><\/td>\n\t<\/tr>\n\t<tr class=\"row-49 odd\">\n\t\t<td class=\"column-1\"><a href=\"https:\/\/www.biosphaere-alb.com\/wordpress\/?p=14995\">Lenninger Tal: Tobeltal Owen<\/a><\/td><td class=\"column-2\"><\/td>\n\t<\/tr>\n\t<tr class=\"row-50 even\">\n\t\t<td class=\"column-1\"><a href=\"https:\/\/www.biosphaere-alb.com\/wordpress\/?p=17114\">M\u00f6ssingen: Streuobsttouren&nbsp;<font color=\"ff0000\"> (Bike-Tour) <\/font><\/a><\/td><td class=\"column-2\"><\/td>\n\t<\/tr>\n\t<tr class=\"row-51 odd\">\n\t\t<td class=\"column-1\"><a href=\"https:\/\/www.biosphaere-alb.com\/wordpress\/?p=17122\">M\u00f6ssingen: Streuobst-Etappentour&nbsp;<font color=\"ff0000\"> (4-Tage-Bike-Tour) <\/font><\/a><\/td><td class=\"column-2\"><\/td>\n\t<\/tr>\n\t<tr class=\"row-52 even\">\n\t\t<td class=\"column-1\"><a href=\"https:\/\/www.biosphaere-alb.com\/wordpress\/?p=10400\">M\u00f6ssingen: 3-F\u00fcrstensteig<\/a><\/td><td class=\"column-2\"><\/td>\n\t<\/tr>\n\t<tr class=\"row-53 odd\">\n\t\t<td class=\"column-1\"><a href=\"https:\/\/www.biosphaere-alb.com\/wordpress\/?p=19340\">M\u00fcnsingen: <font color=\"0000ff\"> Snowbike <\/font> von M\u00fcnsingen nach Laichingen&nbsp;<font color=\"ff0000\"> (Bike-Tour) <\/font><\/a><\/td><td class=\"column-2\"><\/td>\n\t<\/tr>\n\t<tr class=\"row-54 even\">\n\t\t<td class=\"column-1\"><a href=\"https:\/\/www.biosphaere-alb.com\/wordpress\/?p=18460\">M\u00fcnsingen: Schw\u00f6rerHaus-Tour Nr. 6&nbsp;<font color=\"ff0000\"> (Bike-Tour) <\/font><\/a><\/td><td class=\"column-2\"><\/td>\n\t<\/tr>\n\t<tr class=\"row-55 odd\">\n\t\t<td class=\"column-1\"><a href=\"https:\/\/www.biosphaere-alb.com\/wordpress\/?p=17955\">M\u00fcnsingen: ALB-GOLD Tour Nr. 7&nbsp;<font color=\"ff0000\"> (Bike-Tour) <\/font><\/a><\/td><td class=\"column-2\"><\/td>\n\t<\/tr>\n\t<tr class=\"row-56 even\">\n\t\t<td class=\"column-1\"><a href=\"https:\/\/www.biosphaere-alb.com\/wordpress\/?p=17077\">M\u00fcnsingen: Schloss-Lichtenstein-Tour&nbsp;<font color=\"ff0000\"> (E-Bike-Tour) <\/font><\/a><\/td><td class=\"column-2\"><\/td>\n\t<\/tr>\n\t<tr class=\"row-57 odd\">\n\t\t<td class=\"column-1\"><a href=\"https:\/\/www.biosphaere-alb.com\/wordpress\/?p=16185\">M\u00fcnsingen: Leinenwebertour&nbsp;<font color=\"ff0000\"> (E-Bike-Tour) <\/font><\/a><\/td><td class=\"column-2\"><\/td>\n\t<\/tr>\n\t<tr class=\"row-58 even\">\n\t\t<td class=\"column-1\"><a href=\"https:\/\/www.biosphaere-alb.com\/wordpress\/?p=11601\">M\u00fcnsingen: Herrschaftszeit&nbsp;<font color=\"ff0000\"> (E-Bike-Tour) <\/font><\/a><\/td><td class=\"column-2\"><\/td>\n\t<\/tr>\n\t<tr class=\"row-59 odd\">\n\t\t<td class=\"column-1\"><a href=\"https:\/\/www.biosphaere-alb.com\/wordpress\/?p=14294\">M\u00fcnsingen: hochgehgrenzt<\/a><\/td><td class=\"column-2\"><\/td>\n\t<\/tr>\n\t<tr class=\"row-60 even\">\n\t\t<td class=\"column-1\"><a href=\"https:\/\/www.biosphaere-alb.com\/wordpress\/?p=11299\">M\u00fcnsingen: <font color=\"0000ff\"> Skilanglaufnetz <\/font><\/a><\/td><td class=\"column-2\"><\/td>\n\t<\/tr>\n\t<tr class=\"row-61 odd\">\n\t\t<td class=\"column-1\"><a href=\"https:\/\/www.biosphaere-alb.com\/wordpress\/?p=11694\">Pfullingen: Himmel &amp; Erde<\/a><\/td><td class=\"column-2\"><\/td>\n\t<\/tr>\n\t<tr class=\"row-62 even\">\n\t\t<td class=\"column-1\"><a href=\"https:\/\/www.biosphaere-alb.com\/wordpress\/?p=9846\">Pfullingen: Sagenweg Kernzone<\/a><\/td><td class=\"column-2\"><\/td>\n\t<\/tr>\n\t<tr class=\"row-63 odd\">\n\t\t<td class=\"column-1\"><a href=\"https:\/\/www.biosphaere-alb.com\/wordpress\/?p=8811\">Rechtenstein: Lebensader Wasser<\/a><\/td><td class=\"column-2\"><\/td>\n\t<\/tr>\n\t<tr class=\"row-64 even\">\n\t\t<td class=\"column-1\"><a href=\"https:\/\/www.biosphaere-alb.com\/wordpress\/?p=20326\">Reichenbach i. T\u00e4le (Hexensattel): Schlingerkurs<\/a><\/td><td class=\"column-2\"><\/td>\n\t<\/tr>\n\t<tr class=\"row-65 odd\">\n\t\t<td class=\"column-1\"><a href=\"https:\/\/www.biosphaere-alb.com\/wordpress\/?p=8709\">Reutlingen: G\u00f6nninger Seen<\/a><\/td><td class=\"column-2\"><\/td>\n\t<\/tr>\n\t<tr class=\"row-66 even\">\n\t\t<td class=\"column-1\"><a href=\"https:\/\/www.biosphaere-alb.com\/wordpress\/?p=8707\">Reutlingen: City-Runde<\/a><\/td><td class=\"column-2\"><\/td>\n\t<\/tr>\n\t<tr class=\"row-67 odd\">\n\t\t<td class=\"column-1\"><a href=\"https:\/\/www.biosphaere-alb.com\/wordpress\/?p=8708\">Reutlingen: Achalm-Trek<\/a><\/td><td class=\"column-2\"><\/td>\n\t<\/tr>\n\t<tr class=\"row-68 even\">\n\t\t<td class=\"column-1\"><a href=\"https:\/\/www.biosphaere-alb.com\/wordpress\/?p=17557\">R\u00f6merstein: Langesteige-Donntal<\/a><\/td><td class=\"column-2\"><\/td>\n\t<\/tr>\n\t<tr class=\"row-69 odd\">\n\t\t<td class=\"column-1\"><a href=\"https:\/\/www.biosphaere-alb.com\/wordpress\/?p=7971\">R\u00f6merstein: Abenteuer Kernzone<\/a><\/td><td class=\"column-2\"><\/td>\n\t<\/tr>\n\t<tr class=\"row-70 even\">\n\t\t<td class=\"column-1\"><a href=\"https:\/\/www.biosphaere-alb.com\/wordpress\/?p=8515\">R\u00f6merstein: Reise in die Vergangenheit<\/a><\/td><td class=\"column-2\"><\/td>\n\t<\/tr>\n\t<tr class=\"row-71 odd\">\n\t\t<td class=\"column-1\"><a href=\"https:\/\/www.biosphaere-alb.com\/wordpress\/?p=8689\">R\u00f6merstein: Familientour<\/a><\/td><td class=\"column-2\"><\/td>\n\t<\/tr>\n\t<tr class=\"row-72 even\">\n\t\t<td class=\"column-1\"><a href=\"https:\/\/www.biosphaere-alb.com\/wordpress\/?p=8611\">R\u00f6merstein: <font color=\"0000ff\"> Skilanglaufnetz <\/font><\/a><\/td><td class=\"column-2\"><\/td>\n\t<\/tr>\n\t<tr class=\"row-73 odd\">\n\t\t<td class=\"column-1\"><a href=\"https:\/\/www.biosphaere-alb.com\/wordpress\/?p=17036\">Schelklingen-H\u00fctten: Oberes Schmiechtal<\/a><\/td><td class=\"column-2\"><\/td>\n\t<\/tr>\n\t<tr class=\"row-74 even\">\n\t\t<td class=\"column-1\"><a href=\"https:\/\/www.biosphaere-alb.com\/wordpress\/?p=8331\">Schelklingen-Gundershofen: Talspinne<\/a><\/td><td class=\"column-2\"><\/td>\n\t<\/tr>\n\t<tr class=\"row-75 odd\">\n\t\t<td class=\"column-1\"><a href=\"https:\/\/www.biosphaere-alb.com\/wordpress\/?p=5509\">Sch\u00f6nbuch: Wildwald<\/a><\/td><td class=\"column-2\"><\/td>\n\t<\/tr>\n\t<tr class=\"row-76 even\">\n\t\t<td class=\"column-1\"><a href=\"https:\/\/www.biosphaere-alb.com\/wordpress\/?p=12400\">Sonnenb\u00fchl: Grenzg\u00e4ngerweg<\/a><\/td><td class=\"column-2\"><\/td>\n\t<\/tr>\n\t<tr class=\"row-77 odd\">\n\t\t<td class=\"column-1\"><a href=\"https:\/\/www.biosphaere-alb.com\/wordpress\/?p=15317\">Sonnenb\u00fchl: Klimaweg<\/a><\/td><td class=\"column-2\"><\/td>\n\t<\/tr>\n\t<tr class=\"row-78 even\">\n\t\t<td class=\"column-1\"><a href=\"https:\/\/www.biosphaere-alb.com\/wordpress\/?p=8742\">St. Johann: Alb-Kante<\/a><\/td><td class=\"column-2\"><\/td>\n\t<\/tr>\n\t<tr class=\"row-79 odd\">\n\t\t<td class=\"column-1\"><a href=\"https:\/\/www.biosphaere-alb.com\/wordpress\/?p=8743\">St. Johann: Radtour \u00fcbers Dach der Alb<\/a><\/td><td class=\"column-2\"><\/td>\n\t<\/tr>\n\t<tr class=\"row-80 even\">\n\t\t<td class=\"column-1\"><a href=\"https:\/\/www.biosphaere-alb.com\/wordpress\/?p=8744\">St. Johann: Im Wald \u00fcber die Alb<\/a><\/td><td class=\"column-2\"><\/td>\n\t<\/tr>\n\t<tr class=\"row-81 odd\">\n\t\t<td class=\"column-1\"><a href=\"https:\/\/www.biosphaere-alb.com\/wordpress\/?p=18604\">Trochtelfingen: T\u00e4lertour<font color=\"ff0000\"> (Bike-Tour) <\/font><\/a><\/td><td class=\"column-2\"><\/td>\n\t<\/tr>\n\t<tr class=\"row-82 even\">\n\t\t<td class=\"column-1\"><a href=\"https:\/\/www.biosphaere-alb.com\/wordpress\/?p=19976\">Weilheim: Tour de Albsteige (Lipo-Tour)<font color=\"ff0000\"> (Bike-Tour) <\/font><\/a><\/td><td class=\"column-2\"><\/td>\n\t<\/tr>\n\t<tr class=\"row-83 odd\">\n\t\t<td class=\"column-1\"><a href=\"https:\/\/www.biosphaere-alb.com\/wordpress\/?p=13142\">Weilheim: Drachentot (Limburg)<\/a><\/td><td class=\"column-2\"><\/td>\n\t<\/tr>\n\t<tr class=\"row-84 even\">\n\t\t<td class=\"column-1\"><a href=\"https:\/\/www.biosphaere-alb.com\/wordpress\/?p=13792\">Westerheim: <font color=\"0000ff\"> Skilanglaufnetz <\/font><\/a><\/td><td class=\"column-2\"><\/td>\n\t<\/tr>\n\t<tr class=\"row-85 odd\">\n\t\t<td class=\"column-1\"><a href=\"https:\/\/www.biosphaere-alb.com\/wordpress\/?p=12282\">Westerheim: Quell der Freude (Filsursprung)<\/a><\/td><td class=\"column-2\"><\/td>\n\t<\/tr>\n\t<tr class=\"row-86 even\">\n\t\t<td class=\"column-1\"><a href=\"https:\/\/www.biosphaere-alb.com\/wordpress\/?p=10999\">Wiesensteig: Albtraufg\u00e4nger \u2013 Runde Sache<\/a><\/td><td class=\"column-2\"><\/td>\n\t<\/tr>\n<\/tbody>\n<\/table>\n<\/div>\n<h3>&#8212;&#8212;&#8212;&#8212;&#8212;&#8212;&#8212;&#8212;&#8212;&#8212;&#8212;<\/h3>\n<p><a href=\"https:\/\/www.biosphaere-alb.com\/interaktive_karte\/gps_touren\/gps_biosphaere_west_ost.html\" target=\"_blank\" rel=\"noopener noreferrer\"><img loading=\"lazy\" decoding=\"async\" src=\"https:\/\/www.biosphaere-alb.com\/Archiv\/media\/GPS_logo.gif\" alt=\" \" width=\"32\" height=\"30\" align=\"absmiddle\" border=\"0\" \/><\/a> <a href=\"https:\/\/www.biosphaere-alb.com\/interaktive_karte\/media\/gps_rt_schelklingen\/zip\/Biosphaerenwanderung_RT_Schelklingen_24_STD_gpx.GPX.zip\" target=\"_blank\" rel=\"noopener noreferrer\">GPS-Download &gt;&gt;<\/a><\/p>\n<p><em><strong><span style=\"color: #800000;\">Fernwanderweg\u00a0(71 km)<\/span><\/strong>:\u00a0Biosph\u00e4rentour (GPS-Wandern Achalm (Reutlingen)- Urspring (Schelklingen))<\/em><\/p>\n<p><strong>Wie nahe eine Stadt an &#8211; nein, besser mit der Natur verbunden sein kann &#8211; zeigt diese 71-Kilometer-Etappenwanderung von Reutlingen nach Schelklingen. Schon\u00a0der erste Wegabschnitt hinauf zur Eninger Weide, dem erhabenen Wiesenplateau, lieferte den ersten Vorgeschmack auf das anspruchsvolle Profil. Es gilt, einen eigenen Rhythmus zu finden, auf den schmalen, steilen Pfaden quer durch das Biosph\u00e4rengebiet Schw\u00e4bische Alb.<\/strong><\/p>\n<p><a href=\"https:\/\/www.biosphaere-alb.com\/interaktive_karte\/PDFpool\/PDF\/24_Stundenwanderung.pdf\" target=\"_blank\" rel=\"noopener noreferrer\"><img loading=\"lazy\" decoding=\"async\" src=\"https:\/\/www.biosphaere-alb.com\/interaktive_karte\/PDFpool\/media\/pdf.gif\" alt=\"PDF-Shop\" width=\"39\" height=\"18\" align=\"absmiddle\" border=\"0\" \/><\/a><em>PDF-Download:\u00a0<\/em><em><a href=\"https:\/\/www.biosphaere-alb.com\/interaktive_karte\/PDFpool\/PDF\/24_Stundenwanderung.pdf\" target=\"_blank\" rel=\"noopener noreferrer\">Print-Artikel runterladen<\/a><\/em><\/p>\n<\/div>\n<p style=\"text-align: left;\"><img loading=\"lazy\" decoding=\"async\" class=\"alignnone\" src=\"https:\/\/www.biosphaere-alb.com\/news\/media_news\/24_stundenwanderung\/3BFW8057_aufm.jpg\" alt=\"\" width=\"320\" height=\"213\" \/><\/p>\n<p><em>Reutlingen: 24-Stunden-Wanderung durch das Biosph\u00e4rengebiet der Alb<\/em><\/p>\n<h2><span style=\"color: #808000;\">GPS-Tour (Biosph\u00e4re): Von Nord nach S\u00fcd<\/span><\/h2>\n<blockquote><p><span style=\"color: #008080;\">SPH\u00c4RE-Steckendaten\/-Profil<\/span><\/p>\n<ul>\n<li><span style=\"color: #008080;\">Start\/Ziel: Parkplatz H\u00fcle in Ortsmitte Zainingen<\/span><\/li>\n<li><span style=\"color: #008080;\">Gehzeit: 2,15 Std.\/schwer<\/span><\/li>\n<li><span style=\"color: #008080;\">Strecke: 8,0 km<\/span><\/li>\n<li><span style=\"color: #008080;\">H\u00f6henm.: 147 m<\/span><\/li>\n<li><span style=\"color: #008080;\">Profil: min. 800 m max. 860 m<\/span><\/li>\n<li><span style=\"color: #008080;\">Pause: Einkehr in Zainingen, Gasthaus Engel, Gasthaus L\u00f6wen, Vereinheim SV Zainingen (So.)<\/span><\/li>\n<li><span style=\"color: #008080;\">Grillstelle: Halde Zainingen<\/span><\/li>\n<\/ul>\n<p><span style=\"color: #008080;\"><a href=\"https:\/\/www.biosphaere-alb.com\/interaktive_karte\/media\/media_rt_schelklingen\/screenshots_gifs\/strecke_biosphaerentour_w_o.gif\" target=\"_blank\" rel=\"noopener noreferrer\"><img loading=\"lazy\" decoding=\"async\" class=\"alignnone\" src=\"https:\/\/www.biosphaere-alb.com\/interaktive_karte\/media\/media_rt_schelklingen\/screenshots_gifs\/strecke_biosphaere_w_o_300.gif\" alt=\"\" width=\"300\" height=\"182\" \/><\/a><\/span><\/p>\n<p><span style=\"color: #008080;\"><span style=\"color: #888888;\"><a href=\"https:\/\/www.biosphaere-alb.com\/interaktive_karte\/media\/media_rt_schelklingen\/screenshots_gifs\/strecke_biosphaerentour_w_o.gif\" target=\"_blank\" rel=\"noopener noreferrer\"><span style=\"color: #888888;\"><span style=\"text-decoration: underline;\">Kartendarstellung gr\u00f6\u00dfer &gt;&gt;<\/span><\/span><\/a><\/span><br \/>\n<span style=\"color: #888888;\"><em>mit freundlicher Genehmigung von\u00a0<a href=\"https:\/\/www.garmin.de\/\" target=\"_blank\" rel=\"noopener noreferrer\"><span style=\"color: #888888;\"><span style=\"text-decoration: underline;\">Garmin Deutschland<\/span><\/span><\/a><\/em><\/span><br \/>\n<\/span><\/p><\/blockquote>\n<p><strong>Ein hartes St\u00fcck Lebensweg \u00fcber die Schw\u00e4bische Alb<\/strong><\/p>\n<p style=\"text-align: left;\"><strong>Reutlingen. 4. Juli 2009:<\/strong> Der Veranstalter Rotary-Club M\u00fcnsingen schickte 80 Wanderer in Reutlingen Achalm auf die Alb. 45 kamen in Urspring an. Dazwischen: Viel Freude und lachende Gesichter, aber auch schmerzende Waden.Die Teilnehmer mussten erkennen: Die H\u00f6hen und Tiefen der Alb sind kein Zuckerschlecken. Nach den ersten 12 sonnigen Stunden meldete sich der Schlaf und die m\u00fcden Beine. In M\u00fcnsingen, weit nach Mitternacht, streckten viele Teilnehmer die Fl\u00fcgel. Doch eben das ist der Reiz einer Veranstaltung, f\u00fcr die es ohne Flei\u00df keinen Preis zu holen gibt. Training und eine Portion Wissen \u00fcber die Funktion des K\u00f6rpers unter Belastung waren Voraussetzung f\u00fcr die Ankunft im Ziel. Allerdings stellte die Biosph\u00e4renwanderung auch die mentale St\u00e4rke auf den Pr\u00fcfstand.<\/p>\n<p>Mehr zu dieser faszinierenden Veranstaltung k\u00f6nnen Sie erfahren in der neuen SPH\u00c4RE, die am 1. August 2009 erschienen ist <em><a href=\"https:\/\/www.biosphaere-alb.com\/interaktive_karte\/PDFpool\/PDF\/24_Stundenwanderung.pdf\" target=\"_blank\" rel=\"noopener noreferrer\">Print-Artikel runterladen<\/a><\/em>.<\/p>\n<p style=\"text-align: left;\">Lassen Sie sich diesen Lese-Genuss nicht entgehen. Denn: Auch geistige Nahrung gibt ein St\u00fcck Lebenskraft. In diesem Sinne will SPH\u00c4RE-Online Ihnen, liebe Leser, ein St\u00fcck bildhaften Eindruck vermitteln.<a name=\"1\"><\/a><\/p>\n<table border=\"0\" width=\"100%\" cellspacing=\"0\" cellpadding=\"5\">\n<tbody>\n<tr>\n<td bgcolor=\"#999999\" height=\"10\">\n<h5>R\u00fcckblick: So war es 2009<\/h5>\n<\/td>\n<\/tr>\n<tr>\n<td bgcolor=\"#CCCCCC\">&#8211; 80 Teilnehmer am Start, 45 kamen ins Ziel.<br \/>\n&#8211; Der zweite 24-Stunden-Biosph\u00e4renmarsch war ein toller Erfolg.<br \/>\n&#8211; Gro\u00dfe Reportage erschienen am 1. 8. 09 in SPH\u00c4RE-Print.\u00a0<a href=\"https:\/\/www.biosphaere-alb.com\/interaktive_karte\/PDFpool\/PDF\/24_Stundenwanderung.pdf\" target=\"_blank\" rel=\"noopener noreferrer\">hier &gt;&gt;\u00a0<\/a><br \/>\n&#8211; Chronologie des Marsches als SPH\u00c4RE-Dia-Show im Netz.\u00a0<a href=\"https:\/\/www.biosphaere-alb.com\/AUDIO\/SPHAERE_Diashows\/SPAERE-Diashows\/8598287E-867E-4F0B-9466-CFBA45D4F0B0.html\" target=\"_blank\" rel=\"noopener noreferrer\">hier &gt;&gt;<\/a><\/td>\n<\/tr>\n<\/tbody>\n<\/table>\n<p style=\"text-align: left;\"><a href=\"https:\/\/www.biosphaere-alb.com\/interaktive_karte\/gps_touren\/gps_biosphaere_west_ost.html\" target=\"_blank\" rel=\"noopener noreferrer\"><img loading=\"lazy\" decoding=\"async\" src=\"https:\/\/www.biosphaere-alb.com\/Archiv\/media\/GPS_logo.gif\" alt=\" \" width=\"32\" height=\"30\" align=\"absmiddle\" border=\"0\" \/><\/a><a name=\"1\"><\/a>\u00a0<a href=\"https:\/\/www.biosphaere-alb.com\/interaktive_karte\/media\/gps_rt_schelklingen\/zip\/Biosphaerenwanderung_RT_Schelklingen_24_STD_gpx.GPX.zip\" target=\"_blank\" rel=\"noopener noreferrer\">GPS-Download &gt;&gt;<\/a><\/p>\n<p style=\"text-align: left;\"><a name=\"1\"><\/a><\/p>\n<h3 style=\"text-align: left;\"><span style=\"color: #808000;\">Wegbeschreibung Biosph\u00e4renwanderung West-Ost:<\/span><\/h3>\n<p style=\"text-align: left;\"><img loading=\"lazy\" decoding=\"async\" class=\"alignleft\" src=\"https:\/\/www.biosphaere-alb.com\/interaktive_karte\/media\/media_rt_schelklingen\/tour\/IMG_2390.jpg\" alt=\"\" width=\"160\" height=\"107\" \/>Die Route des 24-Stunden-Marsches ist auch f\u00fcr Individualwanderer interessant. In Tagesetappen eingeteilt, l\u00e4sst sich ein sch\u00f6nes Wochenende gestalten. Startpunkt befindet sich an der Ach?alm, Reutlingen (Foto). Von dort geht\u00b4s bergan zur Eninger Weide. Immer am Albtrauf entlang f\u00fchren schmale Wege \u00fcber die H\u00f6llenl\u00f6cher Dettingens dann hinab nach Bad Urach. Gleich wieder hinauf zum K\u00e4ppele, danach \u00fcber schmale Pfade nach Wittlingen und wieder hinunter nach Seeburg. Durch die wilde Trailfinger Schlucht geht\u00b4s hinauf nach M\u00fcnsingen. Breite Wege durch das Heu- und Schandental fallen sanft ab bis nach Sondernach. Ein kurzer Anstieg durchs felsig romantische B\u00e4rental f\u00fchrt nach Justingen. Ein letztes Mal steil bergab, ist das Ziel in Urspring erreicht.<\/p>\n<p><em><span style=\"color: #808000;\">71,2 km: Parkplatz Achalm (Reutlingen) &#8211; Eninger Weide &#8211; H\u00f6llenl\u00f6cher &#8211; Uracher Wasserfall &#8211; Bad Urach &#8211; K\u00e4ppele &#8211; Wittlingen &#8211; Seeburg &#8211; Trailfinger Schlucht &#8211; M\u00fcnsingen &#8211; Heutal &#8211; Schandental &#8211; Sondernch &#8211; H\u00fctten &#8211; Justingen &#8211;\u00a0Urspring (Schelklingen)<\/span><\/em><\/p>\n<hr style=\"text-align: left;\" \/>\n<h3 style=\"text-align: left;\"><span style=\"color: #808000;\"><strong>SPH\u00c4RE-Diashow: Chronologie der Biosph\u00e4renwanderung<\/strong><\/span><\/h3>\n<p><img loading=\"lazy\" decoding=\"async\" class=\"alignleft\" style=\"margin-left: 5px; margin-right: 5px;\" src=\"https:\/\/www.biosphaere-alb.com\/news\/media_news\/24_stundenwanderung\/3BFW8051.jpg\" alt=\" \" width=\"125\" height=\"188\" align=\"left\" hspace=\"5\" \/><\/p>\n<p>Schlemmen und Wandern \u2013 die Verpflegung war perfekt. Sogar die B\u00fcrgermeister gaben sich als Gastgeber die Ehre: Alexander Schweizer (Eningen u. A.), Michael Hillert und Eberhard Wolf (Dettingen\/Erms, St. Johann), Elmar Rebmann (Bad Urach) und Mike M\u00fcnzing (M\u00fcnsingen) sorgten f\u00fcr das leibliche Wohl der Sportwanderer. Der M\u00fcnsinger B\u00fcrgermeister lie\u00df es sich nicht nehmen, nachts um 2 Uhr, die Maultaschen h\u00f6chstpers\u00f6nlich den Teilnehmern zu servieren.<\/p>\n<p>Nur laufen mussten die Wanderer noch selbst. Und das 24 Stunden lang von der Achalm bis Urspring. Der Marsch begann am 4. 7. 2009, um 10 Uhr in Achalm Reutlingen und endete am 5. Juli, um 10 Uhr in Urspring. Quer durch das Biosph\u00e4rengebiet erwanderten die Teilnehmer eine Strecke von 72 km mit ca. 3000 H\u00f6henmetern.<\/p>\n<p>Erleben Sie die einzelnen Stationen von Freud und Leid\u00b4 einer sch\u00f6nen Wanderung.<\/p>\n<p style=\"text-align: left;\"><a href=\"https:\/\/www.biosphaere-alb.com\/AUDIO\/SPHAERE_Diashows\/SPAERE-Diashows\/8598287E-867E-4F0B-9466-CFBA45D4F0B0.html\" target=\"_blank\" rel=\"noopener noreferrer\"><span style=\"color: #cc6600;\"><span style=\"text-decoration: underline;\">Gro\u00dfe SPH\u00c4RE Diashow &gt;&gt;<\/span><\/span><\/a><\/p>\n<p style=\"text-align: left;\"><img loading=\"lazy\" decoding=\"async\" src=\"https:\/\/www.biosphaere-alb.com\/news\/media_news\/24_stundenwanderung\/3BFW8046.jpg\" alt=\"\" width=\"160\" height=\"106\" \/> <img loading=\"lazy\" decoding=\"async\" src=\"https:\/\/www.biosphaere-alb.com\/news\/media_news\/24_stundenwanderung\/IMG_2373.jpg\" alt=\"\" width=\"160\" height=\"107\" \/><\/p>\n<h3><span style=\"color: #808000;\">Sph\u00e4re-Wissen: Langdistanzm\u00e4rsche liegen im Trend<\/span><\/h3>\n<p><img loading=\"lazy\" decoding=\"async\" class=\"alignleft\" src=\"https:\/\/www.biosphaere-alb.com\/interaktive_karte\/media\/media_rt_schelklingen\/tour\/3BFW8094.jpg\" alt=\"\" width=\"160\" height=\"106\" \/>Schon unsere V\u00e4ter waren gewaltig gut zu Fu\u00df \u2013 besonders jene Zeitgenossen, die vor rund 40 Jahren die Alpen in genagelten Lederstiefeln touristisch eroberten. So k\u00e4mpften sich Freunde der Kniebundhosen und Karohemden bereits vor 36 Jahren \u00fcber die Gebirgspfade des 43 Kilometer langen Silvretta-Ferwall-Marsch (Galt\u00fcr, 30. 8. 2009). 41 Lenze z\u00e4hlt der Karwendel-Marsch (12. 9. 2009). Diese 52 Kilometerdistanz feierte1968 Premiere. Auch in der Biosph\u00e4re haben lange M\u00e4rsche Tradition. Zum 14. Mal marschieren Gruppen unter dem Veranstaltungstitel \u201e50 + X km\u201c einmal im Jahr von Irgendwo nach Owen ins Lenninger Tal. Dieses Jahr im Mai und Juni starteten die 15-Mann-Gruppen in Stuttgart (kleines Foto).<\/p>\n<p>Neu dagegen ist der Wunsch, die Nacht zum Tag zu machen. Hier einige 24-Stunden-Wanderungen: Tannheimer Tal (50 km, 7000 Hm, 4. 9. 2009); Oberpfalz, 400 Teilnehmer (Premiere, Juni 2010); Kitzb\u00fchl, 140 Teilnehmer (Juni 2010); Karwendel (50 km, 2902 Hm, Juli 2010).<\/p>\n<p>\u2014\u2014\u2014\u2014\u2014\u2014\u2014\u2014\u2014\u2014\u2014\u2014\u2014\u2014\u2014\u2014\u2014\u2014-<\/p>\n<p><em><img loading=\"lazy\" decoding=\"async\" title=\"pdf\" src=\"https:\/\/www.biosphaere-alb.com\/wordpress\/wp-content\/uploads\/2010\/11\/pdf.gif\" alt=\"PDF-Download: Print-Artikel runterladen\" width=\"39\" height=\"18\" \/>PDF-Download:\u00a0<\/em><em><a href=\"https:\/\/www.biosphaere-alb.com\/interaktive_karte\/PDFpool\/PDF\/24_Stundenwanderung.pdf\" target=\"_blank\" rel=\"noopener noreferrer\">Print-Artikel runterladen<\/a><\/em><\/p>\n<p style=\"text-align: right;\"><em>Printausgabe: Sph\u00e4re 2\/2009, Seite 30-33<\/em><\/p>\n<p style=\"text-align: right;\">\u2014\u2014\u2014\u2014\u2014\u2014\u2014\u2014\u2014\u2014\u2014\u2014\u2014\u2014\u2014\u2014\u2014\u2014-<\/p>\n<p style=\"text-align: right;\">WEBcode #181223<\/p>\n","protected":false},"excerpt":{"rendered":"<p>GPS-Tour<br \/>\nFernwanderweg (71 km): Biosph\u00e4rentour (Reutlingen &#8211; Schelklingen)<\/p>\n<p>Wie nahe eine Stadt an &#8211; nein, besser mit der Natur verbunden sein kann &#8211; zeigt diese 71-Kilometer-Etappenwanderung von Reutlingen nach Schelklingen. Schonder erste Wegabschnitt hinauf zur Eninger Weide, dem erhabenen Wiesenplateau, lieferte den ersten Vorgeschmack auf das anspruchsvolle Profil. Es gilt, einen eigenen Rhythmus zu finden, auf den schmalen, steilen Pfaden quer durch das Biosph\u00e4rengebiet Schw\u00e4bische Alb.<\/p>\n","protected":false},"author":2,"featured_media":8053,"comment_status":"open","ping_status":"open","sticky":false,"template":"","format":"standard","meta":{"footnotes":""},"categories":[4,22],"tags":[],"class_list":["post-465","post","type-post","status-publish","format-standard","has-post-thumbnail","hentry","category-gps-wandertouren","category-printausgabe-archiv"],"_links":{"self":[{"href":"https:\/\/www.biosphaere-alb.com\/wordpress\/index.php?rest_route=\/wp\/v2\/posts\/465","targetHints":{"allow":["GET"]}}],"collection":[{"href":"https:\/\/www.biosphaere-alb.com\/wordpress\/index.php?rest_route=\/wp\/v2\/posts"}],"about":[{"href":"https:\/\/www.biosphaere-alb.com\/wordpress\/index.php?rest_route=\/wp\/v2\/types\/post"}],"author":[{"embeddable":true,"href":"https:\/\/www.biosphaere-alb.com\/wordpress\/index.php?rest_route=\/wp\/v2\/users\/2"}],"replies":[{"embeddable":true,"href":"https:\/\/www.biosphaere-alb.com\/wordpress\/index.php?rest_route=%2Fwp%2Fv2%2Fcomments&post=465"}],"version-history":[{"count":22,"href":"https:\/\/www.biosphaere-alb.com\/wordpress\/index.php?rest_route=\/wp\/v2\/posts\/465\/revisions"}],"predecessor-version":[{"id":469,"href":"https:\/\/www.biosphaere-alb.com\/wordpress\/index.php?rest_route=\/wp\/v2\/posts\/465\/revisions\/469"}],"wp:featuredmedia":[{"embeddable":true,"href":"https:\/\/www.biosphaere-alb.com\/wordpress\/index.php?rest_route=\/wp\/v2\/media\/8053"}],"wp:attachment":[{"href":"https:\/\/www.biosphaere-alb.com\/wordpress\/index.php?rest_route=%2Fwp%2Fv2%2Fmedia&parent=465"}],"wp:term":[{"taxonomy":"category","embeddable":true,"href":"https:\/\/www.biosphaere-alb.com\/wordpress\/index.php?rest_route=%2Fwp%2Fv2%2Fcategories&post=465"},{"taxonomy":"post_tag","embeddable":true,"href":"https:\/\/www.biosphaere-alb.com\/wordpress\/index.php?rest_route=%2Fwp%2Fv2%2Ftags&post=465"}],"curies":[{"name":"wp","href":"https:\/\/api.w.org\/{rel}","templated":true}]}}