{"id":4650,"date":"2012-03-01T04:07:01","date_gmt":"2012-03-01T03:07:01","guid":{"rendered":"http:\/\/www.biosphaere-alb.com\/wordpress\/?p=4650"},"modified":"2021-03-31T14:26:38","modified_gmt":"2021-03-31T12:26:38","slug":"neues-sphare-magazin","status":"publish","type":"post","link":"https:\/\/www.biosphaere-alb.com\/wordpress\/?p=4650","title":{"rendered":"Neues Sph\u00e4re-Magazin"},"content":{"rendered":"<p style=\"text-align: left;\"><em>Auszugsweise Themenvorschau Fr\u00fchlingsausgabe Heft 1\/2012 \u00a0(ab 1. April 2012 verf\u00fcgbar)<\/em><\/p>\n<p style=\"text-align: left;\"><span class=\"Apple-style-span\" style=\"color: #800000;\"><strong>SPH\u00c4RE-TITELTHEMA: Magische Orte auf der Schw\u00e4bischen Alb<\/strong><\/span><\/p>\n<p style=\"text-align: left;\">Es gibt sie noch \u2013 Orte, Naturschauspiele, Horizonte, die einen minutenlang verharren lassen &#8230;<\/p>\n<p style=\"text-align: left;\"><strong><a href=\"https:\/\/biosphaere-alb.com\/wp-shop\" target=\"_blank\" rel=\"noopener noreferrer\">Nur 10 Euro\/Jahr: Sph\u00e4re abonnieren &gt;&gt;<\/a><\/strong><!--more--><\/p>\n<p><img loading=\"lazy\" decoding=\"async\" class=\"alignnone size-full wp-image-4653\" title=\"titel_1_2012\" src=\"https:\/\/www.biosphaere-alb.com\/wordpress\/wp-content\/uploads\/2012\/03\/titel_1_2012.jpg\" alt=\"\" width=\"320\" height=\"417\" srcset=\"https:\/\/www.biosphaere-alb.com\/wordpress\/wp-content\/uploads\/2012\/03\/titel_1_2012.jpg 320w, https:\/\/www.biosphaere-alb.com\/wordpress\/wp-content\/uploads\/2012\/03\/titel_1_2012-122x160.jpg 122w, https:\/\/www.biosphaere-alb.com\/wordpress\/wp-content\/uploads\/2012\/03\/titel_1_2012-107x140.jpg 107w\" sizes=\"auto, (max-width: 320px) 100vw, 320px\" \/><\/p>\n<p style=\"text-align: left;\"><span class=\"Apple-style-span\" style=\"color: #888888;\"><em>Titelbild: Randecker Maar (Ochsenwang)<\/em><\/span><\/p>\n<h3><span style=\"color: #808000;\">Inhaltsangabe\u00a0(SPH\u00c4RE Ausgabe 1\/2012 April\/Mai\/Juni\/Juli)<\/span><\/h3>\n<p><strong>Tourismus\/Natur<\/strong><\/p>\n<ul>\n<li><strong>16 Urlaub<\/strong> Nationalparkportrait Insel Elba, Exil der Natur<\/li>\n<li><strong>20 GPS-Tour<\/strong> H\u00f6llenglut \u2013 Wanderthema bei Dettingen Erms<\/li>\n<li><strong>22 Tourismus<\/strong> Kunst- und Aktionspfad lockt ans Randecker Maar<\/li>\n<li><strong>28 Ortsportrait<\/strong> Eningen \u2013 des K\u00f6nig volkreichstes Albdorf<\/li>\n<li><strong>32 Tourismus<\/strong> Monumentaler Baumwipfelpfad soll entstehen<\/li>\n<\/ul>\n<p><strong>Magische Orte<\/strong><\/p>\n<ul>\n<li><strong>6 \u00a0Thema<\/strong> Diese Ausflugsziele m\u00fcssen Sie sehen<\/li>\n<li><strong>8 Highlight<\/strong>s Publikumsmagnete um und auf der Alb<\/li>\n<li><strong>10 Rarit\u00e4ten<\/strong> Diese Ziele kennt nicht jeder<\/li>\n<li><strong>12 Erlebnisse<\/strong> Natur erfahren und entdecken<\/li>\n<\/ul>\n<div>\n<p><strong>Wirtschaft\/Wissen<\/strong><\/p>\n<ul>\n<li><strong>14 Ern\u00e4hrung<\/strong> Die Magie des Essens \u2013 Qualit\u00e4t als Marke<\/li>\n<li><strong>33 Umwel<\/strong>t Querdenker Klaus Jllig: \u201eAutonutzung mit Verstand.\u201c<\/li>\n<\/ul>\n<p>&nbsp;<\/p>\n<\/div>\n<div>\n<p><strong>Leben\/Architektur<\/strong><\/p>\n<ul>\n<li><strong>4 Handwerk<\/strong> Schon seit 3500 Jahren backen Menschen Brot<\/li>\n<li><strong>34 Persone<\/strong>n Martin Heidegger &#8211; Kind der Alb, denkt \u00fcber die Alb<\/li>\n<\/ul>\n<p>&nbsp;<\/p>\n<\/div>\n<h3>Themenbeschreibung (SPH\u00c4RE Ausgabe 1\/2012 April\/Mai\/Juni\/Juli)<\/h3>\n<p><strong><br \/>\n<\/strong><\/p>\n<p style=\"text-align: left;\"><strong>\u00a0&#8211; Tradition &amp; Handwerk: Unser t\u00e4glich Brot gib uns heute<\/strong><\/p>\n<p style=\"text-align: left;\">Grundnahrungsmittel waren noch nie so preiswert wie heute. Maschinen ersetzen die schwere Handarbeit \u2013 auf dem Weizenfeld, wie auch in der Backstube. Doch im B\u00e4ckerhandwerk geht die Maschinenfertigung nicht einher mit Qualit\u00e4tsverlust \u2013 im Gegenteil: W\u00e4hrend in vielen industriealisierten Lebensmittelbranchen geschmacklicher Einheitsbrei den Kunden seinen guten Geschmack abgew\u00f6hnt, sch\u00e4rft der moderne B\u00e4ckersmann den kulinarischen Sinn. Heiner Beck, seines Zeichens B\u00e4ckermeister und Chef der R\u00f6mersteiner B\u00e4ckerei Becka-Beck, geh\u00f6rt zu den experimentierfreudigsten Brotmachern seiner Zunft. Dank Technik der Moderne gepaart mit Handwerkskunst serviert er seinen Kunden die pure Vielfalt des Geschmacks: Alblinsen-Brot, Brot im Glas, Dinkelbrot, Vollkornbrot, Bauernbrot, &#8230;. alleine bei diesem traditionellen Geb\u00e4ck bieten moderne B\u00e4ckereien zahlreiche Geschmacksrichtungen und Sorten.<\/p>\n<p style=\"text-align: left;\"><strong>&#8211; GPS-Wandertipp: Calwer B\u00fchl und H\u00f6llenl\u00f6cher<\/strong><\/p>\n<p style=\"text-align: left;\">Das Leben ist Ver\u00e4nderung. Die Alb ver\u00e4ndert sich st\u00e4ndig, also lebt sie. Eindrucksvoll dokumentieren die oberhalb von Dettingen talw\u00e4rts schiebenden Felsmassen die fortschreitende Erosion des Albtraufs. Die Alb wandert j\u00e4hrlich um 1,6 Millimeter zur\u00fcck. Auf 120 Metern L\u00e4nge hatte sich Gestein abgespalten und einen 35 Meter tiefen Canyon gebildet. Echt sehenswert: Leitern f\u00fchren hinab in das kleine Wanderabenteuer, in das Sie die Sph\u00e4re-Redaktion entf\u00fchren will.<\/p>\n<p style=\"text-align: left;\"><strong>&#8211; Naturlandschaften: Elba \u2013 Teil des Nationalparks Toskanisches Archipel<\/strong><\/p>\n<p style=\"text-align: left;\">Das Biosph\u00e4rengebiet Schw\u00e4bische Alb ist jung, es kann von den etablierten Naturlandschaften noch viel lernen. Daher bereist SPH\u00c4RE in loser Folge andere Reservate und Nationale Landschaften. Diesmal wird eine italienische Insel vor die Kameralinse genommen: Elba, das Exil Napoleons, der die Insel f\u00fcr knapp ein Jahr 1814\/15 mit den seinerzeit rund 10.000 Einwohnern teilte. Der franz\u00f6sische Feldherr hatte kaum einen Blick f\u00fcr die Sch\u00f6nheit dieser Insel. Darum verlie\u00df er sie im M\u00e4rz 1815, um in der geschichtstr\u00e4chtigen Schlacht bei Waterloo endg\u00fcltig unterzugehen. So begierig Menschen nach Macht streben, so souver\u00e4n bleibt die Natur am Ende immer Sieger. Wie die Flora und Fauna auf Elba in den auf engstem Raum gestauten unterschiedlichen Klimazonen zurecht kommt, erfahren Sie in der neuen Sph\u00e4re. Tropisch, trocken, feucht, Regen und Sonne auf der knapp 25 Kilometer langen Insel ist alles m\u00f6glich und zwar zur selben Zeit.<\/p>\n<p style=\"text-align: left;\"><strong>&#8211; Geschichte &amp; Personen: Weltphilosoph am Rande der Alb<\/strong><\/p>\n<p style=\"text-align: left;\">Sein Dasein vom Standpunkt der Geschichte betrachten, kann kein Mineral, keine Pflanze, auch kein Tier, sondern alleine der Mensch. Durch Betrachtungen des \u201eIn-der-Welt-Sein&#8220; erfuhr Heidegger ungeheure Popularit\u00e4t. Sein eigenes Dasein begann 1889 im pittoresken Me\u00dfkirch, zwischen Alb und Bodensee gelegen. Auf die Spuren dieses schw\u00e4bischen Lebensweges heftete sich Sph\u00e4re-Autor Marco Heinz.<\/p>\n<p style=\"text-align: left;\"><strong>&#8211; Kunst am Vulkan<\/strong><\/p>\n<p style=\"text-align: left;\">Das Randecker Maar bei Ochsenwang, der durch die Erosion angekratzte Vulkankrater, ist f\u00fcr sich alleine schon eine beeindruckende Landschaftskulisse. Wenn dann noch Kunstwerke dieses Naturdenkmal schm\u00fccken, ist ein ungew\u00f6hnliches Szenenbild dieses Naturschauspiels perfekt. Im Sommer 2012 wird ein Kunst- und Aktionspfad die Besucher ans Randecker Maar locken. Dies ist das Ergebnis eines k\u00fcnstlerischen Prozesses mit Jugendlichen und Mitarbeitern der Jugendhilfeeinrichtung Ziegelh\u00fctte unter Anleitung von und in Zusammenarbeit mit K\u00fcnstlern der n\u00e4heren Umgebung wie beispielsweise Winfried Tr\u00e4nkner aus Bissingen\/Teck. Mehr dazu lesen Sie in der neuen Sph\u00e4re.<\/p>\n<p style=\"text-align: left;\"><strong>&#8211; Neue Rubrik: Ortsportrait Eningen \/ Achalm<\/strong><\/p>\n<p style=\"text-align: left;\">Das Sph\u00e4re-Magazin hat im letzten Jahr eine neue Serie gestartet: \u201eHeimat ausschneiden und sammeln\u201c. Erfahren Sie mehr \u00fcber Ihr Nachbardorf. In einer Art Reisef\u00fchrer informiert Sph\u00e4re die Albbewohner und besonders die Albg\u00e4ste, was es zu sehen und zu wissen gibt. Dabei spielt Sph\u00e4re die wichtigsten Jahresfestivit\u00e4ten und die historischen Wurzeln in den Vordergrund. In Teil 2 gibt sich \u201edes K\u00f6nigs volkreichste Albdorf\u201c die Ehre: Tief verneigt sich das St\u00e4dtchen Eningen vor der monumentalen Albwand.<\/p>\n<p style=\"text-align: left;\"><strong>&#8211; Aufl\u00f6sung: QR-Code-Adventskalender<\/strong><\/p>\n<p style=\"text-align: left;\">Noch bis Mitte Januar konnten Sph\u00e4re-Leser mitmachen bei der L\u00f6sung der Gewinnspielfrage, die sich hinter den 24 Kalendert\u00fcrchen im Internet versteckten. Die richtige L\u00f6sung wird mit tollen Preisen belohnt. Wer hat gewonnen, wie sieht die Statistik der Antworten aus? Mehr dazu im neuen Heft.<\/p>\n<p style=\"text-align: left;\"><strong>&#8211; TERMINE<\/strong><\/p>\n<p style=\"text-align: left;\">Hock, M\u00e4rkte, Musik und viel Kultur.<\/p>\n<p style=\"text-align: left;\">&#8211; Und, und, und&#8230;<\/p>\n<p style=\"text-align: left;\">****************************************************<\/p>\n<p style=\"text-align: left;\"><strong>SPH\u00c4RE-Magazin-Profil:<\/strong> Die Sph\u00e4re begleitet das Biosph\u00e4rengebiet und stellt deren Menschen sowie die Besonderheiten der Schw\u00e4bischen Alb in den Mittelpunkt des Themenspektrums. Sie begeistert f\u00fcr Ideen, b\u00fcrgt f\u00fcr eine unabh\u00e4ngige Berichterstattung und l\u00e4dt ihre Leser zum Mitdenken und Mitmachen ein.<\/p>\n<p style=\"text-align: left;\">Mediadaten und Anzeigenpreise zum Magazin finden Sie <a href=\"https:\/\/www.biosphaere-alb.com\/wordpress\/wp-content\/uploads\/2010\/11\/SPHAERE_Mediadaten_2012.pdf\" target=\"_blank\" rel=\"noopener noreferrer\">hier &gt;&gt;<\/a><\/p>\n","protected":false},"excerpt":{"rendered":"<p>Auszugsweise Themenvorschau Fr\u00fchlingsausgabe Heft 1\/2012  (ab 1. April 2012 verf\u00fcgbar)<\/p>\n<p>SPH\u00c4RE-TITELTHEMA: Magische Orte auf der Schw\u00e4bischen Alb<\/p>\n<p>Es gibt sie noch \u2013 Orte, Naturschauspiele, Horizonte, die einen minutenlang verharren lassen &#8230;<\/p>\n","protected":false},"author":2,"featured_media":4653,"comment_status":"closed","ping_status":"closed","sticky":false,"template":"","format":"standard","meta":{"footnotes":""},"categories":[22],"tags":[],"class_list":["post-4650","post","type-post","status-publish","format-standard","has-post-thumbnail","hentry","category-printausgabe-archiv"],"_links":{"self":[{"href":"https:\/\/www.biosphaere-alb.com\/wordpress\/index.php?rest_route=\/wp\/v2\/posts\/4650","targetHints":{"allow":["GET"]}}],"collection":[{"href":"https:\/\/www.biosphaere-alb.com\/wordpress\/index.php?rest_route=\/wp\/v2\/posts"}],"about":[{"href":"https:\/\/www.biosphaere-alb.com\/wordpress\/index.php?rest_route=\/wp\/v2\/types\/post"}],"author":[{"embeddable":true,"href":"https:\/\/www.biosphaere-alb.com\/wordpress\/index.php?rest_route=\/wp\/v2\/users\/2"}],"replies":[{"embeddable":true,"href":"https:\/\/www.biosphaere-alb.com\/wordpress\/index.php?rest_route=%2Fwp%2Fv2%2Fcomments&post=4650"}],"version-history":[{"count":17,"href":"https:\/\/www.biosphaere-alb.com\/wordpress\/index.php?rest_route=\/wp\/v2\/posts\/4650\/revisions"}],"predecessor-version":[{"id":16672,"href":"https:\/\/www.biosphaere-alb.com\/wordpress\/index.php?rest_route=\/wp\/v2\/posts\/4650\/revisions\/16672"}],"wp:featuredmedia":[{"embeddable":true,"href":"https:\/\/www.biosphaere-alb.com\/wordpress\/index.php?rest_route=\/wp\/v2\/media\/4653"}],"wp:attachment":[{"href":"https:\/\/www.biosphaere-alb.com\/wordpress\/index.php?rest_route=%2Fwp%2Fv2%2Fmedia&parent=4650"}],"wp:term":[{"taxonomy":"category","embeddable":true,"href":"https:\/\/www.biosphaere-alb.com\/wordpress\/index.php?rest_route=%2Fwp%2Fv2%2Fcategories&post=4650"},{"taxonomy":"post_tag","embeddable":true,"href":"https:\/\/www.biosphaere-alb.com\/wordpress\/index.php?rest_route=%2Fwp%2Fv2%2Ftags&post=4650"}],"curies":[{"name":"wp","href":"https:\/\/api.w.org\/{rel}","templated":true}]}}