{"id":4836,"date":"2012-02-10T09:14:57","date_gmt":"2012-02-10T08:14:57","guid":{"rendered":"http:\/\/www.biosphaere-alb.com\/wordpress\/?p=4836"},"modified":"2012-02-10T09:14:57","modified_gmt":"2012-02-10T08:14:57","slug":"groster-bannwald-des-landes","status":"publish","type":"post","link":"https:\/\/www.biosphaere-alb.com\/wordpress\/?p=4836","title":{"rendered":"Gr\u00f6\u00dfter Bannwald des Landes"},"content":{"rendered":"<p style=\"text-align: left;\"><em>Rund 450 Hektar unber\u00fchrte Natur im Gro\u00dfschutzgebiet Pfrunger-Burgweiler Ried als gr\u00f6\u00dfter Bannwald des Landes ausgewiesen<\/em><\/p>\n<p style=\"text-align: left;\">&#8222;Wir weisen heute im Pfrunger-Burgweiler Ried den gr\u00f6\u00dften Bannwald des Landes aus. Auf einer Fl\u00e4che von rund 450 Hektar wird die Natur sich selbst \u00fcberlassen und eine einzigartige Moorlandschaft gesch\u00fctzt&#8220;, sagte der Ministerialdirektor im Ministerium f\u00fcr L\u00e4ndlichen Raum und Verbraucherschutz, Wolfgang Reimer, am Donnerstag (9. Februar) bei der Ausweisung<!--more--> des Bannwaldes in Ostrach-Burgweiler (Landkreis Sigmaringen). Bannw\u00e4lder sind &#8222;Totalschutzgebiete&#8220; &#8211; auf eine forstwirtschaftliche Nutzung wird hier vollst\u00e4ndig verzichtet. Diese gibt es in Baden-W\u00fcrttemberg seit \u00fcber 100 Jahren: Bereits 1911 hat die Forstverwaltung den ersten Bannwald im Nordschwarzwald ausgewiesen. Die Ausweisung von Bannw\u00e4ldern erfolgt aktuell auf der Grundlage des Waldschutzgebietsprogramms des Landesbetriebes ForstBW.<\/p>\n<p style=\"text-align: left;\">\u00a0<img loading=\"lazy\" decoding=\"async\" class=\"alignnone size-full wp-image-4838\" title=\"baum_totholz_IMG_0731\" src=\"https:\/\/www.biosphaere-alb.com\/wordpress\/wp-content\/uploads\/2012\/02\/baum_totholz_IMG_0731.jpg\" alt=\"\" width=\"320\" height=\"240\" srcset=\"https:\/\/www.biosphaere-alb.com\/wordpress\/wp-content\/uploads\/2012\/02\/baum_totholz_IMG_0731.jpg 320w, https:\/\/www.biosphaere-alb.com\/wordpress\/wp-content\/uploads\/2012\/02\/baum_totholz_IMG_0731-160x120.jpg 160w, https:\/\/www.biosphaere-alb.com\/wordpress\/wp-content\/uploads\/2012\/02\/baum_totholz_IMG_0731-140x105.jpg 140w\" sizes=\"auto, (max-width: 320px) 100vw, 320px\" \/><\/p>\n<p style=\"text-align: left;\">&#8222;Im Staatswald sind bereits \u00fcber zwei Prozent der Fl\u00e4che als Bannwald gesch\u00fctzt. Insgesamt wird derzeit auf rund sieben Prozent auf die Holznutzung verzichtet &#8211; hier steht der Naturschutz im Vordergrund. Dadurch werden wir als Land unserer Vorbildfunktion im Naturschutz gerecht&#8220;, betonte Reimer. Durch ein weiteres Biosph\u00e4rengebiet und die m\u00f6gliche Einrichtung eines Nationalparks in Baden-W\u00fcrttemberg k\u00f6nnten zehn Prozent der Fl\u00e4che im Staatswald k\u00fcnftig aus der Nutzung genommen werden, wie die nationale Biodiversit\u00e4tsstrategie der Bundesregierung vorgebe, so Reimer weiter.<\/p>\n<p style=\"text-align: left;\">\n<p style=\"text-align: left;\">Ein weiteres Ziel sei, intensiver auf dem Gebiet des Waldnaturschutzes zu forschen. Im Mittelpunkt st\u00fcnden dabei Fragen zur Biodiversit\u00e4t in stillgelegten W\u00e4ldern und die nat\u00fcrliche Walddynamik. &#8222;Bannw\u00e4lder sind viel mehr als unber\u00fchrte Natur und Freilandlabore. Sie laden den Waldbesucher zu einmaligen Naturbeobachtungen ein. Im Pfrunger-Burgweiler wird dies wird durch ein integratives Konzept beispielhaft umgesetzt, denn es erm\u00f6glicht, Natur zu erleben ohne das Schutzgebiet \u00fcber Geb\u00fchr zu belasten&#8220;, lobte der Ministerialdirektor.<\/p>\n<p style=\"text-align: left;\">\n<p style=\"text-align: left;\">&#8222;Beispielhaft ist die Weitsicht, mit der die beteiligten Forstbeh\u00f6rden die Ausweisung des Bannwaldes `Pfrunger-Burgweiler Ried` vorangebracht haben. \u00dcber Jahre wurden gezielt Fl\u00e4chenank\u00e4ufe get\u00e4tigt. Durch die herbeigef\u00fchrten Eigentumsver\u00e4nderungen ist der Bannwald nunmehr weitgehend im Eigentum der \u00f6ffentlichen Hand&#8220;, sagte der T\u00fcbinger Regierungspr\u00e4sident Hermann Strampfer, dessen Beh\u00f6rde die Ausweisung fachlich verantwortete.<\/p>\n<p style=\"text-align: left;\">\n<p style=\"text-align: left;\">&#8222;Baden-W\u00fcrttemberg ist bundesweit Vorreiter bei einer Gesamtkonzeption Waldnaturschutz. Naturschutz im Wald und nachhaltige Waldbewirtschaftung gehen Hand in Hand, \u00d6kologie und \u00d6konomie sind in einem modernen Forstbetrieb keine Gegens\u00e4tze. Das hat ForstBW schon in den ersten beiden Jahren seines Bestehens gezeigt&#8220;, so Reimer abschlie\u00dfend. Durch das seit 2010 etablierte Alt- und Totholzkonzept sei Baden-W\u00fcrttemberg heute bundesweit Spitzenreiter beim Schutz von Alt- und Totholz bewohnenden Arten in bewirtschafteten W\u00e4ldern.<\/p>\n<p style=\"text-align: left;\">\n<p style=\"text-align: left;\">\n<h3 style=\"text-align: left;\"><span style=\"color: #808000;\">Sph\u00e4re-Wissen:<\/span><\/h3>\n<p style=\"text-align: left;\"><img loading=\"lazy\" decoding=\"async\" class=\"size-full wp-image-4839 alignleft\" title=\"baum_totholz_IMG_1546\" src=\"https:\/\/www.biosphaere-alb.com\/wordpress\/wp-content\/uploads\/2012\/02\/baum_totholz_IMG_1546.jpg\" alt=\"\" width=\"125\" height=\"167\" srcset=\"https:\/\/www.biosphaere-alb.com\/wordpress\/wp-content\/uploads\/2012\/02\/baum_totholz_IMG_1546.jpg 125w, https:\/\/www.biosphaere-alb.com\/wordpress\/wp-content\/uploads\/2012\/02\/baum_totholz_IMG_1546-119x160.jpg 119w, https:\/\/www.biosphaere-alb.com\/wordpress\/wp-content\/uploads\/2012\/02\/baum_totholz_IMG_1546-104x140.jpg 104w\" sizes=\"auto, (max-width: 125px) 100vw, 125px\" \/>Bannw\u00e4lder sind nach \u00a7 32 Landeswaldgesetz gesch\u00fctzte &#8222;Waldschutzgebiete&#8220;. Sie sind sich selbst \u00fcberlassene Waldreservate. Pflegema\u00dfnahmen sind nicht erlaubt; anfallendes Holz darf nicht entnommen werden. Bannw\u00e4lder dienen der Sicherung der ungest\u00f6rten nat\u00fcrlichen Waldentwicklung. Sie sind Orte der Erhaltung oder Erneuerung nat\u00fcrlicher W\u00e4lder mit ihren Tieren und Pflanzen.<\/p>\n<p style=\"text-align: left;\">\n<p style=\"text-align: left;\">In Baden-W\u00fcrttemberg gibt es heute 129 Bannw\u00e4lder mit einer Fl\u00e4che von knapp 9.000 Hektar (inklusive den Kernzonen des Biosph\u00e4rengebietes Schw\u00e4bische Alb).<\/p>\n<p style=\"text-align: left;\">\n<h3 style=\"text-align: left;\"><span style=\"color: #808000;\">Sph\u00e4re-Karte<\/span><\/h3>\n<p style=\"text-align: left;\"><style type=\"text\/css\">#map_1 {clear: both; padding: 0px; margin: 0px; border: 0px; width: 100%; height: 100%; margin-top:0px; margin-right:0px;margin-left:0px; margin-bottom:0px; left: 0px; border-radius:0px;\nbox-shadow: none;}#map_1 img{clear: both; padding: 0px; margin: 0px; border: 0px; width: 100%; height: 100%; position: absolute; margin-top:0px; margin-right:0px;margin-left:0px; margin-bottom:0px; border-radius:0px;\nbox-shadow: none;}<\/style><div id=\"map_1\" class=\"OSM_Map\" style=\"width:320px; height:450px; overflow:hidden;padding:0px;border:none;\"><script type=\"text\/javascript\">\/* <![CDATA[ *\/(function($) { OpenLayers.ImgPath = \"https:\/\/www.biosphaere-alb.com\/wordpress\/wp-content\/plugins\/osm\/themes\/ol\/\"; map_1 = new OpenLayers.Map (\"map_1\", {            controls:[              new OpenLayers.Control.Navigation(),              new OpenLayers.Control.PanZoom(),              new OpenLayers.Control.Attribution()              ],          maxExtent: new OpenLayers.Bounds(-20037508.34,-20037508.34,20037508.34,20037508.34),          maxResolution: 156543.0399,          numZoomLevels: 19,          units: \"m\",          projection: new OpenLayers.Projection(\"EPSG:900913\"),          displayProjection: new OpenLayers.Projection(\"EPSG:4326\")      } );var lmap = new OpenLayers.Layer.OSM.Mapnik(\"Mapnik\");map_1.addLayers([lmap]);map_1.addControl(new OpenLayers.Control.ScaleLine({geodesic: true}));var lonLat = new OpenLayers.LonLat(9.384,47.911).transform(map_1.displayProjection, map_1.projection);map_1.setCenter (lonLat,10);var MarkerLayer = new OpenLayers.Layer.Markers(\"Marker\");map_1.addLayer(MarkerLayer);\n      function osm_map_1MarkerPopUpClick(a_evt){\n        if (this.popup == null){\n          this.popup = this.createPopup(this.closeBox);\n          map_1.addPopup(this.popup);\n          this.popup.show();\n        }\n        else{\n          for (var i = 0; i < map_1.popups.length; i++){\n          map_1.popups[i].hide();\n          }\n          this.popup.toggle();\n        }\n        OpenLayers.Event.stop(a_evt);\n      }\n    var map_1IconArray = [];var Mdata = {};\n        Mdata.icon = new OpenLayers.Icon(\"https:\/\/www.biosphaere-alb.com\/wordpress\/wp-content\/plugins\/osm\/icons\/wpttemp-red.png\",\n          new OpenLayers.Size(24,24),\n          new OpenLayers.Pixel(0, -24));map_1IconArray.push(Mdata);var ll = new OpenLayers.LonLat(9.39,47.908).transform(map_1.displayProjection, map_1.projection);var feature = new OpenLayers.Feature(MarkerLayer, ll, map_1IconArray[0]);feature.closeBox = true;feature.popupClass = OpenLayers.Class(OpenLayers.Popup.FramedCloud, {\"autoSize\": true, minSize: new OpenLayers.Size(150,150),\"keepInMap\": true } );feature.data.popupContentHTML = \"\";feature.data.overflow = \"hidden\";var marker = new OpenLayers.Marker(ll,map_1IconArray[0].icon.clone());marker.feature = feature;MarkerLayer.addMarker(marker);var lonLat = new OpenLayers.LonLat(9.384,47.911).transform(map_1.displayProjection, map_1.projection);map_1.setCenter (lonLat,10);})(jQuery)\/* ]]> *\/ <\/script><\/div><\/p>\n<p style=\"text-align: left;\">\n","protected":false},"excerpt":{"rendered":"<p>Rund 450 Hektar unber\u00fchrte Natur im Gro\u00dfschutzgebiet Pfrunger-Burgweiler Ried als gr\u00f6\u00dfter Bannwald des Landes ausgewiesen &#8222;Wir weisen heute im Pfrunger-Burgweiler Ried den gr\u00f6\u00dften Bannwald des Landes aus. Auf einer Fl\u00e4che von rund 450 Hektar wird die Natur sich selbst \u00fcberlassen und eine einzigartige Moorlandschaft gesch\u00fctzt&#8220;, sagte der Ministerialdirektor im Ministerium f\u00fcr L\u00e4ndlichen Raum und Verbraucherschutz, [&hellip;]<\/p>\n","protected":false},"author":2,"featured_media":4838,"comment_status":"closed","ping_status":"closed","sticky":false,"template":"","format":"standard","meta":{"footnotes":""},"categories":[14],"tags":[],"class_list":["post-4836","post","type-post","status-publish","format-standard","has-post-thumbnail","hentry","category-naturschutz"],"_links":{"self":[{"href":"https:\/\/www.biosphaere-alb.com\/wordpress\/index.php?rest_route=\/wp\/v2\/posts\/4836","targetHints":{"allow":["GET"]}}],"collection":[{"href":"https:\/\/www.biosphaere-alb.com\/wordpress\/index.php?rest_route=\/wp\/v2\/posts"}],"about":[{"href":"https:\/\/www.biosphaere-alb.com\/wordpress\/index.php?rest_route=\/wp\/v2\/types\/post"}],"author":[{"embeddable":true,"href":"https:\/\/www.biosphaere-alb.com\/wordpress\/index.php?rest_route=\/wp\/v2\/users\/2"}],"replies":[{"embeddable":true,"href":"https:\/\/www.biosphaere-alb.com\/wordpress\/index.php?rest_route=%2Fwp%2Fv2%2Fcomments&post=4836"}],"version-history":[{"count":5,"href":"https:\/\/www.biosphaere-alb.com\/wordpress\/index.php?rest_route=\/wp\/v2\/posts\/4836\/revisions"}],"predecessor-version":[{"id":4846,"href":"https:\/\/www.biosphaere-alb.com\/wordpress\/index.php?rest_route=\/wp\/v2\/posts\/4836\/revisions\/4846"}],"wp:featuredmedia":[{"embeddable":true,"href":"https:\/\/www.biosphaere-alb.com\/wordpress\/index.php?rest_route=\/wp\/v2\/media\/4838"}],"wp:attachment":[{"href":"https:\/\/www.biosphaere-alb.com\/wordpress\/index.php?rest_route=%2Fwp%2Fv2%2Fmedia&parent=4836"}],"wp:term":[{"taxonomy":"category","embeddable":true,"href":"https:\/\/www.biosphaere-alb.com\/wordpress\/index.php?rest_route=%2Fwp%2Fv2%2Fcategories&post=4836"},{"taxonomy":"post_tag","embeddable":true,"href":"https:\/\/www.biosphaere-alb.com\/wordpress\/index.php?rest_route=%2Fwp%2Fv2%2Ftags&post=4836"}],"curies":[{"name":"wp","href":"https:\/\/api.w.org\/{rel}","templated":true}]}}