{"id":5277,"date":"2012-05-09T11:26:08","date_gmt":"2012-05-09T09:26:08","guid":{"rendered":"http:\/\/www.biosphaere-alb.com\/wordpress\/?p=5277"},"modified":"2012-05-09T11:26:08","modified_gmt":"2012-05-09T09:26:08","slug":"%e2%80%9as-schnecken-bankle","status":"publish","type":"post","link":"https:\/\/www.biosphaere-alb.com\/wordpress\/?p=5277","title":{"rendered":"\u201as Schnecken-B\u00e4nkle"},"content":{"rendered":"<p style=\"text-align: left;\"><em>Reutlingen entschleunigt \u2013 ab 11. Mai laden rund 50 Schnecken-B\u00e4nkle zum Verweilen in der Innenstadt ein<\/em><\/p>\n<p style=\"text-align: left;\">\n<p style=\"text-align: left;\">Reutlingen. Ab dem 11. Mai laden rund 50 k\u00fcnstlerisch gestaltete B\u00e4nke in der gesamten Innenstadt zum Verweilen ein. Dem Besucher bietet sich somit die M\u00f6glichkeit, f\u00fcr einen Moment innezuhalten und Reutlingen aus einer neuen Perspektive zu betrachten &#8211; das Thema Entschleunigung steht hierbei im Fokus.<!--more--><\/p>\n<p style=\"text-align: left;\"><img loading=\"lazy\" decoding=\"async\" class=\"alignnone size-full wp-image-5279\" title=\"Reutlingen_Marktplatz_3BFW0\" src=\"https:\/\/www.biosphaere-alb.com\/wordpress\/wp-content\/uploads\/2012\/05\/Reutlingen_Marktplatz_3BFW0.jpg\" alt=\"\" width=\"320\" height=\"213\" srcset=\"https:\/\/www.biosphaere-alb.com\/wordpress\/wp-content\/uploads\/2012\/05\/Reutlingen_Marktplatz_3BFW0.jpg 320w, https:\/\/www.biosphaere-alb.com\/wordpress\/wp-content\/uploads\/2012\/05\/Reutlingen_Marktplatz_3BFW0-160x106.jpg 160w, https:\/\/www.biosphaere-alb.com\/wordpress\/wp-content\/uploads\/2012\/05\/Reutlingen_Marktplatz_3BFW0-140x93.jpg 140w\" sizes=\"auto, (max-width: 320px) 100vw, 320px\" \/><\/p>\n<p style=\"text-align: left;\">Gestaltet wurden die Schnecken-B\u00e4nkle von K\u00fcnstlerinnen und K\u00fcnstlern, Schulklassen, Kinderg\u00e4rten und den beteiligten Gewerbetreibenden selbst. Der Kreativit\u00e4t wurden keine Grenzen gesetzt, wodurch eine Vielzahl an unterschiedlichen B\u00e4nken entstand. \u201eBeim Rundgang k\u00f6nnen Kunstwerke unter Titeln wie beispielsweise BankVerbindung, Weisheit oder K\u00f6nigliche Auszeit bewundert werden\u201c so Ulmer, und weiter \u201eauch Schmuseb\u00e4nkchen oder Goldbank klingt vielversprechend\u201c. Vielfalt spiegelt sich auch in den verwendeten Materialien wider: Die Schiefe(r)bank der K\u00f6rperbehinderten F\u00f6rderung KBF wurde zum Beispiel aus Schiefer, Katzengold, Fossilien und Harz gestaltet.<\/p>\n<p style=\"text-align: left;\">Im Rahmen der Veranstaltungsreihe \u201eAlbSCHNECKE\u201c des Netzwerk Kultur Reutlingen e.V. vom 11. Mai bis 8. Juli werden sich auch die Stadtmarketing und Tourismus Reutlingen GmbH (StaRT) und RTaktiv e.V. mit einem gemeinsamen Projekt beteiligen. Tanja Ulmer, StaRT-Gesch\u00e4ftsf\u00fchrerin, freut sich \u00fcber diese Zusammenarbeit zwischen Kultur und Einzelhandel sowie der Gastronomie.<\/p>\n<p style=\"text-align: left;\">Bis zur gro\u00dfen Abschlussveranstaltung an der verkaufslangen Nacht \u201eGrillen &amp; Genie\u00dfen\u201c am 7. Juli k\u00f6nnen die B\u00e4nke bestaunt und als Ruhepol genutzt werden.\u00a0 \u201eIn den vergangenen zehn Jahren haben sich StaRT und RTaktiv e.V. zu einem schlagkr\u00e4ftigen Team\u00a0entwickelt\u201c, res\u00fcmiert Tanja Ulmer. \u201eDie Schnecken-B\u00e4nkle sind das j\u00fcngste Projekt. Gemeinsam wollen wir die Stadt Reutlingen in Zukunft noch st\u00e4rker nach Au\u00dfen vermarkten.\u201c Edgar Lehmann, 2. Vorsitzender von RTaktiv e.V. und Breuninger-Gesch\u00e4ftsf\u00fchrer in Reutlingen f\u00fcgt hinzu: \u201eDie Schnecken-B\u00e4nkle bieten den Besuchern der Altstadt attraktive Ruhezonen und stellen gleichzeitig die Reutlinger Kreativit\u00e4t unter Beweis. Projekte wie diese, aber auch lange Einkaufsn\u00e4chte und verkaufsoffene Sonntage unter Mottos wie Fit in den Fr\u00fchling, Grillen &amp; Genie\u00dfen der Tag der Sicherheit und Feuer &amp; Eis erh\u00f6hen die Attraktivit\u00e4t unseres Standortes und machen den gem\u00fctlichen Bummel durch Reutlingen zum Shoppingerlebnis.\u201c<\/p>\n<p style=\"text-align: left;\">\n<p style=\"text-align: left;\">Weitere Informationen finden Sie unter www.tourismus-reutlingen.de.<\/p>\n","protected":false},"excerpt":{"rendered":"<p>Reutlingen entschleunigt \u2013 ab 11. Mai laden rund 50 Schnecken-B\u00e4nkle zum Verweilen in der Innenstadt ein Reutlingen. Ab dem 11. Mai laden rund 50 k\u00fcnstlerisch gestaltete B\u00e4nke in der gesamten Innenstadt zum Verweilen ein. Dem Besucher bietet sich somit die M\u00f6glichkeit, f\u00fcr einen Moment innezuhalten und Reutlingen aus einer neuen Perspektive zu betrachten &#8211; das [&hellip;]<\/p>\n","protected":false},"author":2,"featured_media":5280,"comment_status":"closed","ping_status":"closed","sticky":false,"template":"","format":"standard","meta":{"footnotes":""},"categories":[1],"tags":[],"class_list":["post-5277","post","type-post","status-publish","format-standard","has-post-thumbnail","hentry","category-allgemein"],"_links":{"self":[{"href":"https:\/\/www.biosphaere-alb.com\/wordpress\/index.php?rest_route=\/wp\/v2\/posts\/5277","targetHints":{"allow":["GET"]}}],"collection":[{"href":"https:\/\/www.biosphaere-alb.com\/wordpress\/index.php?rest_route=\/wp\/v2\/posts"}],"about":[{"href":"https:\/\/www.biosphaere-alb.com\/wordpress\/index.php?rest_route=\/wp\/v2\/types\/post"}],"author":[{"embeddable":true,"href":"https:\/\/www.biosphaere-alb.com\/wordpress\/index.php?rest_route=\/wp\/v2\/users\/2"}],"replies":[{"embeddable":true,"href":"https:\/\/www.biosphaere-alb.com\/wordpress\/index.php?rest_route=%2Fwp%2Fv2%2Fcomments&post=5277"}],"version-history":[{"count":1,"href":"https:\/\/www.biosphaere-alb.com\/wordpress\/index.php?rest_route=\/wp\/v2\/posts\/5277\/revisions"}],"predecessor-version":[{"id":5281,"href":"https:\/\/www.biosphaere-alb.com\/wordpress\/index.php?rest_route=\/wp\/v2\/posts\/5277\/revisions\/5281"}],"wp:featuredmedia":[{"embeddable":true,"href":"https:\/\/www.biosphaere-alb.com\/wordpress\/index.php?rest_route=\/wp\/v2\/media\/5280"}],"wp:attachment":[{"href":"https:\/\/www.biosphaere-alb.com\/wordpress\/index.php?rest_route=%2Fwp%2Fv2%2Fmedia&parent=5277"}],"wp:term":[{"taxonomy":"category","embeddable":true,"href":"https:\/\/www.biosphaere-alb.com\/wordpress\/index.php?rest_route=%2Fwp%2Fv2%2Fcategories&post=5277"},{"taxonomy":"post_tag","embeddable":true,"href":"https:\/\/www.biosphaere-alb.com\/wordpress\/index.php?rest_route=%2Fwp%2Fv2%2Ftags&post=5277"}],"curies":[{"name":"wp","href":"https:\/\/api.w.org\/{rel}","templated":true}]}}