{"id":5564,"date":"2012-03-10T09:44:48","date_gmt":"2012-03-10T08:44:48","guid":{"rendered":"http:\/\/www.biosphaere-alb.com\/wordpress\/?p=5564"},"modified":"2021-10-12T11:32:39","modified_gmt":"2021-10-12T09:32:39","slug":"der-rothirsch-will-heim-ins-biospharengebiet","status":"publish","type":"post","link":"https:\/\/www.biosphaere-alb.com\/wordpress\/?p=5564","title":{"rendered":"Der Rothirsch will heim in die Biosph\u00e4re"},"content":{"rendered":"<p>Der Rothirsch will \u201eheim\u201c ins Biosph\u00e4rengebiet. Das soll sich nach Meinung des M\u00fcnsinger FDP-Landtagsabgeordneten Andreas Gl\u00fcck f\u00fcr das Gro\u00dfschutzgebiet auf der Schw\u00e4bischen Alb \u00e4ndern. <!--more-->Die derzeitige gesetzliche Regelung sieht jedoch ein Abschussgebot f\u00fcr Rotwild au\u00dferhalb ausgewiesener Rotwildgebiete vor. So bleibt als M\u00f6glichkeit, einen Hirsch zu sehen, nur ein Besuch am Rande des UNESCO Biosph\u00e4renreservats im Laichinger Wildgehege f\u00fcr Rotwild und Wildschweine oder ein Ausflug in den Sch\u00f6nbuch.<\/p>\n<p>In einer\u00a0<strong><a href=\"https:\/\/www.landtag-bw.de\/WP15\/Drucksachen\/Txt\/15_1348.pdf\" target=\"_blank\" rel=\"noopener noreferrer\">Landtagsinitiative<\/a>\u00a0<\/strong>fordert er die Landesregierung auf, dieses Abschussgebot aufzuheben und damit die Zuwanderung des baden-w\u00fcrttembergischen Wappentiers in das einzige Biosph\u00e4rengebiet im Land wieder zuzulassen.<\/p>\n<p>F\u00fcr eine R\u00fcckkehr spricht einiges: Die im Land zur\u00fcckgedr\u00e4ngte Tierart braucht wieder eine geeignete R\u00fcckzugm\u00f6glichkeit. Die Arbeitsgruppe Rotwild des Landesjagdverbandes kommt zu folgender Forderung: \u201eUnsere Gesellschaft ist verpflichtet, den Europ\u00e4ischen Rothirsch als sch\u00fctzenswerte Art und als Kulturgut in geeigneten Lebensr\u00e4umen unter Beachtung seines arttypischen Verhaltens zu erhalten.\u201c<\/p>\n<p>In der Tat kann das Rotwild insbesondere im Biosph\u00e4rengebiet Schw\u00e4bische Alb neben der Sch\u00e4ferei einen wichtigen Beitrag zur Offenhaltung einer besonderen Kulturlandschaft leisten. Das Biosph\u00e4rengebiet eignet sich aufgrund seiner geographischen Lage hervorragend als \u00f6kologischer Trittstein f\u00fcr eine Rotwildwanderung zwischen Rotwildgebieten entlang nat\u00fcrlicher Wildwanderwege.<\/p>\n<p>Die Wiederzulassung einer Gro\u00dfwildtierart bedeutet eine Verbesserung der Biodiversit\u00e4t. Durch bereits jetzt schon zahlreiche gef\u00fchrte Biosph\u00e4renwandertouren k\u00f6nnte dar\u00fcber hinaus das Rotwild f\u00fcr eine gro\u00dfe Anzahl Menschen erlebbar gemacht werden. Frank Simon, offizieller Bildungspartner und Mitentwickler des Rahmenkonzepts f\u00fcr das Biosph\u00e4rengebiet Schw\u00e4bische Alb im Arbeitskreis \u201eWald, Holz und Jagd\u201c bekr\u00e4ftigt dies:\u00a0\u201eWenn sich Baden-W\u00fcrttemberg zum sechzigsten Geburtstag sein Wappentier, den Rothirsch, im Biosph\u00e4rengebiet schenkt, schenke ich meinen Kindern das Erleben dazu.\u201c<\/p>\n<p>Andreas Gl\u00fcck fordert die Landesregierung in einem Antrag der FDP\/DVP-Landtagsfraktion auf, das Abschussgebot f\u00fcr Rotwild auszusetzen und so die nat\u00fcrliche Zuwanderung des Rotwilds in seine angestammte Heimat wieder zu erm\u00f6glichen. Dar\u00fcber hinaus solle die Landesregierung ein geeignetes Wildkorridorkonzept erarbeiten und nach einer Aussetzung des Abschussgebots die Auswirkungen auf Natur, Land- und Forstwirtschaft und Verkehr wissenschaftlich begleiten. \u201eDer Tourismus und die regionale Wertsch\u00f6pfung sind zwei wesentliche S\u00e4ulen f\u00fcr den Erfolg des Biosph\u00e4renkonzepts. Der Hirsch soll ein Teil davon sein. Er geh\u00f6rt zum Landeskulturgut, aber auch ganz besonders zur Identit\u00e4t unserer Region\u201c, so Andreas Gl\u00fcck.<\/p>\n<p><strong><a href=\"https:\/\/www9.landtag-bw.de\/WP15\/Drucksachen\/Txt\/15_1348.pdf\" target=\"_blank\" rel=\"noopener noreferrer\">Zum Antrag &gt;&gt;<\/a><\/strong><\/p>\n<p>&#8212;&#8212;&#8212;&#8212;&#8212;&#8212;&#8212;&#8212;&#8212;&#8212;&#8212;&#8211;<\/p>\n<p>&nbsp;<\/p>\n<p>WEBcode #12211<\/p>\n<p>&nbsp;<\/p>\n<p>&nbsp;<\/p>\n<p>&nbsp;<\/p>\n<p>&nbsp;<\/p>\n<p>&nbsp;<\/p>\n<p>&nbsp;<\/p>\n","protected":false},"excerpt":{"rendered":"<p>Der Rothirsch will \u201eheim\u201c ins Biosph\u00e4rengebiet. Das soll sich nach Meinung des M\u00fcnsinger FDP-Landtagsabgeordneten Andreas Gl\u00fcck f\u00fcr das Gro\u00dfschutzgebiet auf der Schw\u00e4bischen Alb \u00e4ndern.<\/p>\n","protected":false},"author":2,"featured_media":0,"comment_status":"closed","ping_status":"closed","sticky":false,"template":"","format":"standard","meta":{"footnotes":""},"categories":[14],"tags":[],"class_list":["post-5564","post","type-post","status-publish","format-standard","hentry","category-naturschutz"],"_links":{"self":[{"href":"https:\/\/www.biosphaere-alb.com\/wordpress\/index.php?rest_route=\/wp\/v2\/posts\/5564","targetHints":{"allow":["GET"]}}],"collection":[{"href":"https:\/\/www.biosphaere-alb.com\/wordpress\/index.php?rest_route=\/wp\/v2\/posts"}],"about":[{"href":"https:\/\/www.biosphaere-alb.com\/wordpress\/index.php?rest_route=\/wp\/v2\/types\/post"}],"author":[{"embeddable":true,"href":"https:\/\/www.biosphaere-alb.com\/wordpress\/index.php?rest_route=\/wp\/v2\/users\/2"}],"replies":[{"embeddable":true,"href":"https:\/\/www.biosphaere-alb.com\/wordpress\/index.php?rest_route=%2Fwp%2Fv2%2Fcomments&post=5564"}],"version-history":[{"count":8,"href":"https:\/\/www.biosphaere-alb.com\/wordpress\/index.php?rest_route=\/wp\/v2\/posts\/5564\/revisions"}],"predecessor-version":[{"id":17217,"href":"https:\/\/www.biosphaere-alb.com\/wordpress\/index.php?rest_route=\/wp\/v2\/posts\/5564\/revisions\/17217"}],"wp:attachment":[{"href":"https:\/\/www.biosphaere-alb.com\/wordpress\/index.php?rest_route=%2Fwp%2Fv2%2Fmedia&parent=5564"}],"wp:term":[{"taxonomy":"category","embeddable":true,"href":"https:\/\/www.biosphaere-alb.com\/wordpress\/index.php?rest_route=%2Fwp%2Fv2%2Fcategories&post=5564"},{"taxonomy":"post_tag","embeddable":true,"href":"https:\/\/www.biosphaere-alb.com\/wordpress\/index.php?rest_route=%2Fwp%2Fv2%2Ftags&post=5564"}],"curies":[{"name":"wp","href":"https:\/\/api.w.org\/{rel}","templated":true}]}}