{"id":6268,"date":"2010-12-12T13:06:35","date_gmt":"2010-12-12T12:06:35","guid":{"rendered":"http:\/\/www.biosphaere-alb.com\/wordpress\/?p=6268"},"modified":"2013-01-18T07:36:20","modified_gmt":"2013-01-18T06:36:20","slug":"freizeitziele-schwabische-alb","status":"publish","type":"post","link":"https:\/\/www.biosphaere-alb.com\/wordpress\/?p=6268","title":{"rendered":"\u00dcbersichtskarte: Alle Freizeittipps"},"content":{"rendered":"<p><em><!--more--><\/em><\/p>\n<p><span style=\"color: #ff6600;\"><strong>Freizeitziele Schw\u00e4bische Alb<\/strong><\/span><\/p>\n<p><em><span class=\"Apple-style-span\" style=\"font-style: normal;\"><em>\t\t<div id=\"maps-marker-pro-1ea2c58e\" class=\"maps-marker-pro\" style=\"width: 100%;\">\n\t\t\t<div id=\"mmp-map-wrap-1ea2c58e\" class=\"mmp-map-wrap\">\n\t\t\t\t\t\t\t\t\t<div id=\"mmp-panel-1ea2c58e\" class=\"mmp-panel\"><\/div>\n\t\t\t\t\t\t\t\t<div id=\"mmp-map-1ea2c58e\" class=\"mmp-map\" style=\"height: 400px;\"><\/div>\n\t\t\t\t\t\t\t<\/div>\n\t\t\t\t\t<\/div>\n\t\t<\/em><\/span><\/em><\/p>\n<div>&#8212;&#8212;&#8212;&#8212;&#8212;&#8212;&#8212;&#8212;&#8212;&#8212;&#8212;&#8212;&#8212;&#8212;&#8212;-<\/div>\n<p><em>Schw\u00e4bische Alb Urlaubsplaner<\/em><\/p>\n<p><strong>Dort, wo 100 Jahre Soldatenstiefel klapperten, herrscht nun Frieden und Einklang mit der Natur. Auf der Schw\u00e4bischen Alb, rund um den ehemaligen Truppen\u00fcbungsplatz M\u00fcnsingen schl\u00e4gt das Herz des Biosph\u00e4rengebietes. So etwas strahlt aus. Der gesamte Gebirgszugs von Ellwangen bis zur Westalb bei Tuttlingen wird nun in einem Atemzug genannt mit den spektakul\u00e4rsten UNESCO-Gro\u00dfschutzgebieten der Erde.<\/strong><\/p>\n<p><img loading=\"lazy\" decoding=\"async\" class=\"alignnone size-full wp-image-6278\" title=\"Wandern_Kinder_IMG_1198\" src=\"https:\/\/www.biosphaere-alb.com\/wordpress\/wp-content\/uploads\/2010\/12\/Wandern_Kinder_IMG_1198.jpg\" alt=\"\" width=\"512\" height=\"502\" srcset=\"https:\/\/www.biosphaere-alb.com\/wordpress\/wp-content\/uploads\/2010\/12\/Wandern_Kinder_IMG_1198.jpg 640w, https:\/\/www.biosphaere-alb.com\/wordpress\/wp-content\/uploads\/2010\/12\/Wandern_Kinder_IMG_1198-160x157.jpg 160w, https:\/\/www.biosphaere-alb.com\/wordpress\/wp-content\/uploads\/2010\/12\/Wandern_Kinder_IMG_1198-326x320.jpg 326w, https:\/\/www.biosphaere-alb.com\/wordpress\/wp-content\/uploads\/2010\/12\/Wandern_Kinder_IMG_1198-140x137.jpg 140w\" sizes=\"auto, (max-width: 512px) 100vw, 512px\" \/><\/p>\n<p>Die Alb ist 220 Kilometer lang und 50 breit. Im Jahre 2009 hat die UNESCO den mittleren Teil um M\u00fcnsingen zum Biosph\u00e4rengebiet Schw\u00e4bische Alb geadelt. Kernzonen, Pflege- und Entwicklungsregionen regeln den Schutz der Natur. Dieser Teil der Schw\u00e4bischen Alb mit dem ehemaligen Truppen\u00fcbungsplatz bei M\u00fcnsingen aber soll auch Modellgebiet f\u00fcr nachhaltiges Wirtschaften, Denken und Erholen sein.<\/p>\n<p>Die Besucher der Alb sind daher mehr als erw\u00fcnscht, denn die Biosph\u00e4re, ja die gesamte Schw\u00e4bische Alb, will mit ihren touristischen Angeboten und Lebensweisen das Bewusstsein sch\u00e4rfen f\u00fcr die Heimat, die Vergangenheit und die Zukunft.<\/p>\n<p>Der Sph\u00e4re-Verlag hat f\u00fcr Sie, liebe App-User, exemplarisch erlesene Ausflugsziele als Karten-Sammlung in dieser Rubrik zusammengestellt. Erleben Sie Zeitgeschichte im Milit\u00e4rmuseum im Alten Lager des ehemaligen Truppen\u00fcbungsplatzes M\u00fcnsingen, lernen Sie Urgeschichte am Blautopf oder f\u00fchlen Sie einfach Ihre Heimat beim Besuch des Freilichtmuseums Beuren.\u00a0Ziehen Sie Ihre Wanderstiefel an \u2013 und los geht\u00b4s.<\/p>\n<p style=\"text-align: left;\"><em><br \/>\n<\/em><\/p>\n","protected":false},"excerpt":{"rendered":"<p>Sehenswert: Urlaub- und Freizeitplaner<\/p>\n<p>Dort, wo 100 Jahre Soldatenstiefel klapperten, herrscht nun Frieden und Einklang mit der Natur. Auf der Schw\u00e4bischen Alb, rund um den ehemaligen Truppen\u00fcbungsplatz M\u00fcnsingen schl\u00e4gt das Herz des Biosph\u00e4rengebietes. So etwas strahlt aus. Der gesamte Gebirgszugs von Ellwangen bis zur Westalb bei Tuttlingen wird nun in einem Atemzug genannt mit den spektakul\u00e4rsten UNESCO-Gro\u00dfschutzgebieten der Erde.<\/p>\n","protected":false},"author":2,"featured_media":6278,"comment_status":"closed","ping_status":"closed","sticky":false,"template":"","format":"standard","meta":{"footnotes":""},"categories":[77],"tags":[],"class_list":["post-6268","post","type-post","status-publish","format-standard","has-post-thumbnail","hentry","category-app-edition-karten"],"_links":{"self":[{"href":"https:\/\/www.biosphaere-alb.com\/wordpress\/index.php?rest_route=\/wp\/v2\/posts\/6268","targetHints":{"allow":["GET"]}}],"collection":[{"href":"https:\/\/www.biosphaere-alb.com\/wordpress\/index.php?rest_route=\/wp\/v2\/posts"}],"about":[{"href":"https:\/\/www.biosphaere-alb.com\/wordpress\/index.php?rest_route=\/wp\/v2\/types\/post"}],"author":[{"embeddable":true,"href":"https:\/\/www.biosphaere-alb.com\/wordpress\/index.php?rest_route=\/wp\/v2\/users\/2"}],"replies":[{"embeddable":true,"href":"https:\/\/www.biosphaere-alb.com\/wordpress\/index.php?rest_route=%2Fwp%2Fv2%2Fcomments&post=6268"}],"version-history":[{"count":20,"href":"https:\/\/www.biosphaere-alb.com\/wordpress\/index.php?rest_route=\/wp\/v2\/posts\/6268\/revisions"}],"predecessor-version":[{"id":6273,"href":"https:\/\/www.biosphaere-alb.com\/wordpress\/index.php?rest_route=\/wp\/v2\/posts\/6268\/revisions\/6273"}],"wp:featuredmedia":[{"embeddable":true,"href":"https:\/\/www.biosphaere-alb.com\/wordpress\/index.php?rest_route=\/wp\/v2\/media\/6278"}],"wp:attachment":[{"href":"https:\/\/www.biosphaere-alb.com\/wordpress\/index.php?rest_route=%2Fwp%2Fv2%2Fmedia&parent=6268"}],"wp:term":[{"taxonomy":"category","embeddable":true,"href":"https:\/\/www.biosphaere-alb.com\/wordpress\/index.php?rest_route=%2Fwp%2Fv2%2Fcategories&post=6268"},{"taxonomy":"post_tag","embeddable":true,"href":"https:\/\/www.biosphaere-alb.com\/wordpress\/index.php?rest_route=%2Fwp%2Fv2%2Ftags&post=6268"}],"curies":[{"name":"wp","href":"https:\/\/api.w.org\/{rel}","templated":true}]}}